{"id":54405,"date":"2021-09-30T16:36:03","date_gmt":"2021-09-30T16:36:03","guid":{"rendered":"https:\/\/jorgezanoni.com.br\/2019\/?p=54405"},"modified":"2021-09-30T16:36:03","modified_gmt":"2021-09-30T16:36:03","slug":"diferentes-demandas-ampliam-o-mercado-de-trabalho-para-profissionais-de-tecnologia","status":"publish","type":"post","link":"https:\/\/jorgezanoni.com.br\/2019\/diferentes-demandas-ampliam-o-mercado-de-trabalho-para-profissionais-de-tecnologia\/","title":{"rendered":"Diferentes demandas ampliam o mercado de trabalho para profissionais de tecnologia"},"content":{"rendered":"<p style=\"text-align: justify;\"><span style=\"font-size: large;\">A falta de profissionais qualificados tem garantido empregabilidade, em especial, para estudantes e rec\u00e9m-formados, al\u00e9m de manter uma m\u00e9dia salarial bem atrativa para aqueles que escolhem cursar An\u00e1lise e Desenvolvimento de Sistemas, segundo o Prof. Me. Alessandro Fornari, coordenador do curso na Unifadra Dracena.<\/span><\/p>\n<p><span style=\"font-size: large;\">&#8220;Temos quase 90% dos alunos formados em 2019 e 2020 atuando na \u00e1rea aqui na regi\u00e3o, em cargos como analista e programador full stack, por exemplo. Nosso curso forma profissionais capazes de desenvolver, analisar, projetar, implementar e atualizar sistemas de informa\u00e7\u00e3o para diversos setores de atividades&#8221;, ressalta o coordenador.<\/span><\/p>\n<p><span style=\"font-size: large;\">&#8220;Na Unifadra, no \u00faltimo ano do curso de An\u00e1lise e Desenvolvimento de Sistemas, temos a auditoria de sistemas de informa\u00e7\u00e3o, que capacita o aluno a compreender e assegurar informa\u00e7\u00f5es seguindo as normas da ISO 27001 (padr\u00e3o e refer\u00eancia internacional para a gest\u00e3o da seguran\u00e7a da informa\u00e7\u00e3o). Com a recente implanta\u00e7\u00e3o da LGPD, nossos alunos podem ser auditores, identificando falhas tanto no sistema como no perfil profissional de usu\u00e1rios, em diversos tipos de institui\u00e7\u00f5es e empresas. E este \u00e9 um profissional muito requisitado no momento&#8221;, complementa Fornari.<\/span><\/p>\n<p><span style=\"font-size: large;\">Segundo o coordenador, as atividades extracurriculares da Unifadra tamb\u00e9m s\u00e3o relevantes para o mercado de trabalho, como a programa\u00e7\u00e3o de computa\u00e7\u00e3o embarcada, que \u00e9 a programa\u00e7\u00e3o desenvolvida em chips para as mais diversas fun\u00e7\u00f5es, que v\u00e3o desde sensores (acendimento de luzes) a itens para casas inteligentes (de sistemas conectados para monitoramento e controle de fun\u00e7\u00f5es como temperatura, multim\u00eddia, portas e janelas), automa\u00e7\u00e3o industrial e mesmo intelig\u00eancia artificial (que tamb\u00e9m realiza atividades repetitivas, mas analisa dados e &#8220;aprende&#8221; para uma tomada de decis\u00e3o).<\/span><\/p>\n<p><span style=\"font-size: large;\">As ferramentas digitais tornaram-se uma infraestrutura indispens\u00e1vel em todos os setores. Assim, as op\u00e7\u00f5es de atua\u00e7\u00e3o dentro do mercado de trabalho para profissionais de tecnologia se ampliaram (inclusive com o surgimento de novas profiss\u00f5es) e os sal\u00e1rios s\u00e3o os mais variados, iniciando na casa de\u00a0<\/span>R$ 2.000,00<span style=\"font-size: large;\">\u00a0e podendo atingir patamares de dois d\u00edgitos. Al\u00e9m das vagas locais, \u00e9 poss\u00edvel atuar em home office e trabalhar para empresas fora de sua regi\u00e3o, de outros estados ou at\u00e9 de outros pa\u00edses.<\/span><\/p>\n<p><span style=\"font-size: large;\">Outro fator relevante \u00e9 que a pandemia acelerou a transforma\u00e7\u00e3o digital em 72% das empresas, segundo aponta a pesquisa realizada pelo The Economist Intelligence Unit (EIU), a pedido da Microsoft, e divulgada em maio deste ano (2021).<\/span><\/p>\n<p><span style=\"font-size: large;\">Isto tamb\u00e9m impulsionou as chamadas profiss\u00f5es emergentes (como analista de ciberseguran\u00e7a, cientista de dados, especialista em Cloud ou intelig\u00eancia artificial ou Blockchain, por exemplo &#8211; que foram surgindo devido \u00e0s novas demandas do mercado de trabalho) e exigiu que empresas do mundo todo implantassem o trabalho remoto (trabalho \u00e0 dist\u00e2ncia, home office) para continuarem suas atividades.<\/span><\/p>\n<p><span style=\"font-size: large;\">Cada vez mais, o trabalho do profissional de tecnologia da informa\u00e7\u00e3o ser\u00e1 requisitado em todas as \u00e1reas para atender \u00e0s novas necessidades &#8211; que estar\u00e3o em constante transforma\u00e7\u00e3o &#8211; e os alunos devem estar atentos a todas estas oportunidades, sempre de olho em profiss\u00f5es emergentes de seu interesse.<\/span><\/p>\n<p><span style=\"font-size: large;\"><b>Fa\u00e7a An\u00e1lise e Desenvolvimento de Sistemas na Unifadra!<\/b><\/span><\/p>\n<p><span style=\"font-size: large;\">O Vestibular 2021 da Unifadra Dracena est\u00e1 com inscri\u00e7\u00f5es abertas at\u00e9 27 de outubro. O candidato pode optar por uma das tr\u00eas formas de ingresso: 1. usar a nota do ENEM, 2. fazer o vestibular agendado presencial ou 3. realizar a prova on-line.<\/span><\/p>\n<p><span style=\"font-size: large;\"><b>N\u00e3o esque\u00e7a!<\/b><\/span><br \/>\n<span style=\"font-size: large;\"><b>Inscri\u00e7\u00e3o: at\u00e9 27\/10<\/b>\u00a0pelo site:\u00a0<a href=\"http:\/\/www.fundec.edu.br\/unifadra\/vestibular\" target=\"_blank\" rel=\"noopener noreferrer\">www.fundec.edu.br\/unifadra\/vestibular<\/a><\/span><\/p>\n<p><span style=\"font-size: large;\"><b>Matr\u00edcula: at\u00e9 29\/10<\/b>, de segunda a sexta-feira das 8h30 \u00e0s 11h30 e das 14h \u00e0s 16h30<\/span><br \/>\n<span style=\"font-size: large;\"><b>Benef\u00edcio<\/b>: isen\u00e7\u00e3o da taxa de matr\u00edcula e 20% de desconto nas mensalidades do curso escolhido<\/span><br \/>\n<span style=\"font-size: large;\"><b>Informa\u00e7\u00f5es<\/b>: (18) 3821-9008 ou (18) 99634-0383 ou pelo e-mail\u00a0<a href=\"mailto:secretaria@fundec.edu.br\" rel=\"noreferrer\">secretaria@fundec.edu.br<\/a><\/span><\/p>\n<p>Fonte: Departamento de Comunica\u00e7\u00e3o Fundec<\/p>\n","protected":false},"excerpt":{"rendered":"<p>A falta de profissionais qualificados tem garantido empregabilidade, em especial, para estudantes e rec\u00e9m-formados, al\u00e9m de manter uma m\u00e9dia salarial bem atrativa para aqueles que escolhem cursar An\u00e1lise e Desenvolvimento de Sistemas, segundo o Prof. Me. Alessandro Fornari, coordenador do curso na Unifadra Dracena. &#8220;Temos quase 90% dos alunos formados em 2019 e 2020 atuando [&hellip;]<\/p>\n","protected":false},"author":1,"featured_media":54406,"comment_status":"closed","ping_status":"open","sticky":false,"template":"","format":"standard","meta":{"footnotes":""},"categories":[110,122],"tags":[],"class_list":["post-54405","post","type-post","status-publish","format-standard","has-post-thumbnail","hentry","category-noticiasdestaque","category-saudeeducacaoeconcurso"],"_links":{"self":[{"href":"https:\/\/jorgezanoni.com.br\/2019\/wp-json\/wp\/v2\/posts\/54405","targetHints":{"allow":["GET"]}}],"collection":[{"href":"https:\/\/jorgezanoni.com.br\/2019\/wp-json\/wp\/v2\/posts"}],"about":[{"href":"https:\/\/jorgezanoni.com.br\/2019\/wp-json\/wp\/v2\/types\/post"}],"author":[{"embeddable":true,"href":"https:\/\/jorgezanoni.com.br\/2019\/wp-json\/wp\/v2\/users\/1"}],"replies":[{"embeddable":true,"href":"https:\/\/jorgezanoni.com.br\/2019\/wp-json\/wp\/v2\/comments?post=54405"}],"version-history":[{"count":0,"href":"https:\/\/jorgezanoni.com.br\/2019\/wp-json\/wp\/v2\/posts\/54405\/revisions"}],"wp:featuredmedia":[{"embeddable":true,"href":"https:\/\/jorgezanoni.com.br\/2019\/wp-json\/wp\/v2\/media\/54406"}],"wp:attachment":[{"href":"https:\/\/jorgezanoni.com.br\/2019\/wp-json\/wp\/v2\/media?parent=54405"}],"wp:term":[{"taxonomy":"category","embeddable":true,"href":"https:\/\/jorgezanoni.com.br\/2019\/wp-json\/wp\/v2\/categories?post=54405"},{"taxonomy":"post_tag","embeddable":true,"href":"https:\/\/jorgezanoni.com.br\/2019\/wp-json\/wp\/v2\/tags?post=54405"}],"curies":[{"name":"wp","href":"https:\/\/api.w.org\/{rel}","templated":true}]}}