{"id":54383,"date":"2021-09-30T12:54:51","date_gmt":"2021-09-30T12:54:51","guid":{"rendered":"https:\/\/jorgezanoni.com.br\/2019\/?p=54383"},"modified":"2021-09-30T12:54:51","modified_gmt":"2021-09-30T12:54:51","slug":"sobe-para-12-no-de-mortos-em-acidente-entre-onibus-van-e-caminhao-que-transportava-eucalipto-na-br-101","status":"publish","type":"post","link":"https:\/\/jorgezanoni.com.br\/2019\/sobe-para-12-no-de-mortos-em-acidente-entre-onibus-van-e-caminhao-que-transportava-eucalipto-na-br-101\/","title":{"rendered":"Sobe para 12 n\u00ba de mortos em acidente entre \u00f4nibus, van e caminh\u00e3o que transportava eucalipto na BR-101"},"content":{"rendered":"<h2 class=\"content-head__subtitle\" style=\"text-align: justify;\"><strong>Acidente aconteceu na noite de quarta-feira (29), no trecho da cidade de Mundo Novo, no sul da Bahia. Outras 22 pessoas ficaram feridas e seis delas t\u00eam estados de sa\u00fade mais grave.<\/strong><\/h2>\n<div class=\"mc-column content-text active-extra-styles \" style=\"text-align: justify;\" data-block-type=\"unstyled\" data-block-weight=\"44\" data-block-id=\"2\">\n<p class=\"content-text__container \" data-track-category=\"Link no Texto\" data-track-links=\"\">Subiu para 12 o n\u00famero de\u00a0<a href=\"https:\/\/g1.globo.com\/ba\/bahia\/noticia\/2021\/09\/29\/acidente-entre-tres-veiculos-deixa-mortos-e-feridos-na-br-101.ghtml\">mortos em um acidente envolvendo um \u00f4nibus, uma van e um caminh\u00e3o bitrem que carregava eucalipto<\/a>, na noite de quarta-feira (29), na BR-101, trecho do distrito de Mundo Novo, que fica na cidade de Eun\u00e1polis, sul da Bahia.<\/p>\n<\/div>\n<div class=\"wall protected-content\">\n<div class=\"mc-column content-text active-extra-styles \" style=\"text-align: justify;\" data-block-type=\"unstyled\" data-block-weight=\"47\" data-block-id=\"4\">\n<p class=\"content-text__container \" data-track-category=\"Link no Texto\" data-track-links=\"\">A pista s\u00f3 foi liberada na manh\u00e3 desta quinta-feira (30). Segundo a pol\u00edcia, entre as v\u00edtimas est\u00e3o os motoristas do \u00f4nibus e da van, e uma crian\u00e7a, que n\u00e3o teve idade divulgada. A \u00fanica v\u00edtima identificada at\u00e9 esta manh\u00e3 foi o condutor do \u00f4nibus, Leandro Assun\u00e7\u00e3o.<\/p>\n<\/div>\n<div class=\"row medium-uncollapsed content-media content-photo\" data-block-type=\"backstage-photo\" data-block-id=\"5\">\n<div class=\"mc-column content-media__container\">\n<div class=\"content-media-container glb-skeleton-box\" style=\"text-align: justify;\">\n<figure class=\"content-media-figure\"><img decoding=\"async\" class=\"i-amphtml-fill-content i-amphtml-replaced-content\" src=\"https:\/\/s2.glbimg.com\/116f1SJhUWYiC0UxK0FDBQTewaw=\/0x0:960x844\/984x0\/smart\/filters:strip_icc()\/i.s3.glbimg.com\/v1\/AUTH_59edd422c0c84a879bd37670ae4f538a\/internal_photos\/bs\/2021\/a\/k\/3FxuurQVWHPof6BB5kkg\/whatsapp-image-2021-09-30-at-08.12.22.jpeg\" sizes=\"(max-width: 1366px) 648px, 100vw\" srcset=\"https:\/\/s2.glbimg.com\/-2l1qBbIPGuKNk5oUY_LoQEaEBM=\/0x0:960x844\/1000x0\/smart\/filters:strip_icc()\/i.s3.glbimg.com\/v1\/AUTH_59edd422c0c84a879bd37670ae4f538a\/internal_photos\/bs\/2021\/a\/k\/3FxuurQVWHPof6BB5kkg\/whatsapp-image-2021-09-30-at-08.12.22.jpeg 1000w, https:\/\/s2.glbimg.com\/116f1SJhUWYiC0UxK0FDBQTewaw=\/0x0:960x844\/984x0\/smart\/filters:strip_icc()\/i.s3.glbimg.com\/v1\/AUTH_59edd422c0c84a879bd37670ae4f538a\/internal_photos\/bs\/2021\/a\/k\/3FxuurQVWHPof6BB5kkg\/whatsapp-image-2021-09-30-at-08.12.22.jpeg 984w, https:\/\/s2.glbimg.com\/BeDC4CpbwLezTC1Y5bFjAcTBLpg=\/0x0:960x844\/640x0\/smart\/filters:strip_icc()\/i.s3.glbimg.com\/v1\/AUTH_59edd422c0c84a879bd37670ae4f538a\/internal_photos\/bs\/2021\/a\/k\/3FxuurQVWHPof6BB5kkg\/whatsapp-image-2021-09-30-at-08.12.22.jpeg 640w, https:\/\/s2.glbimg.com\/j5vF4FMlX26R2Wf3tKFPoUOGJeY=\/0x0:960x844\/600x0\/smart\/filters:strip_icc()\/i.s3.glbimg.com\/v1\/AUTH_59edd422c0c84a879bd37670ae4f538a\/internal_photos\/bs\/2021\/a\/k\/3FxuurQVWHPof6BB5kkg\/whatsapp-image-2021-09-30-at-08.12.22.jpeg 600w\" alt=\"Leandro Assun\u00e7\u00e3o dirigia o \u00f4nibus que foi atingido no acidente \u2014 Foto: Reprodu\u00e7\u00e3o\/Redes Sociais\" \/><\/figure>\n<\/div>\n<p class=\"content-media__description \" style=\"text-align: justify;\">Leandro Assun\u00e7\u00e3o dirigia o \u00f4nibus que foi atingido no acidente \u2014 Foto: Reprodu\u00e7\u00e3o\/Redes Sociais<\/p>\n<div class=\"mc-column content-text active-extra-styles \" style=\"text-align: justify;\" data-block-type=\"unstyled\" data-block-weight=\"52\" data-block-id=\"7\">\n<p class=\"content-text__container \" data-track-category=\"Link no Texto\" data-track-links=\"\">Outras 22 pessoas ficaram feridas, sendo que seis delas est\u00e3o em estado grave. Tr\u00eas foram levadas para o Hospital Regional de Eun\u00e1polis e as outras tr\u00eas foram encaminhadas ao Hospital Lu\u00eds Eduardo Magalh\u00e3es, em Porto Seguro. Uma delas tem estado mais delicado, e est\u00e1 internada na Unidade de Terapia Intensiva (UTI).<\/p>\n<\/div>\n<div class=\"bs-video-block mc-column  content-media content-video\" data-block-type=\"backstage-video\" data-block-id=\"8\">\n<div class=\"content-media__container\">\n<div class=\"content-video__bigger-player-description-fixer\">\n<article class=\"content-video\">\n<section class=\"content-video__video-container\">\n<div class=\"content-video__video\">\n<div class=\"content-video__placeholder\" data-video-id=\"9905162\">\n<div class=\"mc-column content-text active-extra-styles \" style=\"text-align: justify;\" data-block-type=\"unstyled\" data-block-weight=\"47\" data-block-id=\"9\">\n<p class=\"content-text__container \" data-track-category=\"Link no Texto\" data-track-links=\"\">O acidente aconteceu no Km 703, por volta das 20h de quarta. De acordo com a Pol\u00edcia Rodovi\u00e1ria Federal (PRF), o caminh\u00e3o bitrem ia em dire\u00e7\u00e3o a Itabuna. Em uma curva, o ultimo vag\u00e3o do ve\u00edculo tombou, desprendeu e rodou na pista.<strong><em>\u00a0<\/em><\/strong><\/p>\n<\/div>\n<div class=\"mc-column content-text active-extra-styles \" data-block-type=\"unstyled\" data-block-weight=\"48\" data-block-id=\"10\">\n<p class=\"content-text__container \" style=\"text-align: justify;\" data-track-category=\"Link no Texto\" data-track-links=\"\">O vag\u00e3o estava com as toras de eucalipto e atingiu o \u00f4nibus e a van, que seguiam no sentido contr\u00e1rio da pista. O \u00f4nibus fazia a linha Itacar\u00e9\/Porto Seguro, j\u00e1 a van ia para Itabuna. O motorista do caminh\u00e3o fugiu do local, sem prestar socorro \u00e0s v\u00edtimas.<\/p>\n<div class=\"mc-column content-text active-extra-styles \" style=\"text-align: justify;\" data-block-type=\"unstyled\" data-block-weight=\"34\" data-block-id=\"13\">\n<p class=\"content-text__container \" data-track-category=\"Link no Texto\" data-track-links=\"\">Momentos ap\u00f3s o acidente, testemunhas registraram em v\u00eddeo o ocorrido. As imagens mostram muitas pessoas em p\u00e9, acompanhando o socorro prestado por ambul\u00e2ncias do Servi\u00e7o de Atendimento M\u00f3vel de Urg\u00eancia (Samu).<\/p>\n<\/div>\n<div class=\"mc-column content-text active-extra-styles \" style=\"text-align: justify;\" data-block-type=\"unstyled\" data-block-weight=\"28\" data-block-id=\"14\">\n<p class=\"content-text__container \" data-track-category=\"Link no Texto\" data-track-links=\"\">Tamb\u00e9m no v\u00eddeo \u00e9 poss\u00edvel ver alguns feridos no ch\u00e3o, aguardando para serem atendidos. H\u00e1 uma confus\u00e3o no local e peda\u00e7os de eucalipto espalhados por toda a pista.<\/p>\n<\/div>\n<div class=\"mc-column content-text active-extra-styles \" style=\"text-align: justify;\" data-block-type=\"unstyled\" data-block-weight=\"23\" data-block-id=\"15\">\n<p class=\"content-text__container \" data-track-category=\"Link no Texto\" data-track-links=\"\">A empresa do coletivo lamentou morte do motorista e informou que est\u00e1 dando assist\u00eancia aos passageiros feridos e \u00e0s fam\u00edlias dos que morreram.<\/p>\n<div class=\"content-media-container glb-skeleton-box\">\n<figure class=\"content-media-figure\"><img decoding=\"async\" class=\"i-amphtml-fill-content i-amphtml-replaced-content\" src=\"https:\/\/s2.glbimg.com\/CXkLAItzCjRdi1QEeALFe4bE-PY=\/0x0:1000x748\/984x0\/smart\/filters:strip_icc()\/i.s3.glbimg.com\/v1\/AUTH_59edd422c0c84a879bd37670ae4f538a\/internal_photos\/bs\/2021\/7\/1\/c67BuUTjAhGQjaSJNkNg\/whatsapp-image-2021-09-30-at-08.12.21-1-.jpeg\" sizes=\"(max-width: 1366px) 648px, 100vw\" srcset=\"https:\/\/s2.glbimg.com\/UmMEgvz3Ml96qN82GCjWbLgd2ZU=\/0x0:1000x748\/1000x0\/smart\/filters:strip_icc()\/i.s3.glbimg.com\/v1\/AUTH_59edd422c0c84a879bd37670ae4f538a\/internal_photos\/bs\/2021\/7\/1\/c67BuUTjAhGQjaSJNkNg\/whatsapp-image-2021-09-30-at-08.12.21-1-.jpeg 1000w, https:\/\/s2.glbimg.com\/CXkLAItzCjRdi1QEeALFe4bE-PY=\/0x0:1000x748\/984x0\/smart\/filters:strip_icc()\/i.s3.glbimg.com\/v1\/AUTH_59edd422c0c84a879bd37670ae4f538a\/internal_photos\/bs\/2021\/7\/1\/c67BuUTjAhGQjaSJNkNg\/whatsapp-image-2021-09-30-at-08.12.21-1-.jpeg 984w, https:\/\/s2.glbimg.com\/2RNEninyll-0WmWFQs81EGi2E64=\/0x0:1000x748\/640x0\/smart\/filters:strip_icc()\/i.s3.glbimg.com\/v1\/AUTH_59edd422c0c84a879bd37670ae4f538a\/internal_photos\/bs\/2021\/7\/1\/c67BuUTjAhGQjaSJNkNg\/whatsapp-image-2021-09-30-at-08.12.21-1-.jpeg 640w, https:\/\/s2.glbimg.com\/G26ivpVKarftdzK7s3N4lo0mid0=\/0x0:1000x748\/600x0\/smart\/filters:strip_icc()\/i.s3.glbimg.com\/v1\/AUTH_59edd422c0c84a879bd37670ae4f538a\/internal_photos\/bs\/2021\/7\/1\/c67BuUTjAhGQjaSJNkNg\/whatsapp-image-2021-09-30-at-08.12.21-1-.jpeg 600w\" alt=\"Imagens mostram toras de madeira que atingiram \u00f4nibus e van na BR-101 \u2014 Foto: Reprodu\u00e7\u00e3o\/Redes Sociais\" \/><\/figure>\n<\/div>\n<p class=\"content-media__description \">Imagens mostram toras de madeira que atingiram \u00f4nibus e van na BR-101 \u2014 Foto: Reprodu\u00e7\u00e3o\/Redes Sociais<\/p>\n<div class=\"content-media-container glb-skeleton-box\">\n<figure class=\"content-media-figure\"><img decoding=\"async\" class=\"i-amphtml-fill-content i-amphtml-replaced-content\" src=\"https:\/\/s2.glbimg.com\/WEgh6sUjkhGc__6gexwvz4IL0XA=\/0x0:840x590\/984x0\/smart\/filters:strip_icc()\/i.s3.glbimg.com\/v1\/AUTH_59edd422c0c84a879bd37670ae4f538a\/internal_photos\/bs\/2021\/e\/x\/SqKogkSNa47kInGeVySg\/whatsapp-image-2021-09-30-at-07.25.40.jpeg\" sizes=\"(max-width: 1366px) 648px, 100vw\" srcset=\"https:\/\/s2.glbimg.com\/5iuDhTDsiC-__q2SMbtS71c4IcU=\/0x0:840x590\/1000x0\/smart\/filters:strip_icc()\/i.s3.glbimg.com\/v1\/AUTH_59edd422c0c84a879bd37670ae4f538a\/internal_photos\/bs\/2021\/e\/x\/SqKogkSNa47kInGeVySg\/whatsapp-image-2021-09-30-at-07.25.40.jpeg 1000w, https:\/\/s2.glbimg.com\/WEgh6sUjkhGc__6gexwvz4IL0XA=\/0x0:840x590\/984x0\/smart\/filters:strip_icc()\/i.s3.glbimg.com\/v1\/AUTH_59edd422c0c84a879bd37670ae4f538a\/internal_photos\/bs\/2021\/e\/x\/SqKogkSNa47kInGeVySg\/whatsapp-image-2021-09-30-at-07.25.40.jpeg 984w, https:\/\/s2.glbimg.com\/KWDSbPm7Lqnr-P2Gig_cS2FK2kk=\/0x0:840x590\/640x0\/smart\/filters:strip_icc()\/i.s3.glbimg.com\/v1\/AUTH_59edd422c0c84a879bd37670ae4f538a\/internal_photos\/bs\/2021\/e\/x\/SqKogkSNa47kInGeVySg\/whatsapp-image-2021-09-30-at-07.25.40.jpeg 640w, https:\/\/s2.glbimg.com\/0wgQ1l09seuYNlHfvbuBX_BKt9M=\/0x0:840x590\/600x0\/smart\/filters:strip_icc()\/i.s3.glbimg.com\/v1\/AUTH_59edd422c0c84a879bd37670ae4f538a\/internal_photos\/bs\/2021\/e\/x\/SqKogkSNa47kInGeVySg\/whatsapp-image-2021-09-30-at-07.25.40.jpeg 600w\" alt=\"Acidente entre \u00f4nibus, van e caminh\u00e3o que transportava eucalipto na BR-101 \u2014 Foto: Reprodu\u00e7\u00e3o\/TV Bahia\" \/><\/figure>\n<\/div>\n<p class=\"content-media__description \">Acidente entre \u00f4nibus, van e caminh\u00e3o que transportava eucalipto na BR-101 \u2014 Foto: Reprodu\u00e7\u00e3o\/TV Bahia<\/p>\n<p>Fonte: https:\/\/g1.globo.com\/ba\/bahia\/noticia\/2021\/09\/30\/sobe-para-12-no-de-mortos-em-acidente-entre-onibus-van-e-caminhao-que-transportava-eucalipto-na-br-101.ghtml<\/p>\n<\/div>\n<div class=\"row medium-uncollapsed content-media content-photo\" data-block-type=\"backstage-photo\" data-block-id=\"17\">\n<div class=\"mc-column content-media__container\">\n<div class=\"content-media-container glb-skeleton-box\">\n<figure class=\"content-media-figure\" style=\"text-align: justify;\"><\/figure>\n<\/div>\n<p class=\"content-media__description \">\n<\/div>\n<\/div>\n<\/div>\n<\/div>\n<\/div>\n<\/section>\n<\/article>\n<\/div>\n<\/div>\n<\/div>\n<p>&nbsp;<\/p>\n<\/div>\n<\/div>\n<\/div>\n","protected":false},"excerpt":{"rendered":"<p>Acidente aconteceu na noite de quarta-feira (29), no trecho da cidade de Mundo Novo, no sul da Bahia. Outras 22 pessoas ficaram feridas e seis delas t\u00eam estados de sa\u00fade mais grave. Subiu para 12 o n\u00famero de\u00a0mortos em um acidente envolvendo um \u00f4nibus, uma van e um caminh\u00e3o bitrem que carregava eucalipto, na noite [&hellip;]<\/p>\n","protected":false},"author":1,"featured_media":54392,"comment_status":"closed","ping_status":"open","sticky":false,"template":"","format":"standard","meta":{"footnotes":""},"categories":[170,110],"tags":[],"class_list":["post-54383","post","type-post","status-publish","format-standard","has-post-thumbnail","hentry","category-acidentes","category-noticiasdestaque"],"_links":{"self":[{"href":"https:\/\/jorgezanoni.com.br\/2019\/wp-json\/wp\/v2\/posts\/54383","targetHints":{"allow":["GET"]}}],"collection":[{"href":"https:\/\/jorgezanoni.com.br\/2019\/wp-json\/wp\/v2\/posts"}],"about":[{"href":"https:\/\/jorgezanoni.com.br\/2019\/wp-json\/wp\/v2\/types\/post"}],"author":[{"embeddable":true,"href":"https:\/\/jorgezanoni.com.br\/2019\/wp-json\/wp\/v2\/users\/1"}],"replies":[{"embeddable":true,"href":"https:\/\/jorgezanoni.com.br\/2019\/wp-json\/wp\/v2\/comments?post=54383"}],"version-history":[{"count":0,"href":"https:\/\/jorgezanoni.com.br\/2019\/wp-json\/wp\/v2\/posts\/54383\/revisions"}],"wp:featuredmedia":[{"embeddable":true,"href":"https:\/\/jorgezanoni.com.br\/2019\/wp-json\/wp\/v2\/media\/54392"}],"wp:attachment":[{"href":"https:\/\/jorgezanoni.com.br\/2019\/wp-json\/wp\/v2\/media?parent=54383"}],"wp:term":[{"taxonomy":"category","embeddable":true,"href":"https:\/\/jorgezanoni.com.br\/2019\/wp-json\/wp\/v2\/categories?post=54383"},{"taxonomy":"post_tag","embeddable":true,"href":"https:\/\/jorgezanoni.com.br\/2019\/wp-json\/wp\/v2\/tags?post=54383"}],"curies":[{"name":"wp","href":"https:\/\/api.w.org\/{rel}","templated":true}]}}