{"id":54370,"date":"2021-09-29T22:57:33","date_gmt":"2021-09-29T22:57:33","guid":{"rendered":"https:\/\/jorgezanoni.com.br\/2019\/?p=54370"},"modified":"2021-09-29T22:57:33","modified_gmt":"2021-09-29T22:57:33","slug":"secretaria-de-agricultura-de-dracena-passa-a-atender-em-novo-endereco","status":"publish","type":"post","link":"https:\/\/jorgezanoni.com.br\/2019\/secretaria-de-agricultura-de-dracena-passa-a-atender-em-novo-endereco\/","title":{"rendered":"Secretar\u00eda de Agricultura de Dracena passa a atender em novo endere\u00e7o"},"content":{"rendered":"<div class=\"ntc_cont_descricao_noticia sw_txteditor\">\n<div style=\"text-align: justify;\">O prefeito Andr\u00e9 Lemos esteve na manh\u00e3 desta ter\u00e7a-feira, 28\/09, visitando as novas instala\u00e7\u00f5es da Secretaria de Agricultura, Limpeza P\u00fablica e Meio Ambiente. H\u00e1 poucos dias, a Secretaria se mudou para o mesmo pr\u00e9dio da Coordenadoria de Desenvolvimento Rural Sustent\u00e1vel (CDRS)\/CATI, na Rua Brasil.<br \/>\nA parte administrativa da Agricultura municipal passa a ocupar cinco salas, atrav\u00e9s do conv\u00eanio SEDRUS &#8211; Sistema Estadual de Desenvolvimento Rural Sustent\u00e1vel Cidadania no Campo.<br \/>\nO secret\u00e1rio respons\u00e1vel pela pasta Silas Teixeira junto \u00e0 equipe recepcionaram o prefeito e demonstraram muita satisfa\u00e7\u00e3o no novo local de trabalho, mais adequado para o atendimento ao p\u00fablico.<br \/>\nVeja mais fotos das novas instala\u00e7\u00f5es da Agricultura, clique neste link\u00a0<a href=\"https:\/\/www.dracena.sp.gov.br\/portal\/0\/galeria-de-fotos\/201\/secretaria-de-agricultura-meio-ambiente-e-limpeza-publica-em-novo-endereco\">Prefeitura de Dracena \/ SP &#8211; SECRETARIA DE AGRICULTURA, MEIO AMBIENTE E LIMPEZA P\u00daBLICA EM NOVO ENDERE\u00c7O<\/a><\/div>\n<\/div>\n<div><\/div>\n<div><img loading=\"lazy\" decoding=\"async\" class=\"alignnone size-full wp-image-54371\" src=\"https:\/\/jorgezanoni.com.br\/2019\/wp-content\/uploads\/2021\/09\/agr.jpg\" alt=\"\" width=\"799\" height=\"369\" srcset=\"https:\/\/jorgezanoni.com.br\/2019\/wp-content\/uploads\/2021\/09\/agr.jpg 799w, https:\/\/jorgezanoni.com.br\/2019\/wp-content\/uploads\/2021\/09\/agr-300x139.jpg 300w, https:\/\/jorgezanoni.com.br\/2019\/wp-content\/uploads\/2021\/09\/agr-768x355.jpg 768w, https:\/\/jorgezanoni.com.br\/2019\/wp-content\/uploads\/2021\/09\/agr-696x321.jpg 696w\" sizes=\"auto, (max-width: 799px) 100vw, 799px\" \/> <img loading=\"lazy\" decoding=\"async\" class=\"alignnone size-full wp-image-54372\" src=\"https:\/\/jorgezanoni.com.br\/2019\/wp-content\/uploads\/2021\/09\/agri1.jpg\" alt=\"\" width=\"799\" height=\"369\" srcset=\"https:\/\/jorgezanoni.com.br\/2019\/wp-content\/uploads\/2021\/09\/agri1.jpg 799w, https:\/\/jorgezanoni.com.br\/2019\/wp-content\/uploads\/2021\/09\/agri1-300x139.jpg 300w, https:\/\/jorgezanoni.com.br\/2019\/wp-content\/uploads\/2021\/09\/agri1-768x355.jpg 768w, https:\/\/jorgezanoni.com.br\/2019\/wp-content\/uploads\/2021\/09\/agri1-696x321.jpg 696w\" sizes=\"auto, (max-width: 799px) 100vw, 799px\" \/>\u00a0Fonte: Diretoria de Comunica\u00e7\u00e3o<\/div>\n","protected":false},"excerpt":{"rendered":"<p>O prefeito Andr\u00e9 Lemos esteve na manh\u00e3 desta ter\u00e7a-feira, 28\/09, visitando as novas instala\u00e7\u00f5es da Secretaria de Agricultura, Limpeza P\u00fablica e Meio Ambiente. H\u00e1 poucos dias, a Secretaria se mudou para o mesmo pr\u00e9dio da Coordenadoria de Desenvolvimento Rural Sustent\u00e1vel (CDRS)\/CATI, na Rua Brasil. A parte administrativa da Agricultura municipal passa a ocupar cinco salas, [&hellip;]<\/p>\n","protected":false},"author":1,"featured_media":54373,"comment_status":"closed","ping_status":"open","sticky":false,"template":"","format":"standard","meta":{"footnotes":""},"categories":[179,184,110],"tags":[],"class_list":["post-54370","post","type-post","status-publish","format-standard","has-post-thumbnail","hentry","category-cidadeseregiao","category-dracena","category-noticiasdestaque"],"_links":{"self":[{"href":"https:\/\/jorgezanoni.com.br\/2019\/wp-json\/wp\/v2\/posts\/54370","targetHints":{"allow":["GET"]}}],"collection":[{"href":"https:\/\/jorgezanoni.com.br\/2019\/wp-json\/wp\/v2\/posts"}],"about":[{"href":"https:\/\/jorgezanoni.com.br\/2019\/wp-json\/wp\/v2\/types\/post"}],"author":[{"embeddable":true,"href":"https:\/\/jorgezanoni.com.br\/2019\/wp-json\/wp\/v2\/users\/1"}],"replies":[{"embeddable":true,"href":"https:\/\/jorgezanoni.com.br\/2019\/wp-json\/wp\/v2\/comments?post=54370"}],"version-history":[{"count":0,"href":"https:\/\/jorgezanoni.com.br\/2019\/wp-json\/wp\/v2\/posts\/54370\/revisions"}],"wp:featuredmedia":[{"embeddable":true,"href":"https:\/\/jorgezanoni.com.br\/2019\/wp-json\/wp\/v2\/media\/54373"}],"wp:attachment":[{"href":"https:\/\/jorgezanoni.com.br\/2019\/wp-json\/wp\/v2\/media?parent=54370"}],"wp:term":[{"taxonomy":"category","embeddable":true,"href":"https:\/\/jorgezanoni.com.br\/2019\/wp-json\/wp\/v2\/categories?post=54370"},{"taxonomy":"post_tag","embeddable":true,"href":"https:\/\/jorgezanoni.com.br\/2019\/wp-json\/wp\/v2\/tags?post=54370"}],"curies":[{"name":"wp","href":"https:\/\/api.w.org\/{rel}","templated":true}]}}