{"id":54353,"date":"2021-09-29T18:19:52","date_gmt":"2021-09-29T18:19:52","guid":{"rendered":"https:\/\/jorgezanoni.com.br\/2019\/?p=54353"},"modified":"2021-09-29T18:19:52","modified_gmt":"2021-09-29T18:19:52","slug":"briga-entre-tres-irmaos-e-tentativa-de-homicidio-em-panorama","status":"publish","type":"post","link":"https:\/\/jorgezanoni.com.br\/2019\/briga-entre-tres-irmaos-e-tentativa-de-homicidio-em-panorama\/","title":{"rendered":"Briga entre tr\u00eas irm\u00e3os e tentativa de homic\u00eddio em Panorama"},"content":{"rendered":"<div class=\"mc-column content-text active-extra-styles active-capital-letter\" data-block-type=\"unstyled\" data-block-weight=\"47\" data-block-id=\"1\">\n<p class=\"content-text__container theme-color-primary-first-letter\" style=\"text-align: justify;\" data-track-category=\"Link no Texto\" data-track-links=\"\">Uma discuss\u00e3o entre tr\u00eas irm\u00e3os acabou em tentativa de homic\u00eddio na manh\u00e3 desta quarta-feira (29), no bairro Nosso Teto, em\u00a0Panorama. A v\u00edtima de 36 anos levou dois tiros, conforme a Pol\u00edcia Militar. Um homem de 41 anos foi preso e um dos suspeitos segue foragido.<\/p>\n<\/div>\n<div class=\"wall protected-content\">\n<div class=\"mc-column content-text active-extra-styles \" data-block-type=\"unstyled\" data-block-weight=\"38\" data-block-id=\"2\">\n<p class=\"content-text__container \" style=\"text-align: justify;\" data-track-category=\"Link no Texto\" data-track-links=\"\">Segundo as primeiras informa\u00e7\u00f5es divulgadas pela corpora\u00e7\u00e3o, houve relato de dois disparos de arma de fogo. Dois irm\u00e3os s\u00e3o suspeitos da autoria do crime. Um deles entregou a arma ao outro, que atirou contra o terceiro irm\u00e3o.<\/p>\n<div class=\"mc-column content-text active-extra-styles \" style=\"text-align: justify;\" data-block-type=\"unstyled\" data-block-weight=\"28\" data-block-id=\"3\">\n<p class=\"content-text__container \" data-track-category=\"Link no Texto\" data-track-links=\"\">Ainda de acordo com a PM, dois tiros acertaram a v\u00edtima, sendo um no bra\u00e7o e outro na lateral do tronco. O homem foi socorrido ao Pronto-socorro local.<\/p>\n<\/div>\n<div class=\"mc-column content-text active-extra-styles \" style=\"text-align: justify;\" data-block-type=\"unstyled\" data-block-weight=\"17\" data-block-id=\"4\">\n<p class=\"content-text__container \" data-track-category=\"Link no Texto\" data-track-links=\"\">Um dos suspeitos fugiu sentido ao estado do Mato Grosso do Sul, de acordo com a PM.<\/p>\n<\/div>\n<div class=\"mc-column content-text active-extra-styles \" data-block-type=\"unstyled\" data-block-weight=\"7\" data-block-id=\"5\">\n<p class=\"content-text__container \" style=\"text-align: justify;\" data-track-category=\"Link no Texto\" data-track-links=\"\">A arma de fogo n\u00e3o foi localizada.<\/p>\n<p style=\"text-align: justify;\" data-track-category=\"Link no Texto\" data-track-links=\"\">Fonte: Com. Social Pol\u00edcia Militar<\/p>\n<p data-track-category=\"Link no Texto\" data-track-links=\"\">Imagem Ilustrativa<\/p>\n<\/div>\n<\/div>\n<\/div>\n<p>&nbsp;<\/p>\n<p>&nbsp;<\/p>\n","protected":false},"excerpt":{"rendered":"<p>Uma discuss\u00e3o entre tr\u00eas irm\u00e3os acabou em tentativa de homic\u00eddio na manh\u00e3 desta quarta-feira (29), no bairro Nosso Teto, em\u00a0Panorama. A v\u00edtima de 36 anos levou dois tiros, conforme a Pol\u00edcia Militar. Um homem de 41 anos foi preso e um dos suspeitos segue foragido. Segundo as primeiras informa\u00e7\u00f5es divulgadas pela corpora\u00e7\u00e3o, houve relato de [&hellip;]<\/p>\n","protected":false},"author":1,"featured_media":54354,"comment_status":"closed","ping_status":"open","sticky":false,"template":"","format":"standard","meta":{"footnotes":""},"categories":[110,2],"tags":[],"class_list":["post-54353","post","type-post","status-publish","format-standard","has-post-thumbnail","hentry","category-noticiasdestaque","category-policial"],"_links":{"self":[{"href":"https:\/\/jorgezanoni.com.br\/2019\/wp-json\/wp\/v2\/posts\/54353","targetHints":{"allow":["GET"]}}],"collection":[{"href":"https:\/\/jorgezanoni.com.br\/2019\/wp-json\/wp\/v2\/posts"}],"about":[{"href":"https:\/\/jorgezanoni.com.br\/2019\/wp-json\/wp\/v2\/types\/post"}],"author":[{"embeddable":true,"href":"https:\/\/jorgezanoni.com.br\/2019\/wp-json\/wp\/v2\/users\/1"}],"replies":[{"embeddable":true,"href":"https:\/\/jorgezanoni.com.br\/2019\/wp-json\/wp\/v2\/comments?post=54353"}],"version-history":[{"count":0,"href":"https:\/\/jorgezanoni.com.br\/2019\/wp-json\/wp\/v2\/posts\/54353\/revisions"}],"wp:featuredmedia":[{"embeddable":true,"href":"https:\/\/jorgezanoni.com.br\/2019\/wp-json\/wp\/v2\/media\/54354"}],"wp:attachment":[{"href":"https:\/\/jorgezanoni.com.br\/2019\/wp-json\/wp\/v2\/media?parent=54353"}],"wp:term":[{"taxonomy":"category","embeddable":true,"href":"https:\/\/jorgezanoni.com.br\/2019\/wp-json\/wp\/v2\/categories?post=54353"},{"taxonomy":"post_tag","embeddable":true,"href":"https:\/\/jorgezanoni.com.br\/2019\/wp-json\/wp\/v2\/tags?post=54353"}],"curies":[{"name":"wp","href":"https:\/\/api.w.org\/{rel}","templated":true}]}}