{"id":54350,"date":"2021-09-29T17:45:42","date_gmt":"2021-09-29T17:45:42","guid":{"rendered":"https:\/\/jorgezanoni.com.br\/2019\/?p=54350"},"modified":"2021-09-29T17:45:42","modified_gmt":"2021-09-29T17:45:42","slug":"tom-ze-e-o-passado-e-o-futuro-da-musica-brasileira-sempre-a-frente-do-tempo-um-astronauta-libertario-em-terras-tupiniquins-alemao-por-sergio-barbosa","status":"publish","type":"post","link":"https:\/\/jorgezanoni.com.br\/2019\/tom-ze-e-o-passado-e-o-futuro-da-musica-brasileira-sempre-a-frente-do-tempo-um-astronauta-libertario-em-terras-tupiniquins-alemao-por-sergio-barbosa\/","title":{"rendered":"TOM Z\u00c9: \u201c\u00c9 o passado e o futuro da M\u00fasica Brasileira. Sempre a frente do tempo, um astronauta libert\u00e1rio em terras tupiniquins.\u201d (Alem\u00e3o) (por S\u00e9rgio Barbosa)"},"content":{"rendered":"<p style=\"text-align: justify;\"><strong>TOM Z\u00c9: \u201c\u00c9 o passado e o futuro da M\u00fasica Brasileira. Sempre a frente do tempo, um astronauta libert\u00e1rio em terras tupiniquins.\u201d<\/strong> <em>(Alem\u00e3o)<\/em><\/p>\n<p style=\"text-align: justify;\"><strong><em>\u201cPra viver mais ou menos bem numa grande cidade, precisa inicialmente de tr\u00eas coisas: gravatas, documentos e neuroses.\u201d (Tom Z\u00e9)<\/em><\/strong><\/p>\n<p style=\"text-align: justify;\"><strong><em>Ao \u201cAlem\u00e3o\u201d\/Alessandro, dedico!<\/em><\/strong><\/p>\n<p><strong>S\u00e9rgio Barbosa.<\/strong><\/p>\n<p style=\"text-align: justify;\">As hist\u00f3rias que circulam sobre os artistas da MPB s\u00e3o as mais interessantes deste circuito musical em todas as \u00e1reas de atua\u00e7\u00e3o, haja vista os desencontros que fazem parte deste cen\u00e1rio que extrapola todas as possibilidades em n\u00edvel de criatividade art\u00edstica&#8230;<\/p>\n<p style=\"text-align: justify;\">De tudo o que se pode ser dito pelo n\u00e3o dito, talvez, ainda possa existir o infinito que continua al\u00e9m do tempo, por\u00e9m, para\u00a0 TOM Z\u00c9 tais indaga\u00e7\u00f5es est\u00e3o de acordo com os seus ouvidos de M\u00fasico para um entendimento al\u00e9m da imagina\u00e7\u00e3o&#8230;<\/p>\n<p style=\"text-align: justify;\">O mundo das ideias faz parte deste cen\u00e1rio da metacomunica\u00e7\u00e3o para TOM Z\u00c9, portanto, a musicalidade ocorre em desacordo com o seu jeito de pensar as coisas, quando os detalhes est\u00e3o nos versos da sua busca pelas origens nordestinas&#8230;<\/p>\n<p style=\"text-align: justify;\">O olhar de TOM Z\u00c9 sempre esteve voltado para um aprendizado em busca das descobertas que a m\u00fasica poderia proporcionar para outros olhares sobre o cotidiano deste ou daquele cen\u00e1rio musical&#8230;<\/p>\n<p style=\"text-align: justify;\">A m\u00fasica S\u00c3O PAULO, MEU AMOR de 1.968, emplaca o 1\u00ba. Lugar no IV FESTIVAL DA M\u00daSICA POPULAR BRASILEIRA na TV Record, propocionando novas perspectivas para TOM Z\u00c9&#8230;<\/p>\n<p style=\"text-align: justify;\">Pode-se escrever que a proposta musical e mediadas pelas conversa\u00e7\u00f5es em seus versos po\u00e9ticos sempre esteve al\u00e9m do tempo em que estava vivendo nas loucuras da capital paulista&#8230;<\/p>\n<p style=\"text-align: justify;\">A viv\u00eancia po\u00e9tica sempre esteve na frente das suas letras por meio da musicalidade, ainda, sempre destoando dos demais artistas e ressaltando a sua identidade pela palavra escrita das suas ideias sobre tudo e todos&#8230;<\/p>\n<p style=\"text-align: justify;\">As muitas voltas de um mesmo retorno de TOM Z\u00c9 foram e continuam em suas obras como um ARTISTA que apresenta sempre uma outra perspectiva para que o cen\u00e1rio possa ser o que n\u00e3o pode ser&#8230;<\/p>\n<p style=\"text-align: justify;\">As conversas mediadas pelas suas letras e musicalidade est\u00e3o atreladas ao cantor, compositor e arranjador que mostra TOM Z\u00c9 nas suas muitas ess\u00eancias de um cantante que est\u00e1 sempre se redescobrindo nas suas andan\u00e7as, tal qual o HOMEM DA MALA&#8230;<\/p>\n<p style=\"text-align: justify;\">AVE TOM Z\u00c9!<\/p>\n","protected":false},"excerpt":{"rendered":"<p>TOM Z\u00c9: \u201c\u00c9 o passado e o futuro da M\u00fasica Brasileira. Sempre a frente do tempo, um astronauta libert\u00e1rio em terras tupiniquins.\u201d (Alem\u00e3o) \u201cPra viver mais ou menos bem numa grande cidade, precisa inicialmente de tr\u00eas coisas: gravatas, documentos e neuroses.\u201d (Tom Z\u00e9) Ao \u201cAlem\u00e3o\u201d\/Alessandro, dedico! S\u00e9rgio Barbosa. As hist\u00f3rias que circulam sobre os artistas [&hellip;]<\/p>\n","protected":false},"author":1,"featured_media":54351,"comment_status":"closed","ping_status":"open","sticky":false,"template":"","format":"standard","meta":{"footnotes":""},"categories":[175],"tags":[],"class_list":["post-54350","post","type-post","status-publish","format-standard","has-post-thumbnail","hentry","category-artigos"],"_links":{"self":[{"href":"https:\/\/jorgezanoni.com.br\/2019\/wp-json\/wp\/v2\/posts\/54350","targetHints":{"allow":["GET"]}}],"collection":[{"href":"https:\/\/jorgezanoni.com.br\/2019\/wp-json\/wp\/v2\/posts"}],"about":[{"href":"https:\/\/jorgezanoni.com.br\/2019\/wp-json\/wp\/v2\/types\/post"}],"author":[{"embeddable":true,"href":"https:\/\/jorgezanoni.com.br\/2019\/wp-json\/wp\/v2\/users\/1"}],"replies":[{"embeddable":true,"href":"https:\/\/jorgezanoni.com.br\/2019\/wp-json\/wp\/v2\/comments?post=54350"}],"version-history":[{"count":0,"href":"https:\/\/jorgezanoni.com.br\/2019\/wp-json\/wp\/v2\/posts\/54350\/revisions"}],"wp:featuredmedia":[{"embeddable":true,"href":"https:\/\/jorgezanoni.com.br\/2019\/wp-json\/wp\/v2\/media\/54351"}],"wp:attachment":[{"href":"https:\/\/jorgezanoni.com.br\/2019\/wp-json\/wp\/v2\/media?parent=54350"}],"wp:term":[{"taxonomy":"category","embeddable":true,"href":"https:\/\/jorgezanoni.com.br\/2019\/wp-json\/wp\/v2\/categories?post=54350"},{"taxonomy":"post_tag","embeddable":true,"href":"https:\/\/jorgezanoni.com.br\/2019\/wp-json\/wp\/v2\/tags?post=54350"}],"curies":[{"name":"wp","href":"https:\/\/api.w.org\/{rel}","templated":true}]}}