{"id":54293,"date":"2021-09-28T20:58:39","date_gmt":"2021-09-28T20:58:39","guid":{"rendered":"https:\/\/jorgezanoni.com.br\/2019\/?p=54293"},"modified":"2021-09-28T20:58:39","modified_gmt":"2021-09-28T20:58:39","slug":"policia-militar-ocorrencias-das-ultimas-horas-28-09-21","status":"publish","type":"post","link":"https:\/\/jorgezanoni.com.br\/2019\/policia-militar-ocorrencias-das-ultimas-horas-28-09-21\/","title":{"rendered":"Pol\u00edcia Militar: Ocorr\u00eancias das \u00faltimas Horas 28\/09\/21"},"content":{"rendered":"<p style=\"text-align: justify;\">POL\u00cdCIA MILITAR APREENDE DROGA E UM INDIV\u00cdDUO POR PORTE DE ENTORPECENTE EM OURO VERDE<\/p>\n<p>Art. 28 da Lei de Drogas.\u00a0APREENS\u00c3O: 04 Por\u00e7oes contendo 0,009 gramas de Maconha.\u00a0R$ 12,00 em C\u00e9dulas Diversas.<\/p>\n<p style=\"text-align: justify;\">Na data de hoje (28) por volta das 13h55min equipe da Pol\u00edcia Militar em patrulhamento pelo municipio de Ouro Verde quando pela Rua Igua\u00e7u x Rua Goias nos deparou com dois individuos pela via, quando avistamos um passando algo para outro e que ao perceber a presen\u00e7a da viatura policial um deles correu pela rua Goias e o segundo indiv\u00edduo 19 anos continuou andando rapidamente pela rua Igua\u00e7u, sendo esse abordado pela Rua Igua\u00e7u x Rua Paraiba, realizada a busca pessoal e localizado em seu bolso dentro de uma carteira de cigarro uma por\u00e7\u00e3o de maconha e a quantia de R$ 12,00 em c\u00e9dulas diversas.<br \/>\nSolicitamos ao abordado seu documento pessoal sendo que nos informou que \u00e9 de Panorama e estava pernoitando na casa de um amigo na cidade e diante das informa\u00e7\u00f5es e j\u00e1 na resid\u00eancia do ent\u00e3o amigo foi autorizado a busca domiciliar nos pertences do abordado, foi localizado em uma bermuda branca no bolso de tras mais 3 por\u00e7oes de maconha identicas a localizada no ato da abordagem.<br \/>\nDiante dos fatos, foi elaborado boletim de ocorr\u00eancia de porte de entorpecentes conforme o Art. 28 da Lei de Drogas.<\/p>\n<p style=\"text-align: justify;\"><img loading=\"lazy\" decoding=\"async\" class=\"alignnone size-full wp-image-54294\" src=\"https:\/\/jorgezanoni.com.br\/2019\/wp-content\/uploads\/2021\/09\/PM-2.jpg\" alt=\"\" width=\"1600\" height=\"900\" srcset=\"https:\/\/jorgezanoni.com.br\/2019\/wp-content\/uploads\/2021\/09\/PM-2.jpg 1600w, https:\/\/jorgezanoni.com.br\/2019\/wp-content\/uploads\/2021\/09\/PM-2-300x169.jpg 300w, https:\/\/jorgezanoni.com.br\/2019\/wp-content\/uploads\/2021\/09\/PM-2-1024x576.jpg 1024w, https:\/\/jorgezanoni.com.br\/2019\/wp-content\/uploads\/2021\/09\/PM-2-768x432.jpg 768w, https:\/\/jorgezanoni.com.br\/2019\/wp-content\/uploads\/2021\/09\/PM-2-1536x864.jpg 1536w, https:\/\/jorgezanoni.com.br\/2019\/wp-content\/uploads\/2021\/09\/PM-2-696x392.jpg 696w, https:\/\/jorgezanoni.com.br\/2019\/wp-content\/uploads\/2021\/09\/PM-2-1068x601.jpg 1068w, https:\/\/jorgezanoni.com.br\/2019\/wp-content\/uploads\/2021\/09\/PM-2-747x420.jpg 747w\" sizes=\"auto, (max-width: 1600px) 100vw, 1600px\" \/><\/p>\n<p style=\"text-align: justify;\">POL\u00cdCIA MILITAR PRENDE HOMEM EM FLAGRANTE POR DESCUMPRIMENTO DE MEDIDA PROTETIVA EM PANORAMA.<\/p>\n<p style=\"text-align: justify;\">Na data de ontem (27) por volta das 21h45min na cidade de Panorama a equipe da Pol\u00edcia Militar foi acionada via Copom para atendimento de ocorr\u00eancia de Agress\u00e3o, em contato com a v\u00edtima (27 anos), informou que seu ex am\u00e1sio havia adentrado sua resid\u00eancia e mando ela se retirar do local com amea\u00e7as e ainda apresentou o mandado de medida protetiva em desfavor do indiciado (39 anos), onde consta a proibi\u00e7\u00e3o de aproxima\u00e7\u00e3o da v\u00edtima, num raio de 200 metros. O indiciado foi localizado a poucos metros da resid\u00eancia da v\u00edtima. Diante do descumprimento, foi dado voz de pris\u00e3o e permanecendo \u00e0 disposi\u00e7\u00e3o da justi\u00e7a.<\/p>\n<p style=\"text-align: justify;\">EM ADAMANTINA POL\u00cdCIA MILITAR PRENDE DOIS HOMENS TR\u00c1FICO E PORTE DE DROGAS NO MOMENTO DA VENDA<\/p>\n<p style=\"text-align: justify;\">Local P\u00e1tio da Feira &#8211; Hor\u00e1rio 18:45 &#8211;\u00a0*INDICIADO 01 &#8211; 18 anos &#8211; Tr\u00e1fico de drogas\u00a0*INDICIADO 02 &#8211; 33 anos porte de drogas<\/p>\n<p style=\"text-align: justify;\">Apreens\u00f5es: 01 por\u00e7\u00e3o de maconha, kg 0,065, 01porcao de maconha kg 0,003, R$ 10,00 ( Dez reais )<\/p>\n<p style=\"text-align: justify;\">NA DATA DE ONTEM (27) POR VOLTA DAS 18H35MIN DURANTE PRATRULHAMENTO PREVENTIVO OSTENSIVO A EQUIPE DA POL\u00cdCIA MILITAR RECEBEU INFORMA\u00c7\u00d5ES VIA FONE DE UM POLICIAL DE FOLGA QUE DOIS INDIV\u00cdDUOS ESTARIAM PELO P\u00c1TIO DA FEIRA EM ATITUDE SUSPEITA. DE IMEDIATO A EQUIPE SE DESLOCOU AT\u00c9 O REFERIDO LOCAL PARA REALIZAR A ABORDAGEM MOMENTO EM QUE FOI AVISTADOS OS INDIV\u00cdDUOS, O INDICIADO 01 AO PERCEBER A APROXIMA\u00c7\u00c3O DA EQUIPE PEGOU SUA BICICLETA E EMPREENDEU FUGA PELA LINHA DA FEPASA SENDO ACOMPANHADO A P\u00c9 POR UM DOS POLICIAIS QUE COM O APOIO DE OUTRO POLICIAL DE FOLGA CONSEGUIU INTERCEPTAR E ABORDAR O INDIV\u00cdDUO. J\u00c1 O SEGUNDO INDIV\u00cdDUO DE 33 ANOS TENTOU ESBO\u00c7AR REA\u00c7\u00d5ES POR\u00c9M FOI CONTIDO E ALGEMADO.<br \/>\nAO SER REALIZADO BUSCA PESSOAL EM AMBOS FOI LOCALIZADO COM O INDICIADO 01 18 ANOS UMA SACOLA PL\u00c1STICA CONTENDO DROGA MACONHA KG 0,065 E O VALOR DE R$ 10,00 (DEZ REAIS ) E COM O INDICIADO 02 UMA POR\u00c7\u00c3O DE MACONHA NO BOLSO DE TRAZ DA CALCA JEANS. FOI REALIZADO DILIG\u00caNCIA POREM NADA MAIS DE IL\u00cdCITO ENCONTRADO. DIANTE DOS FATOS DADO VOZ DE PRIS\u00c3O AO INDICIADO 01 PELO CRIME DE TRAFICO E PORTE DE DROGAS ART. 33 E 28 CONDUZIDO JUNTAMENTE COM O INDICIADO 02. FICANDO INDICIADO 01 A DISPOSI\u00c7\u00c3O DA JUSTI\u00c7A O INDICIADO 02 FOI OUVIDO E LIBERADO.<\/p>\n<p><img loading=\"lazy\" decoding=\"async\" class=\"alignnone size-full wp-image-54295\" src=\"https:\/\/jorgezanoni.com.br\/2019\/wp-content\/uploads\/2021\/09\/ada.jpg\" alt=\"\" width=\"1600\" height=\"1200\" srcset=\"https:\/\/jorgezanoni.com.br\/2019\/wp-content\/uploads\/2021\/09\/ada.jpg 1600w, https:\/\/jorgezanoni.com.br\/2019\/wp-content\/uploads\/2021\/09\/ada-300x225.jpg 300w, https:\/\/jorgezanoni.com.br\/2019\/wp-content\/uploads\/2021\/09\/ada-1024x768.jpg 1024w, https:\/\/jorgezanoni.com.br\/2019\/wp-content\/uploads\/2021\/09\/ada-768x576.jpg 768w, https:\/\/jorgezanoni.com.br\/2019\/wp-content\/uploads\/2021\/09\/ada-1536x1152.jpg 1536w, https:\/\/jorgezanoni.com.br\/2019\/wp-content\/uploads\/2021\/09\/ada-80x60.jpg 80w, https:\/\/jorgezanoni.com.br\/2019\/wp-content\/uploads\/2021\/09\/ada-265x198.jpg 265w, https:\/\/jorgezanoni.com.br\/2019\/wp-content\/uploads\/2021\/09\/ada-696x522.jpg 696w, https:\/\/jorgezanoni.com.br\/2019\/wp-content\/uploads\/2021\/09\/ada-1068x801.jpg 1068w, https:\/\/jorgezanoni.com.br\/2019\/wp-content\/uploads\/2021\/09\/ada-560x420.jpg 560w\" sizes=\"auto, (max-width: 1600px) 100vw, 1600px\" \/> <img loading=\"lazy\" decoding=\"async\" class=\"alignnone size-full wp-image-54296\" src=\"https:\/\/jorgezanoni.com.br\/2019\/wp-content\/uploads\/2021\/09\/ada1.jpg\" alt=\"\" width=\"1600\" height=\"1200\" srcset=\"https:\/\/jorgezanoni.com.br\/2019\/wp-content\/uploads\/2021\/09\/ada1.jpg 1600w, https:\/\/jorgezanoni.com.br\/2019\/wp-content\/uploads\/2021\/09\/ada1-300x225.jpg 300w, https:\/\/jorgezanoni.com.br\/2019\/wp-content\/uploads\/2021\/09\/ada1-1024x768.jpg 1024w, https:\/\/jorgezanoni.com.br\/2019\/wp-content\/uploads\/2021\/09\/ada1-768x576.jpg 768w, https:\/\/jorgezanoni.com.br\/2019\/wp-content\/uploads\/2021\/09\/ada1-1536x1152.jpg 1536w, https:\/\/jorgezanoni.com.br\/2019\/wp-content\/uploads\/2021\/09\/ada1-80x60.jpg 80w, https:\/\/jorgezanoni.com.br\/2019\/wp-content\/uploads\/2021\/09\/ada1-265x198.jpg 265w, https:\/\/jorgezanoni.com.br\/2019\/wp-content\/uploads\/2021\/09\/ada1-696x522.jpg 696w, https:\/\/jorgezanoni.com.br\/2019\/wp-content\/uploads\/2021\/09\/ada1-1068x801.jpg 1068w, https:\/\/jorgezanoni.com.br\/2019\/wp-content\/uploads\/2021\/09\/ada1-560x420.jpg 560w\" sizes=\"auto, (max-width: 1600px) 100vw, 1600px\" \/>#25BPMI4CIAPM<br \/>\n#POL\u00cdCIAMILITARSP<br \/>\n#AFOR\u00c7AP\u00daBLICADES\u00c3OPAULO<\/p>\n<p>Comunica\u00e7\u00e3o social do 25\u2070 BPM\/I 4\u00aaCIA PM<\/p>\n","protected":false},"excerpt":{"rendered":"<p>POL\u00cdCIA MILITAR APREENDE DROGA E UM INDIV\u00cdDUO POR PORTE DE ENTORPECENTE EM OURO VERDE Art. 28 da Lei de Drogas.\u00a0APREENS\u00c3O: 04 Por\u00e7oes contendo 0,009 gramas de Maconha.\u00a0R$ 12,00 em C\u00e9dulas Diversas. Na data de hoje (28) por volta das 13h55min equipe da Pol\u00edcia Militar em patrulhamento pelo municipio de Ouro Verde quando pela Rua Igua\u00e7u [&hellip;]<\/p>\n","protected":false},"author":1,"featured_media":54297,"comment_status":"closed","ping_status":"open","sticky":false,"template":"","format":"standard","meta":{"footnotes":""},"categories":[110,2],"tags":[],"class_list":["post-54293","post","type-post","status-publish","format-standard","has-post-thumbnail","hentry","category-noticiasdestaque","category-policial"],"_links":{"self":[{"href":"https:\/\/jorgezanoni.com.br\/2019\/wp-json\/wp\/v2\/posts\/54293","targetHints":{"allow":["GET"]}}],"collection":[{"href":"https:\/\/jorgezanoni.com.br\/2019\/wp-json\/wp\/v2\/posts"}],"about":[{"href":"https:\/\/jorgezanoni.com.br\/2019\/wp-json\/wp\/v2\/types\/post"}],"author":[{"embeddable":true,"href":"https:\/\/jorgezanoni.com.br\/2019\/wp-json\/wp\/v2\/users\/1"}],"replies":[{"embeddable":true,"href":"https:\/\/jorgezanoni.com.br\/2019\/wp-json\/wp\/v2\/comments?post=54293"}],"version-history":[{"count":0,"href":"https:\/\/jorgezanoni.com.br\/2019\/wp-json\/wp\/v2\/posts\/54293\/revisions"}],"wp:featuredmedia":[{"embeddable":true,"href":"https:\/\/jorgezanoni.com.br\/2019\/wp-json\/wp\/v2\/media\/54297"}],"wp:attachment":[{"href":"https:\/\/jorgezanoni.com.br\/2019\/wp-json\/wp\/v2\/media?parent=54293"}],"wp:term":[{"taxonomy":"category","embeddable":true,"href":"https:\/\/jorgezanoni.com.br\/2019\/wp-json\/wp\/v2\/categories?post=54293"},{"taxonomy":"post_tag","embeddable":true,"href":"https:\/\/jorgezanoni.com.br\/2019\/wp-json\/wp\/v2\/tags?post=54293"}],"curies":[{"name":"wp","href":"https:\/\/api.w.org\/{rel}","templated":true}]}}