{"id":54283,"date":"2021-09-28T15:25:26","date_gmt":"2021-09-28T15:25:26","guid":{"rendered":"https:\/\/jorgezanoni.com.br\/2019\/?p=54283"},"modified":"2021-09-28T15:25:26","modified_gmt":"2021-09-28T15:25:26","slug":"acao-conjunta-das-policiais-civis-de-sp-e-ms-prende-dois-individuos-suspeitos-por-trafico-de-drogas-em-dracena","status":"publish","type":"post","link":"https:\/\/jorgezanoni.com.br\/2019\/acao-conjunta-das-policiais-civis-de-sp-e-ms-prende-dois-individuos-suspeitos-por-trafico-de-drogas-em-dracena\/","title":{"rendered":"A\u00e7\u00e3o conjunta das Policiais Civis de SP e MS prende dois indiv\u00edduos suspeitos por tr\u00e1fico de drogas em Dracena"},"content":{"rendered":"<p style=\"text-align: justify;\"><strong>Dois suspeitos de 22 e 23 anos foram presos em flagrante. O alvo da a\u00e7\u00e3o policial foi uma resid\u00eancia localizada no bairro Jardim das Palmeiras I, no local foi encontrado e apreendido drogas, celulares e cerca da quantia R$ 1.250 reais em esp\u00e9cies em notas diversas.<\/strong><\/p>\n<p style=\"text-align: justify;\">A Pol\u00edcia Civil, por interm\u00e9dio da Unidades Especializadas das Unidades Especializadas (Delegacia de Investiga\u00e7\u00f5es Gerais e Delegacia de Investiga\u00e7\u00f5es Sobre Entorpecentes), em apoio operacional a Delegacia de Pol\u00edcia de Brasil\u00e2ndia -MS, prendeu em flagrante nesta segunda-feira (27), dois homens de 22 e 23 anos suspeitos de estarem comercializando drogas e de associa\u00e7\u00e3o para tr\u00e1fico de drogas. As pris\u00f5es ocorreram em uma resid\u00eancia localizada no bairro Jardim das Palmeira I, em Dracena.<br \/>\nA a\u00e7\u00e3o ocorreu em decorr\u00eancia de apoio prestado \u00e0 policiais civis do estado do Mato Grosso do Sul, que estavam diligenciando em Dracena.<br \/>\nDurante as vistorias foi encontrado dentro de um capacete que estava no rack da sala, uma por\u00e7\u00e3o de ervas esverdeada, semelhante a droga maconha, ainda sobre este rack haviam v\u00e1rias c\u00e9dulas de dinheiro, de diversos valores. Outras duas por\u00e7\u00f5es da droga conhecida como \u201cCrack\u201d foram encontrados em c\u00f4modos diferentes da casa.<br \/>\nAmbos os homens presos assumiram serem propriet\u00e1rios das drogas encontradas, por\u00e9m alegaram que era para consumo pr\u00f3prio. Tr\u00eas aparelhos celulares tamb\u00e9m foram apreendidos no local.<br \/>\nOs materiais apreendidos e os suspeitos foram conduzidos ao Plant\u00e3o Policial Permanente, onde foi ratificado a pris\u00e3o em flagrante. Terminando os procedimentos flagr\u00e2nciais os acusados ficaram \u00e0 disposi\u00e7\u00e3o da Justi\u00e7a.<\/p>\n<p style=\"text-align: justify;\">Fonte: Com. Social Pol\u00edcia Civil<\/p>\n","protected":false},"excerpt":{"rendered":"<p>Dois suspeitos de 22 e 23 anos foram presos em flagrante. O alvo da a\u00e7\u00e3o policial foi uma resid\u00eancia localizada no bairro Jardim das Palmeiras I, no local foi encontrado e apreendido drogas, celulares e cerca da quantia R$ 1.250 reais em esp\u00e9cies em notas diversas. A Pol\u00edcia Civil, por interm\u00e9dio da Unidades Especializadas das [&hellip;]<\/p>\n","protected":false},"author":1,"featured_media":54284,"comment_status":"closed","ping_status":"open","sticky":false,"template":"","format":"standard","meta":{"footnotes":""},"categories":[110,2],"tags":[],"class_list":["post-54283","post","type-post","status-publish","format-standard","has-post-thumbnail","hentry","category-noticiasdestaque","category-policial"],"_links":{"self":[{"href":"https:\/\/jorgezanoni.com.br\/2019\/wp-json\/wp\/v2\/posts\/54283","targetHints":{"allow":["GET"]}}],"collection":[{"href":"https:\/\/jorgezanoni.com.br\/2019\/wp-json\/wp\/v2\/posts"}],"about":[{"href":"https:\/\/jorgezanoni.com.br\/2019\/wp-json\/wp\/v2\/types\/post"}],"author":[{"embeddable":true,"href":"https:\/\/jorgezanoni.com.br\/2019\/wp-json\/wp\/v2\/users\/1"}],"replies":[{"embeddable":true,"href":"https:\/\/jorgezanoni.com.br\/2019\/wp-json\/wp\/v2\/comments?post=54283"}],"version-history":[{"count":0,"href":"https:\/\/jorgezanoni.com.br\/2019\/wp-json\/wp\/v2\/posts\/54283\/revisions"}],"wp:featuredmedia":[{"embeddable":true,"href":"https:\/\/jorgezanoni.com.br\/2019\/wp-json\/wp\/v2\/media\/54284"}],"wp:attachment":[{"href":"https:\/\/jorgezanoni.com.br\/2019\/wp-json\/wp\/v2\/media?parent=54283"}],"wp:term":[{"taxonomy":"category","embeddable":true,"href":"https:\/\/jorgezanoni.com.br\/2019\/wp-json\/wp\/v2\/categories?post=54283"},{"taxonomy":"post_tag","embeddable":true,"href":"https:\/\/jorgezanoni.com.br\/2019\/wp-json\/wp\/v2\/tags?post=54283"}],"curies":[{"name":"wp","href":"https:\/\/api.w.org\/{rel}","templated":true}]}}