{"id":54251,"date":"2021-09-27T15:36:45","date_gmt":"2021-09-27T15:36:45","guid":{"rendered":"https:\/\/jorgezanoni.com.br\/2019\/?p=54251"},"modified":"2021-09-27T15:36:45","modified_gmt":"2021-09-27T15:36:45","slug":"tdah-deficit-de-atencao-e-hiperatividade-o-que-e-sintomas-e-o-que-fazer-por-cidinha-pascoaloto","status":"publish","type":"post","link":"https:\/\/jorgezanoni.com.br\/2019\/tdah-deficit-de-atencao-e-hiperatividade-o-que-e-sintomas-e-o-que-fazer-por-cidinha-pascoaloto\/","title":{"rendered":"TDAH (d\u00e9ficit de aten\u00e7\u00e3o e hiperatividade): o que \u00e9, sintomas e o que fazer  (por Cidinha Pascoaloto)"},"content":{"rendered":"<p style=\"text-align: justify;\">O TDAH \u00e9 uma doen\u00e7a cr\u00f4nica com causas gen\u00e9ticas. Inclui sintomas de falta de aten\u00e7\u00e3o, inquieta\u00e7\u00e3o e impulsividade.\u00a0 \u00c9 um transtorno comum da inf\u00e2ncia, podendo continuar na vida adulta.<\/p>\n<p style=\"text-align: justify;\">Os primeiros sinais deste transtorno surgem na fase de desenvolvimento depois\u00a0dos 7 anos, quando as estruturas que regulam a aten\u00e7\u00e3o e o comportamento amadurecem. Os sinais\u00a0s\u00e3o mais f\u00e1ceis de identificar nos meninos. As meninas t\u00eam menos sintomas de hiperatividade e impulsividade, mas s\u00e3o igualmente desatentas. Os sintomas em crian\u00e7as e adolescentes s\u00e3o:<\/p>\n<p style=\"text-align: justify;\">\u00a0Agita\u00e7\u00e3o, inquieta\u00e7\u00e3o, movimenta\u00e7\u00e3o pelo ambiente, mexem m\u00e3os e p\u00e9s, mexem em v\u00e1rios objetos, n\u00e3o conseguem ficar quietas, falam muito, t\u00eam dificuldade de permanecer atentos em atividades longas, que n\u00e3o lhes sejam interessantes, s\u00e3o facilmente distra\u00eddas. O esquecimento \u00e9 uma das principais queixas dos pais, pois as crian\u00e7as \u201cesquecem\u201d o material escolar, os recados, o que estudaram para a prova. A impulsividade \u00e9 um sintoma comum e apresenta-se em situa\u00e7\u00f5es como: n\u00e3o conseguir esperar sua vez, n\u00e3o ler a pergunta at\u00e9 o final e responder, interromper os outros, agir sem pensar. Apresentam dificuldade em se organizar e planejar o que precisam fazer. Seu desempenho escolar parece inferior ao esperado para a sua capacidade intelectual. A crian\u00e7a hiperativa pode demonstrar este comportamento\u00a0em qualquer lugar e\u00a0s\u00e3o muito desgastantes para os pais.<\/p>\n<p style=\"text-align: justify;\">Antes de se pensar em d\u00e9ficit de aten\u00e7\u00e3o e hiperatividade, \u00e9 importante observar os sinais que a crian\u00e7a demonstra e tentar entend\u00ea-la, j\u00e1 que o\u00a0nervosismo, medo ou cansa\u00e7o, por exemplo, s\u00e3o\u00a0situa\u00e7\u00f5es que tamb\u00e9m podem gerar altera\u00e7\u00f5es no comportamento.\u00a0\u00a0As pessoas com\u00a0TDAH\u00a0s\u00e3o disfuncionais,\u00a0t\u00eam\u00a0mais dificuldade em realizar algumas atividades, mas n\u00e3o s\u00e3o incapazes de realiz\u00e1-las.<\/p>\n<p style=\"text-align: justify;\">O tratamento \u00b4psiqui\u00e1trico com acompanhamento comum psic\u00f3logo comportamental.<\/p>\n<p><img loading=\"lazy\" decoding=\"async\" class=\"alignnone size-full wp-image-54252\" src=\"https:\/\/jorgezanoni.com.br\/2019\/wp-content\/uploads\/2021\/09\/Cidinha-Pascoaloto-3.jpg\" alt=\"\" width=\"847\" height=\"1280\" srcset=\"https:\/\/jorgezanoni.com.br\/2019\/wp-content\/uploads\/2021\/09\/Cidinha-Pascoaloto-3.jpg 847w, https:\/\/jorgezanoni.com.br\/2019\/wp-content\/uploads\/2021\/09\/Cidinha-Pascoaloto-3-199x300.jpg 199w, https:\/\/jorgezanoni.com.br\/2019\/wp-content\/uploads\/2021\/09\/Cidinha-Pascoaloto-3-678x1024.jpg 678w, https:\/\/jorgezanoni.com.br\/2019\/wp-content\/uploads\/2021\/09\/Cidinha-Pascoaloto-3-768x1161.jpg 768w, https:\/\/jorgezanoni.com.br\/2019\/wp-content\/uploads\/2021\/09\/Cidinha-Pascoaloto-3-696x1052.jpg 696w, https:\/\/jorgezanoni.com.br\/2019\/wp-content\/uploads\/2021\/09\/Cidinha-Pascoaloto-3-278x420.jpg 278w\" sizes=\"auto, (max-width: 847px) 100vw, 847px\" \/>Cidinha Pascoaloto-Psic\u00f3loga-CRP 06\/158174. Terapia Cognitivo Comportamental (TCC) com foco no Luto, Depress\u00e3o e Ansiedade. Atendimento presencial e online, contato: (18) 99725-6418<\/p>\n<p>&nbsp;<\/p>\n","protected":false},"excerpt":{"rendered":"<p>O TDAH \u00e9 uma doen\u00e7a cr\u00f4nica com causas gen\u00e9ticas. Inclui sintomas de falta de aten\u00e7\u00e3o, inquieta\u00e7\u00e3o e impulsividade.\u00a0 \u00c9 um transtorno comum da inf\u00e2ncia, podendo continuar na vida adulta. Os primeiros sinais deste transtorno surgem na fase de desenvolvimento depois\u00a0dos 7 anos, quando as estruturas que regulam a aten\u00e7\u00e3o e o comportamento amadurecem. Os sinais\u00a0s\u00e3o [&hellip;]<\/p>\n","protected":false},"author":1,"featured_media":54253,"comment_status":"closed","ping_status":"open","sticky":false,"template":"","format":"standard","meta":{"footnotes":""},"categories":[175],"tags":[],"class_list":["post-54251","post","type-post","status-publish","format-standard","has-post-thumbnail","hentry","category-artigos"],"_links":{"self":[{"href":"https:\/\/jorgezanoni.com.br\/2019\/wp-json\/wp\/v2\/posts\/54251","targetHints":{"allow":["GET"]}}],"collection":[{"href":"https:\/\/jorgezanoni.com.br\/2019\/wp-json\/wp\/v2\/posts"}],"about":[{"href":"https:\/\/jorgezanoni.com.br\/2019\/wp-json\/wp\/v2\/types\/post"}],"author":[{"embeddable":true,"href":"https:\/\/jorgezanoni.com.br\/2019\/wp-json\/wp\/v2\/users\/1"}],"replies":[{"embeddable":true,"href":"https:\/\/jorgezanoni.com.br\/2019\/wp-json\/wp\/v2\/comments?post=54251"}],"version-history":[{"count":0,"href":"https:\/\/jorgezanoni.com.br\/2019\/wp-json\/wp\/v2\/posts\/54251\/revisions"}],"wp:featuredmedia":[{"embeddable":true,"href":"https:\/\/jorgezanoni.com.br\/2019\/wp-json\/wp\/v2\/media\/54253"}],"wp:attachment":[{"href":"https:\/\/jorgezanoni.com.br\/2019\/wp-json\/wp\/v2\/media?parent=54251"}],"wp:term":[{"taxonomy":"category","embeddable":true,"href":"https:\/\/jorgezanoni.com.br\/2019\/wp-json\/wp\/v2\/categories?post=54251"},{"taxonomy":"post_tag","embeddable":true,"href":"https:\/\/jorgezanoni.com.br\/2019\/wp-json\/wp\/v2\/tags?post=54251"}],"curies":[{"name":"wp","href":"https:\/\/api.w.org\/{rel}","templated":true}]}}