{"id":54247,"date":"2021-09-27T15:09:54","date_gmt":"2021-09-27T15:09:54","guid":{"rendered":"https:\/\/jorgezanoni.com.br\/2019\/?p=54247"},"modified":"2021-09-27T20:02:49","modified_gmt":"2021-09-27T20:02:49","slug":"morre-o-antigo-morador-de-dracena-sr-eugenio-mura","status":"publish","type":"post","link":"https:\/\/jorgezanoni.com.br\/2019\/morre-o-antigo-morador-de-dracena-sr-eugenio-mura\/","title":{"rendered":"Morre o antigo morador de Dracena Sr. Eug\u00eanio Mura"},"content":{"rendered":"<p style=\"text-align: justify;\">Comunicamos com pesar o falecimento do Sr. Eug\u00eanio Mura de 89 anos. \u00c9 antigo morador de Dracena e foi empres\u00e1rio por muitos anos no ramo de bebidas. Tamb\u00e9m foi presidente do Dracena F.C.<\/p>\n<p style=\"text-align: justify;\">Deixa exposa, filhos, noras, genros, netos, bisnetos, demais familiares e amigos.<\/p>\n<p>A despedida est\u00e1 acontecendo no Memorial Vida Prev desde \u00e0s 15 HS. at\u00e9 \u00e0s 21 Hs., quando o f\u00e9retro sair\u00e1 para a cidade de Ara\u00e7atuba, onde ser\u00e1 cremado.<\/p>\n<p style=\"text-align: justify;\">O Site JZ se solidariza com a familia e amigos, neste dif\u00edcil momento.<\/p>\n<p style=\"text-align: justify;\">Jorge Zanoni<\/p>\n<p>&nbsp;<\/p>\n","protected":false},"excerpt":{"rendered":"<p>Comunicamos com pesar o falecimento do Sr. Eug\u00eanio Mura de 89 anos. \u00c9 antigo morador de Dracena e foi empres\u00e1rio por muitos anos no ramo de bebidas. Tamb\u00e9m foi presidente do Dracena F.C. Deixa exposa, filhos, noras, genros, netos, bisnetos, demais familiares e amigos. A despedida est\u00e1 acontecendo no Memorial Vida Prev desde \u00e0s 15 [&hellip;]<\/p>\n","protected":false},"author":1,"featured_media":54248,"comment_status":"closed","ping_status":"open","sticky":false,"template":"","format":"standard","meta":{"footnotes":""},"categories":[178,110],"tags":[],"class_list":["post-54247","post","type-post","status-publish","format-standard","has-post-thumbnail","hentry","category-notadefalecimento","category-noticiasdestaque"],"_links":{"self":[{"href":"https:\/\/jorgezanoni.com.br\/2019\/wp-json\/wp\/v2\/posts\/54247","targetHints":{"allow":["GET"]}}],"collection":[{"href":"https:\/\/jorgezanoni.com.br\/2019\/wp-json\/wp\/v2\/posts"}],"about":[{"href":"https:\/\/jorgezanoni.com.br\/2019\/wp-json\/wp\/v2\/types\/post"}],"author":[{"embeddable":true,"href":"https:\/\/jorgezanoni.com.br\/2019\/wp-json\/wp\/v2\/users\/1"}],"replies":[{"embeddable":true,"href":"https:\/\/jorgezanoni.com.br\/2019\/wp-json\/wp\/v2\/comments?post=54247"}],"version-history":[{"count":0,"href":"https:\/\/jorgezanoni.com.br\/2019\/wp-json\/wp\/v2\/posts\/54247\/revisions"}],"wp:featuredmedia":[{"embeddable":true,"href":"https:\/\/jorgezanoni.com.br\/2019\/wp-json\/wp\/v2\/media\/54248"}],"wp:attachment":[{"href":"https:\/\/jorgezanoni.com.br\/2019\/wp-json\/wp\/v2\/media?parent=54247"}],"wp:term":[{"taxonomy":"category","embeddable":true,"href":"https:\/\/jorgezanoni.com.br\/2019\/wp-json\/wp\/v2\/categories?post=54247"},{"taxonomy":"post_tag","embeddable":true,"href":"https:\/\/jorgezanoni.com.br\/2019\/wp-json\/wp\/v2\/tags?post=54247"}],"curies":[{"name":"wp","href":"https:\/\/api.w.org\/{rel}","templated":true}]}}