{"id":54240,"date":"2021-09-27T14:22:09","date_gmt":"2021-09-27T14:22:09","guid":{"rendered":"https:\/\/jorgezanoni.com.br\/2019\/?p=54240"},"modified":"2021-09-27T14:22:09","modified_gmt":"2021-09-27T14:22:09","slug":"fcat-unesp-faz-balanco-das-atividades-durante-a-pandemia","status":"publish","type":"post","link":"https:\/\/jorgezanoni.com.br\/2019\/fcat-unesp-faz-balanco-das-atividades-durante-a-pandemia\/","title":{"rendered":"FCAT\/Unesp faz balan\u00e7o das atividades durante a pandemia"},"content":{"rendered":"<div dir=\"ltr\">\n<div class=\"v1gmail-small-12 v1gmail-large-9 v1gmail-columns\">\n<p class=\"v1gmail-subtitulo-noticia\" style=\"text-align: justify;\"><b>Unidade realiza o retorno das atividades presenciais de forma respons\u00e1vel<\/b><\/p>\n<\/div>\n<p class=\"v1gmail-data-e-creditos\" style=\"text-align: justify;\">Seguindo as recomenda\u00e7\u00f5es do Minist\u00e9rio da Sa\u00fade e da Secretaria de Estado da Sa\u00fade referentes \u00e0 pandemia do Covid-19, a FCAT (Faculdade de Ci\u00eancias Agr\u00e1rias e Tecnol\u00f3gicas da Unesp \u2013 C\u00e2mpus de Dracena) determinou a suspens\u00e3o das aulas presenciais a partir de 16 de mar\u00e7o de 2020. Assim como as atividades administrativas em que se adotou o regime de teletrabalho, revezamento e\/ou escalonamento para todos os servidores.<\/p>\n<div class=\"v1gmail-row\">\n<div class=\"v1gmail-small-12 v1gmail-large-9 v1gmail-columns\">\n<div class=\"v1gmail-texto-noticia\">\n<div class=\"v1gmail-wrapper-conteudo-tinymce\">\n<p style=\"text-align: justify;\">Desde ent\u00e3o, alguns setores da FCAT passaram a funcionar de forma remota, enquanto que as atividades essenciais foram mantidas presencialmente. Segundo o diretor da unidade, professor F\u00e1bio Mingatto, &#8220;com o desenvolvimento da pandemia e as recomenda\u00e7\u00f5es do Comit\u00ea Unesp Covid-19, gradualmente fomos retomando algumas atividades consideradas essenciais, seguindo todas as medidas de seguran\u00e7a e distanciamento. Dessa forma, n\u00e3o tivemos nenhum caso espec\u00edfico relacionado \u00e0 transmiss\u00e3o da Covid-19 em nosso C\u00e2mpus&#8221;.<\/p>\n<p style=\"text-align: justify;\">Os alunos ingressantes da gradua\u00e7\u00e3o em 2020 foram recepcionados em nossa unidade universit\u00e1ria e, na sequ\u00eancia, as aulas presenciais foram suspensas e foi adotado o ensino remoto emergencial. Foram 111 alunos ingressando por meio do vestibular e de transfer\u00eancia. J\u00e1 em 2021, mesmo com o adiamento da segunda fase do vestibular da Vunesp, matriculamos 94 alunos via vestibular e 9 alunos por outras formas, como transfer\u00eancia e segunda gradua\u00e7\u00e3o (portador de diploma).<\/p>\n<p style=\"text-align: justify;\">At\u00e9 o presente momento, temos 467 alunos realizando a gradua\u00e7\u00e3o com ensino na forma remota, sendo 242 cursando Engenharia Agron\u00f4mica e 225 na Zootecnia. A Vice-diretora da FCAT, professora Sirlei Maest\u00e1, ressalta que &#8220;durante a pandemia, 85 alunos conclu\u00edram a gradua\u00e7\u00e3o. Realizamos duas cerim\u00f4nias de cola\u00e7\u00e3o de grau com transmiss\u00e3o ao vivo pelo YouTube, sendo o primeiro C\u00e2mpus da Unesp a utilizar este canal que proporcionou aos familiares e amigos dos graduandos acompanharem a cerim\u00f4nia mesmo \u00e0 dist\u00e2ncia&#8221;.<\/p>\n<p style=\"text-align: justify;\">Neste mesmo per\u00edodo, algumas atividades obrigat\u00f3rias para a conclus\u00e3o do curso de gradua\u00e7\u00e3o, tamb\u00e9m, foram adaptadas para o ambiente virtual. Foram 115 defesas de trabalho de conclus\u00e3o de curso e 85 defesas de est\u00e1gio obrigat\u00f3rio supervisionado. Outras atividades como o desenvolvimento de Trabalhos de Conclus\u00e3o de Curso foram mantidas presencialmente.<\/p>\n<p style=\"text-align: justify;\">Al\u00e9m dos seus dois cursos de gradua\u00e7\u00e3o: Engenharia Agron\u00f4mica e Zootecnia, a FCAT oferece um curso de p\u00f3s-gradua\u00e7\u00e3o em Ci\u00eancia e Tecnologia Animal (CTA) Interunidades do C\u00e2mpus de Ilha\u00a0Solteira e C\u00e2mpus de Dracena, n\u00edvel Mestrado Acad\u00eamico, com 60 alunos matriculados.<\/p>\n<p style=\"text-align: justify;\">Durante este um ano e meio de pandemia, as atividades de pesquisas v\u00eam sendo realizadas dentro das normas de seguran\u00e7a sanit\u00e1ria, pois v\u00e1rias pesquisas desenvolvidas no C\u00e2mpus de Dracena envolvem organismos vivos, como plantas, animais, fungos e c\u00e9lulas. Sendo assim, as pesquisas e os cuidados com esses organismos s\u00e3o atividades essenciais e n\u00e3o foram interrompidas durante a quarentena. Estas pesquisas geraram um total de 166 artigos cient\u00edficos publicados em revistas cient\u00edficas nacionais e internacionais somente durante o per\u00edodo de pandemia.<\/p>\n<p style=\"text-align: justify;\">De mar\u00e7o de 2020 a agosto de 2021, foram realizadas 16 defesas de disserta\u00e7\u00e3o de mestrado, o \u00faltimo requisito para obten\u00e7\u00e3o do t\u00edtulo de mestre. Todas as atividades acad\u00eamicas da p\u00f3s-gradua\u00e7\u00e3o tamb\u00e9m est\u00e3o sendo realizadas na forma remota, enquanto que as atividades de pesquisa continuaram presenciais, sempre obedecendo os crit\u00e9rios de seguran\u00e7a da Unesp e das autoridades da sa\u00fade.<\/p>\n<p style=\"text-align: justify;\">Ainda nesse mesmo per\u00edodo, ocorreram 10 defesas de disserta\u00e7\u00e3o de mestrado orientadas por docentes da FCAT credenciados no Programa de P\u00f3s-gradua\u00e7\u00e3o em Agronomia da FEIS \u2013 Faculdade de Engenharia de Ilha\u00a0Solteira da Unesp. Mesmo o programa pertencendo a outra unidade da Unesp, os trabalhos pr\u00e1ticos de pesquisa s\u00e3o executados em nossa institui\u00e7\u00e3o.<\/p>\n<p style=\"text-align: justify;\">Em adi\u00e7\u00e3o \u00e0s atividades de ensino e pesquisa, durante este est\u00e1gio em que vivemos, na unidade universit\u00e1ria da Unesp em Dracena, foram realizados 6 projetos de extens\u00e3o e 2 programas de extens\u00e3o anuais.<\/p>\n<p style=\"text-align: justify;\">A Unati-Universidade Aberta \u00e0 Terceira Idade, realizada em parceria com a Funda\u00e7\u00e3o Dracenense de Educa\u00e7\u00e3o e Cultura\/Unifadra e apoio da Prefeitura Municipal de Dracena, foi suspensa em 2020, retornando agora em 2021 de forma online. S\u00e3o 16 pessoas atendidas pelo programa agora no segundo semestre de 2021.<\/p>\n<p style=\"text-align: justify;\">J\u00e1 o Cursinho Pr\u00e9-Vestibular Alvo manteve suas aulas no formato online atendendo 231 alunos de forma gratuita no per\u00edodo. Em 2020, recebemos 120 pr\u00e9-vestibulandos e no presente ano s\u00e3o 111 alunos matriculados.<\/p>\n<p style=\"text-align: justify;\">Em 26 de agosto de 2021, o Comit\u00ea Unesp Covid-19 divulgou as normas para o retorno das atividades administrativas e acad\u00eamicas, seguindo as novas diretrizes e o protocolo sanit\u00e1rio para o setor educacional, elaborado pelo governo estadual. Para quaisquer atividades presenciais, sejam elas acad\u00eamicas ou administrativas, os protocolos sanit\u00e1rios dever\u00e3o ser rigorosamente respeitados, garantindo a tranquilidade e evitando colocar em risco a sa\u00fade de qualquer um de nossos membros docentes, t\u00e9cnico-administrativos, discentes ou colaboradores terceirizados.<\/p>\n<p style=\"text-align: justify;\"><img loading=\"lazy\" decoding=\"async\" class=\"alignnone size-full wp-image-54242\" src=\"https:\/\/jorgezanoni.com.br\/2019\/wp-content\/uploads\/2021\/09\/unesp1.jpg\" alt=\"\" width=\"960\" height=\"640\" srcset=\"https:\/\/jorgezanoni.com.br\/2019\/wp-content\/uploads\/2021\/09\/unesp1.jpg 960w, https:\/\/jorgezanoni.com.br\/2019\/wp-content\/uploads\/2021\/09\/unesp1-300x200.jpg 300w, https:\/\/jorgezanoni.com.br\/2019\/wp-content\/uploads\/2021\/09\/unesp1-768x512.jpg 768w, https:\/\/jorgezanoni.com.br\/2019\/wp-content\/uploads\/2021\/09\/unesp1-696x464.jpg 696w, https:\/\/jorgezanoni.com.br\/2019\/wp-content\/uploads\/2021\/09\/unesp1-630x420.jpg 630w\" sizes=\"auto, (max-width: 960px) 100vw, 960px\" \/> <img loading=\"lazy\" decoding=\"async\" class=\"alignnone size-full wp-image-54243\" src=\"https:\/\/jorgezanoni.com.br\/2019\/wp-content\/uploads\/2021\/09\/unesp2.jpg\" alt=\"\" width=\"768\" height=\"512\" srcset=\"https:\/\/jorgezanoni.com.br\/2019\/wp-content\/uploads\/2021\/09\/unesp2.jpg 768w, https:\/\/jorgezanoni.com.br\/2019\/wp-content\/uploads\/2021\/09\/unesp2-300x200.jpg 300w, https:\/\/jorgezanoni.com.br\/2019\/wp-content\/uploads\/2021\/09\/unesp2-696x464.jpg 696w, https:\/\/jorgezanoni.com.br\/2019\/wp-content\/uploads\/2021\/09\/unesp2-630x420.jpg 630w\" sizes=\"auto, (max-width: 768px) 100vw, 768px\" \/>Fonte: <span class=\"v1gmail-item\">Diretoria da FCAT\/Unesp<\/span><\/p>\n<\/div>\n<\/div>\n<\/div>\n<\/div>\n<\/div>\n","protected":false},"excerpt":{"rendered":"<p>Unidade realiza o retorno das atividades presenciais de forma respons\u00e1vel Seguindo as recomenda\u00e7\u00f5es do Minist\u00e9rio da Sa\u00fade e da Secretaria de Estado da Sa\u00fade referentes \u00e0 pandemia do Covid-19, a FCAT (Faculdade de Ci\u00eancias Agr\u00e1rias e Tecnol\u00f3gicas da Unesp \u2013 C\u00e2mpus de Dracena) determinou a suspens\u00e3o das aulas presenciais a partir de 16 de mar\u00e7o [&hellip;]<\/p>\n","protected":false},"author":1,"featured_media":54241,"comment_status":"closed","ping_status":"open","sticky":false,"template":"","format":"standard","meta":{"footnotes":""},"categories":[110,122],"tags":[],"class_list":["post-54240","post","type-post","status-publish","format-standard","has-post-thumbnail","hentry","category-noticiasdestaque","category-saudeeducacaoeconcurso"],"_links":{"self":[{"href":"https:\/\/jorgezanoni.com.br\/2019\/wp-json\/wp\/v2\/posts\/54240","targetHints":{"allow":["GET"]}}],"collection":[{"href":"https:\/\/jorgezanoni.com.br\/2019\/wp-json\/wp\/v2\/posts"}],"about":[{"href":"https:\/\/jorgezanoni.com.br\/2019\/wp-json\/wp\/v2\/types\/post"}],"author":[{"embeddable":true,"href":"https:\/\/jorgezanoni.com.br\/2019\/wp-json\/wp\/v2\/users\/1"}],"replies":[{"embeddable":true,"href":"https:\/\/jorgezanoni.com.br\/2019\/wp-json\/wp\/v2\/comments?post=54240"}],"version-history":[{"count":0,"href":"https:\/\/jorgezanoni.com.br\/2019\/wp-json\/wp\/v2\/posts\/54240\/revisions"}],"wp:featuredmedia":[{"embeddable":true,"href":"https:\/\/jorgezanoni.com.br\/2019\/wp-json\/wp\/v2\/media\/54241"}],"wp:attachment":[{"href":"https:\/\/jorgezanoni.com.br\/2019\/wp-json\/wp\/v2\/media?parent=54240"}],"wp:term":[{"taxonomy":"category","embeddable":true,"href":"https:\/\/jorgezanoni.com.br\/2019\/wp-json\/wp\/v2\/categories?post=54240"},{"taxonomy":"post_tag","embeddable":true,"href":"https:\/\/jorgezanoni.com.br\/2019\/wp-json\/wp\/v2\/tags?post=54240"}],"curies":[{"name":"wp","href":"https:\/\/api.w.org\/{rel}","templated":true}]}}