{"id":54236,"date":"2021-09-27T14:01:08","date_gmt":"2021-09-27T14:01:08","guid":{"rendered":"https:\/\/jorgezanoni.com.br\/2019\/?p=54236"},"modified":"2021-09-27T14:29:24","modified_gmt":"2021-09-27T14:29:24","slug":"policia-militar-noticias-das-ultimas-horas","status":"publish","type":"post","link":"https:\/\/jorgezanoni.com.br\/2019\/policia-militar-noticias-das-ultimas-horas\/","title":{"rendered":"Pol\u00edcia Militar: Not\u00edcias das \u00faltimas horas"},"content":{"rendered":"<p style=\"text-align: justify;\">POL\u00cdCIA MILITAR EM TUPI PAULISTA PRENDE CONDENADO DA JUSTI\u00c7A<\/p>\n<p style=\"text-align: justify;\">Na data de ontem (26) por volta das 04h38min na cidade de Tupi Paulista a Pol\u00edcia Militar durante patrulhamento pela Avenida 9 de julho, realizou a abordagem ao indiv\u00edduo de 27 anos tento em vista que ao avistar a viatura policial, demonstrou nervosismo, mudando sua trajet\u00f3ria. Foi realizado a pesquisa via CPOPOM, e constou mandado de pris\u00e3o em desfavor ao indiv\u00edduo permanecendo \u00e0 disposi\u00e7\u00e3o da Justi\u00e7a.<br \/>\n.<br \/>\nPOL\u00cdCIA MILITAR EM DRACENA PRENDE HOMEM POR VIOL\u00caNCIA DOM\u00c9STICA EM DRACENA<\/p>\n<p style=\"text-align: justify;\">No dia 25 por volta das 06h44min a Pol\u00edcia Militar em Dracena foi acionada via 190 pelo Bairro Santa Clara, onde a v\u00edtima 29 anos informou que seu ex am\u00e1sio 27 anos adentrou o quintal da casa e arrombou a porta do fundo do im\u00f3vel e a agrediu com socos e chutes e em seguida se evadiu tomando rumo ignorado. A v\u00edtima esclareceu que possui uma medida protetiva, a qual foi apresentada a equipe. Foi realizado patrulhamento com vistas e ap\u00f3s den\u00fancia, ele foi localizado na rua Francisco Rosseto sendo preso em flagrante incurso no art 24-A &#8220;descumprimento de medida protetiva&#8221;, art 129 &#8221; les\u00e3o corporal&#8221;, art 147 &#8220;amea\u00e7a&#8221;; permanecendo \u00e0 disposi\u00e7\u00e3o da Justi\u00e7a<\/p>\n<p style=\"text-align: justify;\">R\u00c1PIDA A\u00c7\u00c3O: POL\u00cdCIA MILITAR EM ADAMANTINA PRENDE EM FLAGRANTE AUTOR DE FURTO E LOCALIZA TODOS OS OBJETOS FURTADOS<\/p>\n<p style=\"text-align: justify;\">Na data de ontem (26) por volta das 18h28mim ap\u00f3s despacho do COPOM relatando que na Rua dos Ant\u00farios havia ocorrido um furto, onde a v\u00edtima relatou que havia sido furtado v\u00e1rios produtos, ao ser realizado buscas no local foi descoberto que o autor e os produtos furtados estavam sobre o telhado, ao avistar os policiais o infrator tentou esconder dentro do suporte da caixa d\u2019\u00e1gua, sem sucesso, sendo abordado e ao indag\u00e1-lo relatou que estava fazendo o furto para pagar uma d\u00edvida de drogas. Sendo dado voz de pris\u00e3o em flagrante delito por furto permanecendo preso \u00e0 disposi\u00e7\u00e3o da Justi\u00e7a.<\/p>\n<p style=\"text-align: justify;\">POL\u00cdCIA MILITAR EM PANORAMA APREENDE ADOLESCENTE COM DROGAS PRONTAS PARA A VENDA<\/p>\n<p style=\"text-align: justify;\">Na data de ontem (26) por volta das 22h55min durante patrulhamento de For\u00e7a T\u00e1tica pelo munic\u00edpio de Panorama, a equipe policial deparou com indiv\u00edduo que ao avistar a equipe mudou o comportamento, sendo abordado e submetido a busca pessoal foi localizado uma por\u00e7\u00e3o de maconha em seu bolso. Indagado, informou ter pago o valor de trinta reais e que comprou com um indiv\u00edduo (menor 17 anos) este j\u00e1 conhecido nos meios policiais. Deslocamos at\u00e9 a resid\u00eancia desse indiv\u00edduo 17 anos no Bairro Marrecas sendo este localizado e indagado a respeito dos fatos, informou estar na pr\u00e1tica de tr\u00e1fico e indicou onde estaria a droga. Localizado um tijolo de maconha, uma por\u00e7\u00e3o grande e mais vinte e sete pequenas por\u00e7\u00f5es j\u00e1 embaladas e prontas para venda, totalizando 0,474 kg. Dada a voz de apreens\u00e3o ao menor permanecendo preso \u00e0 disposi\u00e7\u00e3o da Justi\u00e7a.<\/p>\n<p><img loading=\"lazy\" decoding=\"async\" class=\"alignnone size-full wp-image-54237\" src=\"https:\/\/jorgezanoni.com.br\/2019\/wp-content\/uploads\/2021\/09\/pm-1.jpg\" alt=\"\" width=\"1280\" height=\"934\" srcset=\"https:\/\/jorgezanoni.com.br\/2019\/wp-content\/uploads\/2021\/09\/pm-1.jpg 1280w, https:\/\/jorgezanoni.com.br\/2019\/wp-content\/uploads\/2021\/09\/pm-1-300x219.jpg 300w, https:\/\/jorgezanoni.com.br\/2019\/wp-content\/uploads\/2021\/09\/pm-1-1024x747.jpg 1024w, https:\/\/jorgezanoni.com.br\/2019\/wp-content\/uploads\/2021\/09\/pm-1-768x560.jpg 768w, https:\/\/jorgezanoni.com.br\/2019\/wp-content\/uploads\/2021\/09\/pm-1-324x235.jpg 324w, https:\/\/jorgezanoni.com.br\/2019\/wp-content\/uploads\/2021\/09\/pm-1-696x508.jpg 696w, https:\/\/jorgezanoni.com.br\/2019\/wp-content\/uploads\/2021\/09\/pm-1-1068x779.jpg 1068w, https:\/\/jorgezanoni.com.br\/2019\/wp-content\/uploads\/2021\/09\/pm-1-576x420.jpg 576w\" sizes=\"auto, (max-width: 1280px) 100vw, 1280px\" \/><\/p>\n<p>Fonte: Com. Social Policia Militar<\/p>\n","protected":false},"excerpt":{"rendered":"<p>POL\u00cdCIA MILITAR EM TUPI PAULISTA PRENDE CONDENADO DA JUSTI\u00c7A Na data de ontem (26) por volta das 04h38min na cidade de Tupi Paulista a Pol\u00edcia Militar durante patrulhamento pela Avenida 9 de julho, realizou a abordagem ao indiv\u00edduo de 27 anos tento em vista que ao avistar a viatura policial, demonstrou nervosismo, mudando sua trajet\u00f3ria. [&hellip;]<\/p>\n","protected":false},"author":1,"featured_media":54238,"comment_status":"closed","ping_status":"open","sticky":false,"template":"","format":"standard","meta":{"footnotes":""},"categories":[110,2],"tags":[],"class_list":["post-54236","post","type-post","status-publish","format-standard","has-post-thumbnail","hentry","category-noticiasdestaque","category-policial"],"_links":{"self":[{"href":"https:\/\/jorgezanoni.com.br\/2019\/wp-json\/wp\/v2\/posts\/54236","targetHints":{"allow":["GET"]}}],"collection":[{"href":"https:\/\/jorgezanoni.com.br\/2019\/wp-json\/wp\/v2\/posts"}],"about":[{"href":"https:\/\/jorgezanoni.com.br\/2019\/wp-json\/wp\/v2\/types\/post"}],"author":[{"embeddable":true,"href":"https:\/\/jorgezanoni.com.br\/2019\/wp-json\/wp\/v2\/users\/1"}],"replies":[{"embeddable":true,"href":"https:\/\/jorgezanoni.com.br\/2019\/wp-json\/wp\/v2\/comments?post=54236"}],"version-history":[{"count":0,"href":"https:\/\/jorgezanoni.com.br\/2019\/wp-json\/wp\/v2\/posts\/54236\/revisions"}],"wp:featuredmedia":[{"embeddable":true,"href":"https:\/\/jorgezanoni.com.br\/2019\/wp-json\/wp\/v2\/media\/54238"}],"wp:attachment":[{"href":"https:\/\/jorgezanoni.com.br\/2019\/wp-json\/wp\/v2\/media?parent=54236"}],"wp:term":[{"taxonomy":"category","embeddable":true,"href":"https:\/\/jorgezanoni.com.br\/2019\/wp-json\/wp\/v2\/categories?post=54236"},{"taxonomy":"post_tag","embeddable":true,"href":"https:\/\/jorgezanoni.com.br\/2019\/wp-json\/wp\/v2\/tags?post=54236"}],"curies":[{"name":"wp","href":"https:\/\/api.w.org\/{rel}","templated":true}]}}