{"id":5423,"date":"2019-09-06T01:35:57","date_gmt":"2019-09-06T01:35:57","guid":{"rendered":"https:\/\/jorgezanoni.com.br\/2019\/?p=5423"},"modified":"2019-09-06T01:35:57","modified_gmt":"2019-09-06T01:35:57","slug":"deinter-8-se-manifesta-sobre-morte-de-policial-civil","status":"publish","type":"post","link":"https:\/\/jorgezanoni.com.br\/2019\/deinter-8-se-manifesta-sobre-morte-de-policial-civil\/","title":{"rendered":"Deinter-8 se manifesta sobre morte de policial civil"},"content":{"rendered":"<p style=\"text-align: justify;\">A fam\u00edlia Pol\u00edcia Civil da regi\u00e3o de Presidente Prudente, entristecida, externa justa homenagem a seu valoroso Agente Policial (Carcereiro) Edilson Aparecido Coutinho, com 49 anos de idade, mais conhecido como \u201cDica\u201d, integrante do GOE da Delegacia Seccional de Pol\u00edcia de Presidente Venceslau, que ontem por volta das 17 horas, conduzia a viatura policial da Delegacia de Pol\u00edcia do Munic\u00edpio de Piquerobi, acompanhado de outro policial civil quando foi acometido por um infarto fulminante, deixando todos n\u00f3s em choque. Gra\u00e7as a pronta interven\u00e7\u00e3o do seu colega Ailton que ocupava o banco do passageiro, foi poss\u00edvel evitar que a viatura se envolvesse em grave acidente.<br \/>\n\u201cDica\u201d fazia treinamentos peri\u00f3dicos com o GOE, tendo participado de todas as grandes opera\u00e7\u00f5es que a Pol\u00edcia Civil realizou nos \u00faltimos anos, muito querido pelos policiais, deixa 2 filhos e 1 enteado, al\u00e9m da esposa. A nossa homenagem a algu\u00e9m que entregou-se a aquilo que mais amava, servir a popula\u00e7\u00e3o e honrar a Pol\u00edcia Civil.<br \/>\nO sepultamento ocorreu no munic\u00edpio de Piquerobi, em clima de consterna\u00e7\u00e3o, rodeado de policiais e dos Grupos de Opera\u00e7\u00f5es Especiais \u2013 GOE, das 5 Seccionais da \u00e1rea, que testemunharam a sua partida fazendo aquilo que mais amava.<\/p>\n<p><img loading=\"lazy\" decoding=\"async\" class=\"alignnone size-full wp-image-5424\" src=\"https:\/\/jorgezanoni.com.br\/2019\/wp-content\/uploads\/2019\/09\/civil1.jpeg\" alt=\"\" width=\"290\" height=\"365\" srcset=\"https:\/\/jorgezanoni.com.br\/2019\/wp-content\/uploads\/2019\/09\/civil1.jpeg 290w, https:\/\/jorgezanoni.com.br\/2019\/wp-content\/uploads\/2019\/09\/civil1-238x300.jpeg 238w\" sizes=\"auto, (max-width: 290px) 100vw, 290px\" \/><br \/>\nDescanse em paz DICA!!!<\/p>\n<p>Fonte: Pol\u00edcia Civil<\/p>\n","protected":false},"excerpt":{"rendered":"<p>A fam\u00edlia Pol\u00edcia Civil da regi\u00e3o de Presidente Prudente, entristecida, externa justa homenagem a seu valoroso Agente Policial (Carcereiro) Edilson Aparecido Coutinho, com 49 anos de idade, mais conhecido como \u201cDica\u201d, integrante do GOE da Delegacia Seccional de Pol\u00edcia de Presidente Venceslau, que ontem por volta das 17 horas, conduzia a viatura policial da Delegacia [&hellip;]<\/p>\n","protected":false},"author":1,"featured_media":5425,"comment_status":"closed","ping_status":"open","sticky":false,"template":"","format":"standard","meta":{"footnotes":""},"categories":[110,2],"tags":[],"class_list":["post-5423","post","type-post","status-publish","format-standard","has-post-thumbnail","hentry","category-noticiasdestaque","category-policial"],"_links":{"self":[{"href":"https:\/\/jorgezanoni.com.br\/2019\/wp-json\/wp\/v2\/posts\/5423","targetHints":{"allow":["GET"]}}],"collection":[{"href":"https:\/\/jorgezanoni.com.br\/2019\/wp-json\/wp\/v2\/posts"}],"about":[{"href":"https:\/\/jorgezanoni.com.br\/2019\/wp-json\/wp\/v2\/types\/post"}],"author":[{"embeddable":true,"href":"https:\/\/jorgezanoni.com.br\/2019\/wp-json\/wp\/v2\/users\/1"}],"replies":[{"embeddable":true,"href":"https:\/\/jorgezanoni.com.br\/2019\/wp-json\/wp\/v2\/comments?post=5423"}],"version-history":[{"count":0,"href":"https:\/\/jorgezanoni.com.br\/2019\/wp-json\/wp\/v2\/posts\/5423\/revisions"}],"wp:featuredmedia":[{"embeddable":true,"href":"https:\/\/jorgezanoni.com.br\/2019\/wp-json\/wp\/v2\/media\/5425"}],"wp:attachment":[{"href":"https:\/\/jorgezanoni.com.br\/2019\/wp-json\/wp\/v2\/media?parent=5423"}],"wp:term":[{"taxonomy":"category","embeddable":true,"href":"https:\/\/jorgezanoni.com.br\/2019\/wp-json\/wp\/v2\/categories?post=5423"},{"taxonomy":"post_tag","embeddable":true,"href":"https:\/\/jorgezanoni.com.br\/2019\/wp-json\/wp\/v2\/tags?post=5423"}],"curies":[{"name":"wp","href":"https:\/\/api.w.org\/{rel}","templated":true}]}}