{"id":54211,"date":"2021-09-26T14:05:33","date_gmt":"2021-09-26T14:05:33","guid":{"rendered":"https:\/\/jorgezanoni.com.br\/2019\/?p=54211"},"modified":"2021-09-26T14:05:33","modified_gmt":"2021-09-26T14:05:33","slug":"policia-militar-de-pauliceia-prende-homem-por-porte-ilegal-de-arma-de-fogo","status":"publish","type":"post","link":"https:\/\/jorgezanoni.com.br\/2019\/policia-militar-de-pauliceia-prende-homem-por-porte-ilegal-de-arma-de-fogo\/","title":{"rendered":"Pol\u00edcia Militar de Paulic\u00e9ia prende homem por porte ilegal de Arma de Fogo"},"content":{"rendered":"<p style=\"text-align: justify;\"><strong>O fato ocorreu na data de ontem, 25 de setembro, por volta das 17h22min, pela Rua General Vargas &#8211; Centro, Paulic\u00e9ia\/SP.<\/strong><\/p>\n<p style=\"text-align: justify;\">Ap\u00f3s solicita\u00e7\u00e3o via Copom para atendimento de ocorr\u00eancia de desintelig\u00eancia com uma das partes em posse de uma arma de fogo, os policiais militares se deslocaram ao local de imediato. Em contato com a v\u00edtima (46 anos) informou que ap\u00f3s desentendimento, o autor (57 anos) o amea\u00e7ou com uma espingarda. De posse das informa\u00e7\u00f5es realizou dilig\u00eancias, obtendo \u00eaxito em localiz\u00e1-lo defronte a sua resid\u00eancia. Em contato com o autor, ao ser indagado sobre os fatos afirmou a propriedade da arma. Diante do exposto foi proferida a voz de pris\u00e3o por porte ilegal de arma de fogo e o autor permaneceu preso e \u00e0 disposi\u00e7\u00e3o da justi\u00e7a. Foi apreendido uma espingarda cal. 36, 03 (tr\u00eas) muni\u00e7\u00f5es intactas e 01 (uma) deflagrada.<\/p>\n<p style=\"text-align: justify;\">#25BPMI4CIA<br \/>\n#POL\u00cdCIAMILITARSP<br \/>\n#AFOR\u00c7AP\u00daBLICADES\u00c3OPAULO<\/p>\n<p style=\"text-align: justify;\">Comunica\u00e7\u00e3o social do 25\u00ba BPM\/I 4\u00aa Cia PM<\/p>\n","protected":false},"excerpt":{"rendered":"<p>O fato ocorreu na data de ontem, 25 de setembro, por volta das 17h22min, pela Rua General Vargas &#8211; Centro, Paulic\u00e9ia\/SP. Ap\u00f3s solicita\u00e7\u00e3o via Copom para atendimento de ocorr\u00eancia de desintelig\u00eancia com uma das partes em posse de uma arma de fogo, os policiais militares se deslocaram ao local de imediato. Em contato com a [&hellip;]<\/p>\n","protected":false},"author":1,"featured_media":54212,"comment_status":"closed","ping_status":"open","sticky":false,"template":"","format":"standard","meta":{"footnotes":""},"categories":[110,2],"tags":[],"class_list":["post-54211","post","type-post","status-publish","format-standard","has-post-thumbnail","hentry","category-noticiasdestaque","category-policial"],"_links":{"self":[{"href":"https:\/\/jorgezanoni.com.br\/2019\/wp-json\/wp\/v2\/posts\/54211","targetHints":{"allow":["GET"]}}],"collection":[{"href":"https:\/\/jorgezanoni.com.br\/2019\/wp-json\/wp\/v2\/posts"}],"about":[{"href":"https:\/\/jorgezanoni.com.br\/2019\/wp-json\/wp\/v2\/types\/post"}],"author":[{"embeddable":true,"href":"https:\/\/jorgezanoni.com.br\/2019\/wp-json\/wp\/v2\/users\/1"}],"replies":[{"embeddable":true,"href":"https:\/\/jorgezanoni.com.br\/2019\/wp-json\/wp\/v2\/comments?post=54211"}],"version-history":[{"count":0,"href":"https:\/\/jorgezanoni.com.br\/2019\/wp-json\/wp\/v2\/posts\/54211\/revisions"}],"wp:featuredmedia":[{"embeddable":true,"href":"https:\/\/jorgezanoni.com.br\/2019\/wp-json\/wp\/v2\/media\/54212"}],"wp:attachment":[{"href":"https:\/\/jorgezanoni.com.br\/2019\/wp-json\/wp\/v2\/media?parent=54211"}],"wp:term":[{"taxonomy":"category","embeddable":true,"href":"https:\/\/jorgezanoni.com.br\/2019\/wp-json\/wp\/v2\/categories?post=54211"},{"taxonomy":"post_tag","embeddable":true,"href":"https:\/\/jorgezanoni.com.br\/2019\/wp-json\/wp\/v2\/tags?post=54211"}],"curies":[{"name":"wp","href":"https:\/\/api.w.org\/{rel}","templated":true}]}}