{"id":54166,"date":"2021-09-25T19:21:03","date_gmt":"2021-09-25T19:21:03","guid":{"rendered":"https:\/\/jorgezanoni.com.br\/2019\/?p=54166"},"modified":"2021-09-25T19:30:09","modified_gmt":"2021-09-25T19:30:09","slug":"adamantina-e-regiao-ganham-a-oeste-saude","status":"publish","type":"post","link":"https:\/\/jorgezanoni.com.br\/2019\/adamantina-e-regiao-ganham-a-oeste-saude\/","title":{"rendered":"Adamantina e regi\u00e3o ganham a OESTE SA\u00daDE"},"content":{"rendered":"<p style=\"text-align: justify;\">Foi inaugurado na manh\u00e3 de quinta-feira (23) em Adamantina o Centro M\u00e9dico da Oeste Sa\u00fade. A empresa j\u00e1 atuava na cidade com planos de sa\u00fade e agora passa a oferecer um amplo e moderno espa\u00e7o, dotado de todo conforto, comodidade e bem-estar aos seus conveniados.<\/p>\n<p style=\"text-align: justify;\"><img loading=\"lazy\" decoding=\"async\" class=\"aligncenter size-large wp-image-93043 jetpack-lazy-image jetpack-lazy-image--handled\" src=\"https:\/\/i1.wp.com\/adamantinanet.com.br\/wp-content\/uploads\/2021\/09\/OESTE-SAUDE-ADAMANTINA-7.jpeg?resize=740%2C451&amp;ssl=1\" sizes=\"auto, (max-width: 740px) 100vw, 740px\" srcset=\"https:\/\/i1.wp.com\/adamantinanet.com.br\/wp-content\/uploads\/2021\/09\/OESTE-SAUDE-ADAMANTINA-7.jpeg?resize=1024%2C624&amp;ssl=1 1024w, https:\/\/i1.wp.com\/adamantinanet.com.br\/wp-content\/uploads\/2021\/09\/OESTE-SAUDE-ADAMANTINA-7.jpeg?resize=300%2C183&amp;ssl=1 300w, https:\/\/i1.wp.com\/adamantinanet.com.br\/wp-content\/uploads\/2021\/09\/OESTE-SAUDE-ADAMANTINA-7.jpeg?resize=768%2C468&amp;ssl=1 768w, https:\/\/i1.wp.com\/adamantinanet.com.br\/wp-content\/uploads\/2021\/09\/OESTE-SAUDE-ADAMANTINA-7.jpeg?w=1307&amp;ssl=1 1307w\" alt=\"\" width=\"740\" height=\"451\" data-recalc-dims=\"1\" data-lazy-loaded=\"1\" \/>O pr\u00e9dio, localizado na esquina da Avenida Adhemar de Barros com a Avenida Rio Branco, conta com \u00e1rea administrativa, escrit\u00f3rios, salas de atendimento e equipados consult\u00f3rios m\u00e9dicos.<\/p>\n<p style=\"text-align: justify;\">Um dos grandes diferenciais da Oeste Seguros, como afirmou o presidente Dr. Marcelo Cerqueira \u00e0 reportagem da TV Folha Regional, \u00e9 o atendimento humanizado dedicado aos seus conveniados e tamb\u00e9m \u00e0 popula\u00e7\u00e3o de Adamantina e regi\u00e3o que buscarem consultas particulares com descontos e pre\u00e7os bastante acess\u00edveis.<\/p>\n<p style=\"text-align: justify;\"><img loading=\"lazy\" decoding=\"async\" class=\"aligncenter size-large wp-image-93044 jetpack-lazy-image jetpack-lazy-image--handled\" src=\"https:\/\/i2.wp.com\/adamantinanet.com.br\/wp-content\/uploads\/2021\/09\/OESTE-SAUDE-ADAMANTINA-6.jpeg?resize=740%2C461&amp;ssl=1\" sizes=\"auto, (max-width: 740px) 100vw, 740px\" srcset=\"https:\/\/i2.wp.com\/adamantinanet.com.br\/wp-content\/uploads\/2021\/09\/OESTE-SAUDE-ADAMANTINA-6.jpeg?resize=1024%2C638&amp;ssl=1 1024w, https:\/\/i2.wp.com\/adamantinanet.com.br\/wp-content\/uploads\/2021\/09\/OESTE-SAUDE-ADAMANTINA-6.jpeg?resize=300%2C187&amp;ssl=1 300w, https:\/\/i2.wp.com\/adamantinanet.com.br\/wp-content\/uploads\/2021\/09\/OESTE-SAUDE-ADAMANTINA-6.jpeg?resize=768%2C479&amp;ssl=1 768w, https:\/\/i2.wp.com\/adamantinanet.com.br\/wp-content\/uploads\/2021\/09\/OESTE-SAUDE-ADAMANTINA-6.jpeg?resize=1536%2C957&amp;ssl=1 1536w, https:\/\/i2.wp.com\/adamantinanet.com.br\/wp-content\/uploads\/2021\/09\/OESTE-SAUDE-ADAMANTINA-6.jpeg?w=1600&amp;ssl=1 1600w, https:\/\/i2.wp.com\/adamantinanet.com.br\/wp-content\/uploads\/2021\/09\/OESTE-SAUDE-ADAMANTINA-6.jpeg?w=1480&amp;ssl=1 1480w\" alt=\"\" width=\"740\" height=\"461\" data-recalc-dims=\"1\" data-lazy-loaded=\"1\" \/>Rec\u00e9m-inaugurada em Adamantina, a Oeste Sa\u00fade conta com unidades em Presidente Prudente, Presidente Epit\u00e1cio e Dracena e escrit\u00f3rios em Presidente Venceslau, Osvaldo Cruz e Bataguassu\/MS.<br \/>\nDr. Marcelo ressaltou ainda que os conveniados t\u00eam \u00e0 disposi\u00e7\u00e3o aproximadamente 340 m\u00e9dicos credenciados nas mais de 25 cidades atendidas.<\/p>\n<p style=\"text-align: justify;\"><img loading=\"lazy\" decoding=\"async\" class=\"aligncenter size-large wp-image-93045 jetpack-lazy-image jetpack-lazy-image--handled\" src=\"https:\/\/i0.wp.com\/adamantinanet.com.br\/wp-content\/uploads\/2021\/09\/OESTE-SAUDE-ADAMANTINA-4.jpeg?resize=740%2C369&amp;ssl=1\" sizes=\"auto, (max-width: 740px) 100vw, 740px\" srcset=\"https:\/\/i0.wp.com\/adamantinanet.com.br\/wp-content\/uploads\/2021\/09\/OESTE-SAUDE-ADAMANTINA-4.jpeg?resize=1024%2C510&amp;ssl=1 1024w, https:\/\/i0.wp.com\/adamantinanet.com.br\/wp-content\/uploads\/2021\/09\/OESTE-SAUDE-ADAMANTINA-4.jpeg?resize=300%2C149&amp;ssl=1 300w, https:\/\/i0.wp.com\/adamantinanet.com.br\/wp-content\/uploads\/2021\/09\/OESTE-SAUDE-ADAMANTINA-4.jpeg?resize=768%2C383&amp;ssl=1 768w, https:\/\/i0.wp.com\/adamantinanet.com.br\/wp-content\/uploads\/2021\/09\/OESTE-SAUDE-ADAMANTINA-4.jpeg?resize=1536%2C765&amp;ssl=1 1536w, https:\/\/i0.wp.com\/adamantinanet.com.br\/wp-content\/uploads\/2021\/09\/OESTE-SAUDE-ADAMANTINA-4.jpeg?w=1600&amp;ssl=1 1600w, https:\/\/i0.wp.com\/adamantinanet.com.br\/wp-content\/uploads\/2021\/09\/OESTE-SAUDE-ADAMANTINA-4.jpeg?w=1480&amp;ssl=1 1480w\" alt=\"\" width=\"740\" height=\"369\" data-recalc-dims=\"1\" data-lazy-loaded=\"1\" \/>Tamb\u00e9m em conversa com a reportagem, o diretor da Oeste Sa\u00fade, Vitor Cerqueira, destacou que \u201co plano de expans\u00e3o da Oeste Sa\u00fade continua sendo desenvolvido e que a miss\u00e3o da empresa \u00e9 facilitar e agilizar o acesso \u00e0 sa\u00fade.\u201d<\/p>\n<p style=\"text-align: justify;\"><img loading=\"lazy\" decoding=\"async\" class=\"aligncenter size-large wp-image-93046 jetpack-lazy-image jetpack-lazy-image--handled\" src=\"https:\/\/i0.wp.com\/adamantinanet.com.br\/wp-content\/uploads\/2021\/09\/OESTE-SAUDE-ADAMANTINA-2.jpeg?resize=740%2C446&amp;ssl=1\" sizes=\"auto, (max-width: 740px) 100vw, 740px\" srcset=\"https:\/\/i0.wp.com\/adamantinanet.com.br\/wp-content\/uploads\/2021\/09\/OESTE-SAUDE-ADAMANTINA-2.jpeg?resize=1024%2C617&amp;ssl=1 1024w, https:\/\/i0.wp.com\/adamantinanet.com.br\/wp-content\/uploads\/2021\/09\/OESTE-SAUDE-ADAMANTINA-2.jpeg?resize=300%2C181&amp;ssl=1 300w, https:\/\/i0.wp.com\/adamantinanet.com.br\/wp-content\/uploads\/2021\/09\/OESTE-SAUDE-ADAMANTINA-2.jpeg?resize=768%2C463&amp;ssl=1 768w, https:\/\/i0.wp.com\/adamantinanet.com.br\/wp-content\/uploads\/2021\/09\/OESTE-SAUDE-ADAMANTINA-2.jpeg?resize=1536%2C925&amp;ssl=1 1536w, https:\/\/i0.wp.com\/adamantinanet.com.br\/wp-content\/uploads\/2021\/09\/OESTE-SAUDE-ADAMANTINA-2.jpeg?resize=400%2C240&amp;ssl=1 400w, https:\/\/i0.wp.com\/adamantinanet.com.br\/wp-content\/uploads\/2021\/09\/OESTE-SAUDE-ADAMANTINA-2.jpeg?w=1600&amp;ssl=1 1600w, https:\/\/i0.wp.com\/adamantinanet.com.br\/wp-content\/uploads\/2021\/09\/OESTE-SAUDE-ADAMANTINA-2.jpeg?w=1480&amp;ssl=1 1480w\" alt=\"\" width=\"740\" height=\"446\" data-recalc-dims=\"1\" data-lazy-loaded=\"1\" \/>Os representantes da empresa aproveitaram e agradeceram a receptividade encontrada na Cidade Joia e convidaram a popula\u00e7\u00e3o a conhecer os planos e aproveitar os descontos ofertados.<\/p>\n<div class=\"tiled-gallery type-circle\" data-original-width=\"740\" data-carousel-extra=\"null\">\n<div class=\"gallery-row\" data-original-width=\"740\" data-original-height=\"740\">\n<div class=\"gallery-group\" data-original-width=\"740\" data-original-height=\"740\">\n<div class=\"tiled-gallery-item \"><a href=\"https:\/\/adamantinanet.com.br\/2021\/09\/25\/adamantina-e-regiao-ganham-a-oeste-saude\/oeste-saude-adamantina-2-2\/\"><img loading=\"lazy\" decoding=\"async\" class=\"jetpack-lazy-image jetpack-lazy-image--handled\" title=\"OESTE SA\u00daDE ADAMANTINA (2)\" src=\"https:\/\/i2.wp.com\/adamantinanet.com.br\/wp-content\/uploads\/2021\/09\/OESTE-SAUDE-ADAMANTINA-2-1.jpeg?w=736&amp;h=736&amp;crop=1&amp;ssl=1\" alt=\"OESTE SA\u00daDE ADAMANTINA (2)\" width=\"736\" height=\"736\" data-attachment-id=\"93048\" data-orig-file=\"https:\/\/adamantinanet.com.br\/wp-content\/uploads\/2021\/09\/OESTE-SAUDE-ADAMANTINA-2-1.jpeg\" data-orig-size=\"1600,964\" data-comments-opened=\"\" data-image-meta=\"{&quot;aperture&quot;:&quot;0&quot;,&quot;credit&quot;:&quot;&quot;,&quot;camera&quot;:&quot;&quot;,&quot;caption&quot;:&quot;&quot;,&quot;created_timestamp&quot;:&quot;0&quot;,&quot;copyright&quot;:&quot;&quot;,&quot;focal_length&quot;:&quot;0&quot;,&quot;iso&quot;:&quot;0&quot;,&quot;shutter_speed&quot;:&quot;0&quot;,&quot;title&quot;:&quot;&quot;,&quot;orientation&quot;:&quot;0&quot;}\" data-image-title=\"OESTE SA\u00daDE ADAMANTINA (2)\" data-image-description=\"\" data-medium-file=\"https:\/\/i2.wp.com\/adamantinanet.com.br\/wp-content\/uploads\/2021\/09\/OESTE-SAUDE-ADAMANTINA-2-1.jpeg?fit=300%2C181&amp;ssl=1\" data-large-file=\"https:\/\/i2.wp.com\/adamantinanet.com.br\/wp-content\/uploads\/2021\/09\/OESTE-SAUDE-ADAMANTINA-2-1.jpeg?fit=740%2C446&amp;ssl=1\" data-original-width=\"736\" data-original-height=\"736\" data-lazy-loaded=\"1\" \/><\/a><\/div>\n<\/div>\n<\/div>\n<div class=\"gallery-row\" data-original-width=\"740\" data-original-height=\"246\">\n<div class=\"gallery-group\" data-original-width=\"246\" data-original-height=\"246\">\n<div class=\"tiled-gallery-item \"><a href=\"https:\/\/adamantinanet.com.br\/2021\/09\/25\/adamantina-e-regiao-ganham-a-oeste-saude\/oeste-saude-adamantina-3\/\"><img loading=\"lazy\" decoding=\"async\" class=\"jetpack-lazy-image jetpack-lazy-image--handled\" title=\"OESTE SA\u00daDE ADAMANTINA (3)\" src=\"https:\/\/i2.wp.com\/adamantinanet.com.br\/wp-content\/uploads\/2021\/09\/OESTE-SAUDE-ADAMANTINA-3.jpeg?w=242&amp;h=242&amp;crop=1&amp;ssl=1\" alt=\"OESTE SA\u00daDE ADAMANTINA (3)\" width=\"242\" height=\"242\" data-attachment-id=\"93049\" data-orig-file=\"https:\/\/adamantinanet.com.br\/wp-content\/uploads\/2021\/09\/OESTE-SAUDE-ADAMANTINA-3.jpeg\" data-orig-size=\"1545,997\" data-comments-opened=\"\" data-image-meta=\"{&quot;aperture&quot;:&quot;0&quot;,&quot;credit&quot;:&quot;&quot;,&quot;camera&quot;:&quot;&quot;,&quot;caption&quot;:&quot;&quot;,&quot;created_timestamp&quot;:&quot;0&quot;,&quot;copyright&quot;:&quot;&quot;,&quot;focal_length&quot;:&quot;0&quot;,&quot;iso&quot;:&quot;0&quot;,&quot;shutter_speed&quot;:&quot;0&quot;,&quot;title&quot;:&quot;&quot;,&quot;orientation&quot;:&quot;0&quot;}\" data-image-title=\"OESTE SA\u00daDE ADAMANTINA (3)\" data-image-description=\"\" data-medium-file=\"https:\/\/i2.wp.com\/adamantinanet.com.br\/wp-content\/uploads\/2021\/09\/OESTE-SAUDE-ADAMANTINA-3.jpeg?fit=300%2C194&amp;ssl=1\" data-large-file=\"https:\/\/i2.wp.com\/adamantinanet.com.br\/wp-content\/uploads\/2021\/09\/OESTE-SAUDE-ADAMANTINA-3.jpeg?fit=740%2C478&amp;ssl=1\" data-original-width=\"242\" data-original-height=\"242\" data-lazy-loaded=\"1\" \/><\/a><\/div>\n<\/div>\n<div class=\"gallery-group\" data-original-width=\"246\" data-original-height=\"246\">\n<div class=\"tiled-gallery-item \"><a href=\"https:\/\/adamantinanet.com.br\/2021\/09\/25\/adamantina-e-regiao-ganham-a-oeste-saude\/oeste-saude-adamantina-4-2\/\"><img loading=\"lazy\" decoding=\"async\" class=\"jetpack-lazy-image jetpack-lazy-image--handled\" title=\"OESTE SA\u00daDE ADAMANTINA (4)\" src=\"https:\/\/i0.wp.com\/adamantinanet.com.br\/wp-content\/uploads\/2021\/09\/OESTE-SAUDE-ADAMANTINA-4-1.jpeg?w=242&amp;h=242&amp;crop=1&amp;ssl=1\" alt=\"OESTE SA\u00daDE ADAMANTINA (4)\" width=\"242\" height=\"242\" data-attachment-id=\"93050\" data-orig-file=\"https:\/\/adamantinanet.com.br\/wp-content\/uploads\/2021\/09\/OESTE-SAUDE-ADAMANTINA-4-1.jpeg\" data-orig-size=\"1600,797\" data-comments-opened=\"\" data-image-meta=\"{&quot;aperture&quot;:&quot;0&quot;,&quot;credit&quot;:&quot;&quot;,&quot;camera&quot;:&quot;&quot;,&quot;caption&quot;:&quot;&quot;,&quot;created_timestamp&quot;:&quot;0&quot;,&quot;copyright&quot;:&quot;&quot;,&quot;focal_length&quot;:&quot;0&quot;,&quot;iso&quot;:&quot;0&quot;,&quot;shutter_speed&quot;:&quot;0&quot;,&quot;title&quot;:&quot;&quot;,&quot;orientation&quot;:&quot;0&quot;}\" data-image-title=\"OESTE SA\u00daDE ADAMANTINA (4)\" data-image-description=\"\" data-medium-file=\"https:\/\/i0.wp.com\/adamantinanet.com.br\/wp-content\/uploads\/2021\/09\/OESTE-SAUDE-ADAMANTINA-4-1.jpeg?fit=300%2C149&amp;ssl=1\" data-large-file=\"https:\/\/i0.wp.com\/adamantinanet.com.br\/wp-content\/uploads\/2021\/09\/OESTE-SAUDE-ADAMANTINA-4-1.jpeg?fit=740%2C369&amp;ssl=1\" data-original-width=\"242\" data-original-height=\"242\" data-lazy-loaded=\"1\" \/><\/a><\/div>\n<\/div>\n<div class=\"gallery-group\" data-original-width=\"246\" data-original-height=\"246\">\n<div class=\"tiled-gallery-item \"><a href=\"https:\/\/adamantinanet.com.br\/2021\/09\/25\/adamantina-e-regiao-ganham-a-oeste-saude\/oeste-saude-adamantina-5\/\"><img loading=\"lazy\" decoding=\"async\" class=\"jetpack-lazy-image jetpack-lazy-image--handled\" title=\"OESTE SA\u00daDE ADAMANTINA (5)\" src=\"https:\/\/i2.wp.com\/adamantinanet.com.br\/wp-content\/uploads\/2021\/09\/OESTE-SAUDE-ADAMANTINA-5.jpeg?w=242&amp;h=242&amp;crop=1&amp;ssl=1\" alt=\"OESTE SA\u00daDE ADAMANTINA (5)\" width=\"242\" height=\"242\" data-attachment-id=\"93051\" data-orig-file=\"https:\/\/adamantinanet.com.br\/wp-content\/uploads\/2021\/09\/OESTE-SAUDE-ADAMANTINA-5.jpeg\" data-orig-size=\"1600,930\" data-comments-opened=\"\" data-image-meta=\"{&quot;aperture&quot;:&quot;0&quot;,&quot;credit&quot;:&quot;&quot;,&quot;camera&quot;:&quot;&quot;,&quot;caption&quot;:&quot;&quot;,&quot;created_timestamp&quot;:&quot;0&quot;,&quot;copyright&quot;:&quot;&quot;,&quot;focal_length&quot;:&quot;0&quot;,&quot;iso&quot;:&quot;0&quot;,&quot;shutter_speed&quot;:&quot;0&quot;,&quot;title&quot;:&quot;&quot;,&quot;orientation&quot;:&quot;0&quot;}\" data-image-title=\"OESTE SA\u00daDE ADAMANTINA (5)\" data-image-description=\"\" data-medium-file=\"https:\/\/i2.wp.com\/adamantinanet.com.br\/wp-content\/uploads\/2021\/09\/OESTE-SAUDE-ADAMANTINA-5.jpeg?fit=300%2C174&amp;ssl=1\" data-large-file=\"https:\/\/i2.wp.com\/adamantinanet.com.br\/wp-content\/uploads\/2021\/09\/OESTE-SAUDE-ADAMANTINA-5.jpeg?fit=740%2C430&amp;ssl=1\" data-original-width=\"242\" data-original-height=\"242\" data-lazy-loaded=\"1\" \/><\/a><\/div>\n<\/div>\n<\/div>\n<div class=\"gallery-row\" data-original-width=\"740\" data-original-height=\"246\">\n<div class=\"gallery-group\" data-original-width=\"246\" data-original-height=\"246\">\n<div class=\"tiled-gallery-item \"><a href=\"https:\/\/adamantinanet.com.br\/2021\/09\/25\/adamantina-e-regiao-ganham-a-oeste-saude\/oeste-saude-adamantina-6-2\/\"><img loading=\"lazy\" decoding=\"async\" class=\"jetpack-lazy-image jetpack-lazy-image--handled\" title=\"OESTE SA\u00daDE ADAMANTINA (6)\" src=\"https:\/\/i1.wp.com\/adamantinanet.com.br\/wp-content\/uploads\/2021\/09\/OESTE-SAUDE-ADAMANTINA-6-1.jpeg?w=242&amp;h=242&amp;crop=1&amp;ssl=1\" alt=\"OESTE SA\u00daDE ADAMANTINA (6)\" width=\"242\" height=\"242\" data-attachment-id=\"93052\" data-orig-file=\"https:\/\/adamantinanet.com.br\/wp-content\/uploads\/2021\/09\/OESTE-SAUDE-ADAMANTINA-6-1.jpeg\" data-orig-size=\"1600,997\" data-comments-opened=\"\" data-image-meta=\"{&quot;aperture&quot;:&quot;0&quot;,&quot;credit&quot;:&quot;&quot;,&quot;camera&quot;:&quot;&quot;,&quot;caption&quot;:&quot;&quot;,&quot;created_timestamp&quot;:&quot;0&quot;,&quot;copyright&quot;:&quot;&quot;,&quot;focal_length&quot;:&quot;0&quot;,&quot;iso&quot;:&quot;0&quot;,&quot;shutter_speed&quot;:&quot;0&quot;,&quot;title&quot;:&quot;&quot;,&quot;orientation&quot;:&quot;0&quot;}\" data-image-title=\"OESTE SA\u00daDE ADAMANTINA (6)\" data-image-description=\"\" data-medium-file=\"https:\/\/i1.wp.com\/adamantinanet.com.br\/wp-content\/uploads\/2021\/09\/OESTE-SAUDE-ADAMANTINA-6-1.jpeg?fit=300%2C187&amp;ssl=1\" data-large-file=\"https:\/\/i1.wp.com\/adamantinanet.com.br\/wp-content\/uploads\/2021\/09\/OESTE-SAUDE-ADAMANTINA-6-1.jpeg?fit=740%2C461&amp;ssl=1\" data-original-width=\"242\" data-original-height=\"242\" data-lazy-loaded=\"1\" \/><\/a><\/div>\n<\/div>\n<div class=\"gallery-group\" data-original-width=\"246\" data-original-height=\"246\">\n<div class=\"tiled-gallery-item \"><a href=\"https:\/\/adamantinanet.com.br\/2021\/09\/25\/adamantina-e-regiao-ganham-a-oeste-saude\/oeste-saude-adamantina-7-2\/\"><img loading=\"lazy\" decoding=\"async\" class=\"jetpack-lazy-image jetpack-lazy-image--handled\" title=\"OESTE SA\u00daDE ADAMANTINA (7)\" src=\"https:\/\/i1.wp.com\/adamantinanet.com.br\/wp-content\/uploads\/2021\/09\/OESTE-SAUDE-ADAMANTINA-7-1.jpeg?w=242&amp;h=242&amp;crop=1&amp;ssl=1\" alt=\"OESTE SA\u00daDE ADAMANTINA (7)\" width=\"242\" height=\"242\" data-attachment-id=\"93053\" data-orig-file=\"https:\/\/adamantinanet.com.br\/wp-content\/uploads\/2021\/09\/OESTE-SAUDE-ADAMANTINA-7-1.jpeg\" data-orig-size=\"1307,796\" data-comments-opened=\"\" data-image-meta=\"{&quot;aperture&quot;:&quot;0&quot;,&quot;credit&quot;:&quot;&quot;,&quot;camera&quot;:&quot;&quot;,&quot;caption&quot;:&quot;&quot;,&quot;created_timestamp&quot;:&quot;0&quot;,&quot;copyright&quot;:&quot;&quot;,&quot;focal_length&quot;:&quot;0&quot;,&quot;iso&quot;:&quot;0&quot;,&quot;shutter_speed&quot;:&quot;0&quot;,&quot;title&quot;:&quot;&quot;,&quot;orientation&quot;:&quot;0&quot;}\" data-image-title=\"OESTE SA\u00daDE ADAMANTINA (7)\" data-image-description=\"\" data-medium-file=\"https:\/\/i1.wp.com\/adamantinanet.com.br\/wp-content\/uploads\/2021\/09\/OESTE-SAUDE-ADAMANTINA-7-1.jpeg?fit=300%2C183&amp;ssl=1\" data-large-file=\"https:\/\/i1.wp.com\/adamantinanet.com.br\/wp-content\/uploads\/2021\/09\/OESTE-SAUDE-ADAMANTINA-7-1.jpeg?fit=740%2C451&amp;ssl=1\" data-original-width=\"242\" data-original-height=\"242\" data-lazy-loaded=\"1\" \/><\/a><\/div>\n<\/div>\n<div class=\"gallery-group\" data-original-width=\"246\" data-original-height=\"246\">\n<div class=\"tiled-gallery-item \"><a href=\"https:\/\/adamantinanet.com.br\/2021\/09\/25\/adamantina-e-regiao-ganham-a-oeste-saude\/oeste-saude-adamantina-8\/\"><img loading=\"lazy\" decoding=\"async\" class=\"jetpack-lazy-image jetpack-lazy-image--handled\" title=\"OESTE SA\u00daDE ADAMANTINA (8)\" src=\"https:\/\/i0.wp.com\/adamantinanet.com.br\/wp-content\/uploads\/2021\/09\/OESTE-SAUDE-ADAMANTINA-8.jpeg?w=242&amp;h=242&amp;crop=1&amp;ssl=1\" alt=\"OESTE SA\u00daDE ADAMANTINA (8)\" width=\"242\" height=\"242\" data-attachment-id=\"93054\" data-orig-file=\"https:\/\/adamantinanet.com.br\/wp-content\/uploads\/2021\/09\/OESTE-SAUDE-ADAMANTINA-8.jpeg\" data-orig-size=\"768,444\" data-comments-opened=\"\" data-image-meta=\"{&quot;aperture&quot;:&quot;0&quot;,&quot;credit&quot;:&quot;&quot;,&quot;camera&quot;:&quot;&quot;,&quot;caption&quot;:&quot;&quot;,&quot;created_timestamp&quot;:&quot;0&quot;,&quot;copyright&quot;:&quot;&quot;,&quot;focal_length&quot;:&quot;0&quot;,&quot;iso&quot;:&quot;0&quot;,&quot;shutter_speed&quot;:&quot;0&quot;,&quot;title&quot;:&quot;&quot;,&quot;orientation&quot;:&quot;0&quot;}\" data-image-title=\"OESTE SA\u00daDE ADAMANTINA (8)\" data-image-description=\"\" data-medium-file=\"https:\/\/i0.wp.com\/adamantinanet.com.br\/wp-content\/uploads\/2021\/09\/OESTE-SAUDE-ADAMANTINA-8.jpeg?fit=300%2C173&amp;ssl=1\" data-large-file=\"https:\/\/i0.wp.com\/adamantinanet.com.br\/wp-content\/uploads\/2021\/09\/OESTE-SAUDE-ADAMANTINA-8.jpeg?fit=740%2C428&amp;ssl=1\" data-original-width=\"242\" data-original-height=\"242\" data-lazy-loaded=\"1\" \/><\/a><\/div>\n<div>Fonte: Adamantina Net<\/div>\n<div>Comp. Jorge Zanoni<\/div>\n<\/div>\n<\/div>\n<\/div>\n","protected":false},"excerpt":{"rendered":"<p>Foi inaugurado na manh\u00e3 de quinta-feira (23) em Adamantina o Centro M\u00e9dico da Oeste Sa\u00fade. A empresa j\u00e1 atuava na cidade com planos de sa\u00fade e agora passa a oferecer um amplo e moderno espa\u00e7o, dotado de todo conforto, comodidade e bem-estar aos seus conveniados. O pr\u00e9dio, localizado na esquina da Avenida Adhemar de Barros [&hellip;]<\/p>\n","protected":false},"author":1,"featured_media":54167,"comment_status":"closed","ping_status":"open","sticky":false,"template":"","format":"standard","meta":{"footnotes":""},"categories":[195,179,110],"tags":[],"class_list":["post-54166","post","type-post","status-publish","format-standard","has-post-thumbnail","hentry","category-adamantina","category-cidadeseregiao","category-noticiasdestaque"],"_links":{"self":[{"href":"https:\/\/jorgezanoni.com.br\/2019\/wp-json\/wp\/v2\/posts\/54166","targetHints":{"allow":["GET"]}}],"collection":[{"href":"https:\/\/jorgezanoni.com.br\/2019\/wp-json\/wp\/v2\/posts"}],"about":[{"href":"https:\/\/jorgezanoni.com.br\/2019\/wp-json\/wp\/v2\/types\/post"}],"author":[{"embeddable":true,"href":"https:\/\/jorgezanoni.com.br\/2019\/wp-json\/wp\/v2\/users\/1"}],"replies":[{"embeddable":true,"href":"https:\/\/jorgezanoni.com.br\/2019\/wp-json\/wp\/v2\/comments?post=54166"}],"version-history":[{"count":0,"href":"https:\/\/jorgezanoni.com.br\/2019\/wp-json\/wp\/v2\/posts\/54166\/revisions"}],"wp:featuredmedia":[{"embeddable":true,"href":"https:\/\/jorgezanoni.com.br\/2019\/wp-json\/wp\/v2\/media\/54167"}],"wp:attachment":[{"href":"https:\/\/jorgezanoni.com.br\/2019\/wp-json\/wp\/v2\/media?parent=54166"}],"wp:term":[{"taxonomy":"category","embeddable":true,"href":"https:\/\/jorgezanoni.com.br\/2019\/wp-json\/wp\/v2\/categories?post=54166"},{"taxonomy":"post_tag","embeddable":true,"href":"https:\/\/jorgezanoni.com.br\/2019\/wp-json\/wp\/v2\/tags?post=54166"}],"curies":[{"name":"wp","href":"https:\/\/api.w.org\/{rel}","templated":true}]}}