{"id":54163,"date":"2021-09-25T17:53:05","date_gmt":"2021-09-25T17:53:05","guid":{"rendered":"https:\/\/jorgezanoni.com.br\/2019\/?p=54163"},"modified":"2021-09-25T17:53:05","modified_gmt":"2021-09-25T17:53:05","slug":"egua-morre-atropelada-por-onibus-de-transporte-de-trabalhadores-rurais-na-rodovia-da-integracao","status":"publish","type":"post","link":"https:\/\/jorgezanoni.com.br\/2019\/egua-morre-atropelada-por-onibus-de-transporte-de-trabalhadores-rurais-na-rodovia-da-integracao\/","title":{"rendered":"\u00c9gua morre atropelada por \u00f4nibus de transporte de trabalhadores rurais na Rodovia da Integra\u00e7\u00e3o"},"content":{"rendered":"<h2 class=\"content-head__subtitle\" style=\"text-align: justify;\"><strong>De acordo com a Pol\u00edcia Militar Rodovi\u00e1ria, o animal vagava sobre a pista quando foi atingido pelo ve\u00edculo, na madrugada deste s\u00e1bado (25), em Tupi Paulista (SP).<\/strong><\/h2>\n<div class=\"mc-column content-text active-extra-styles \" data-block-type=\"unstyled\" data-block-weight=\"37\" data-block-id=\"2\">\n<p class=\"content-text__container \" style=\"text-align: justify;\" data-track-category=\"Link no Texto\" data-track-links=\"\">Uma \u00e9gua morreu depois de ter sido atropelada por um \u00f4nibus de transporte de trabalhadores rurais na madrugada deste s\u00e1bado (25), na Rodovia General Euclides de Oliveira Figueiredo, a Rodovia da Integra\u00e7\u00e3o (SP-563), em\u00a0<a href=\"https:\/\/g1.globo.com\/sp\/presidente-prudente-regiao\/cidade\/tupi-paulista\/\">Tupi Paulista (SP)<\/a>.<\/p>\n<\/div>\n<div class=\"wall protected-content\">\n<div class=\"mc-column content-text active-extra-styles \" style=\"text-align: justify;\" data-block-type=\"unstyled\" data-block-weight=\"15\" data-block-id=\"3\">\n<p class=\"content-text__container \" data-track-category=\"Link no Texto\" data-track-links=\"\">Segundo a Pol\u00edcia Militar Rodovi\u00e1ria, nenhuma pessoa ficou ferida em decorr\u00eancia do acidente de tr\u00e2nsito.<\/p>\n<\/div>\n<div class=\"mc-column content-text active-extra-styles \" style=\"text-align: justify;\" data-block-type=\"unstyled\" data-block-weight=\"42\" data-block-id=\"4\">\n<p class=\"content-text__container \" data-track-category=\"Link no Texto\" data-track-links=\"\">O \u00f4nibus, que transportava apenas um passageiro no momento do acidente, seguia de uma usina de cana-de-a\u00e7\u00facar de\u00a0<a href=\"https:\/\/g1.globo.com\/sp\/sao-jose-do-rio-preto-aracatuba\/cidade\/castilho\/\">Castilho (SP)<\/a>\u00a0ao munic\u00edpio de Tupi Paulista, quando atropelou o animal, que vagava sobre a via, na altura do km 141, segundo a pol\u00edcia.<\/p>\n<\/div>\n<div class=\"mc-column content-text active-extra-styles \" style=\"text-align: justify;\" data-block-type=\"unstyled\" data-block-weight=\"27\" data-block-id=\"5\">\n<p class=\"content-text__container \" data-track-category=\"Link no Texto\" data-track-links=\"\">A equina, que tinha pelagem avermelhada e n\u00e3o possu\u00eda marcas do propriet\u00e1rio, morreu no local e ser\u00e1 enterrada em espa\u00e7o adequado, ainda de acordo com a corpora\u00e7\u00e3o.<\/p>\n<\/div>\n<div class=\"row medium-uncollapsed content-media content-photo\" data-block-type=\"backstage-photo\" data-block-id=\"6\">\n<div class=\"mc-column content-media__container\">\n<div class=\"content-media-container glb-skeleton-box\" style=\"text-align: justify;\">\n<figure class=\"content-media-figure\"><img decoding=\"async\" class=\"i-amphtml-fill-content i-amphtml-replaced-content\" src=\"https:\/\/s2.glbimg.com\/AZgqboXALOqKT3d41lx1tfHTU7M=\/0x0:1280x720\/984x0\/smart\/filters:strip_icc()\/i.s3.glbimg.com\/v1\/AUTH_59edd422c0c84a879bd37670ae4f538a\/internal_photos\/bs\/2021\/v\/W\/uCWJuTRXAmyD3EnVQlag\/de4d0c2e-fd1a-4c96-aafa-b8c9ae7d83c0.jpg\" sizes=\"(max-width: 1366px) 648px, 100vw\" srcset=\"https:\/\/s2.glbimg.com\/UKAnj9DklgdWYR4_4xjYclsr2qA=\/0x0:1280x720\/1000x0\/smart\/filters:strip_icc()\/i.s3.glbimg.com\/v1\/AUTH_59edd422c0c84a879bd37670ae4f538a\/internal_photos\/bs\/2021\/v\/W\/uCWJuTRXAmyD3EnVQlag\/de4d0c2e-fd1a-4c96-aafa-b8c9ae7d83c0.jpg 1000w, https:\/\/s2.glbimg.com\/AZgqboXALOqKT3d41lx1tfHTU7M=\/0x0:1280x720\/984x0\/smart\/filters:strip_icc()\/i.s3.glbimg.com\/v1\/AUTH_59edd422c0c84a879bd37670ae4f538a\/internal_photos\/bs\/2021\/v\/W\/uCWJuTRXAmyD3EnVQlag\/de4d0c2e-fd1a-4c96-aafa-b8c9ae7d83c0.jpg 984w, https:\/\/s2.glbimg.com\/xz__gj4O5YhfAiCODMtrLiITtX8=\/0x0:1280x720\/640x0\/smart\/filters:strip_icc()\/i.s3.glbimg.com\/v1\/AUTH_59edd422c0c84a879bd37670ae4f538a\/internal_photos\/bs\/2021\/v\/W\/uCWJuTRXAmyD3EnVQlag\/de4d0c2e-fd1a-4c96-aafa-b8c9ae7d83c0.jpg 640w, https:\/\/s2.glbimg.com\/6zDSOl5DTRMdxaRTCNi6AfLYIZ0=\/0x0:1280x720\/600x0\/smart\/filters:strip_icc()\/i.s3.glbimg.com\/v1\/AUTH_59edd422c0c84a879bd37670ae4f538a\/internal_photos\/bs\/2021\/v\/W\/uCWJuTRXAmyD3EnVQlag\/de4d0c2e-fd1a-4c96-aafa-b8c9ae7d83c0.jpg 600w\" alt=\"\u00d4nibus atropelou \u00e9gua na Rodovia da Integra\u00e7\u00e3o, em Tupi Paulista (SP) \u2014 Foto: Pol\u00edcia Militar Rodovi\u00e1ria\" \/><\/figure>\n<\/div>\n<p class=\"content-media__description \" style=\"text-align: justify;\">\u00d4nibus atropelou \u00e9gua na Rodovia da Integra\u00e7\u00e3o, em Tupi Paulista (SP) \u2014 Foto: Pol\u00edcia Militar Rodovi\u00e1ria<\/p>\n<p style=\"text-align: justify;\">Fonte: G1 &#8211; Fotos PMR\/cedidas<\/p>\n<\/div>\n<\/div>\n<\/div>\n","protected":false},"excerpt":{"rendered":"<p>De acordo com a Pol\u00edcia Militar Rodovi\u00e1ria, o animal vagava sobre a pista quando foi atingido pelo ve\u00edculo, na madrugada deste s\u00e1bado (25), em Tupi Paulista (SP). Uma \u00e9gua morreu depois de ter sido atropelada por um \u00f4nibus de transporte de trabalhadores rurais na madrugada deste s\u00e1bado (25), na Rodovia General Euclides de Oliveira Figueiredo, [&hellip;]<\/p>\n","protected":false},"author":1,"featured_media":54164,"comment_status":"closed","ping_status":"open","sticky":false,"template":"","format":"standard","meta":{"footnotes":""},"categories":[170,110],"tags":[],"class_list":["post-54163","post","type-post","status-publish","format-standard","has-post-thumbnail","hentry","category-acidentes","category-noticiasdestaque"],"_links":{"self":[{"href":"https:\/\/jorgezanoni.com.br\/2019\/wp-json\/wp\/v2\/posts\/54163","targetHints":{"allow":["GET"]}}],"collection":[{"href":"https:\/\/jorgezanoni.com.br\/2019\/wp-json\/wp\/v2\/posts"}],"about":[{"href":"https:\/\/jorgezanoni.com.br\/2019\/wp-json\/wp\/v2\/types\/post"}],"author":[{"embeddable":true,"href":"https:\/\/jorgezanoni.com.br\/2019\/wp-json\/wp\/v2\/users\/1"}],"replies":[{"embeddable":true,"href":"https:\/\/jorgezanoni.com.br\/2019\/wp-json\/wp\/v2\/comments?post=54163"}],"version-history":[{"count":0,"href":"https:\/\/jorgezanoni.com.br\/2019\/wp-json\/wp\/v2\/posts\/54163\/revisions"}],"wp:featuredmedia":[{"embeddable":true,"href":"https:\/\/jorgezanoni.com.br\/2019\/wp-json\/wp\/v2\/media\/54164"}],"wp:attachment":[{"href":"https:\/\/jorgezanoni.com.br\/2019\/wp-json\/wp\/v2\/media?parent=54163"}],"wp:term":[{"taxonomy":"category","embeddable":true,"href":"https:\/\/jorgezanoni.com.br\/2019\/wp-json\/wp\/v2\/categories?post=54163"},{"taxonomy":"post_tag","embeddable":true,"href":"https:\/\/jorgezanoni.com.br\/2019\/wp-json\/wp\/v2\/tags?post=54163"}],"curies":[{"name":"wp","href":"https:\/\/api.w.org\/{rel}","templated":true}]}}