{"id":54160,"date":"2021-09-25T17:37:41","date_gmt":"2021-09-25T17:37:41","guid":{"rendered":"https:\/\/jorgezanoni.com.br\/2019\/?p=54160"},"modified":"2021-09-25T17:37:41","modified_gmt":"2021-09-25T17:37:41","slug":"convite-para-missa-de-setimo-dia-de-falecimento-6","status":"publish","type":"post","link":"https:\/\/jorgezanoni.com.br\/2019\/convite-para-missa-de-setimo-dia-de-falecimento-6\/","title":{"rendered":"Convite para Missa de S\u00e9timo Dia de Falecimento"},"content":{"rendered":"<p style=\"text-align: justify;\">A Fam\u00edlia de Jos\u00e9 Antonio Martinez, convida parentes e amigos para a Missa de S\u00e9timo Dia do seu Falecimento, que ser\u00e1 celebrada hoje (25), \u00e0s 19:00 Horas, no Santu\u00e1rio Par\u00f3quia Nossa Senhora de F\u00e1tima, na Rua Ant\u00f4nio Rodrigues de Barros 224, Vila Barros em Dracena\/SP.<\/p>\n<p style=\"text-align: justify;\">Poe este ato de F\u00e9, a fam\u00edlia agradece a todos.<\/p>\n<p style=\"text-align: justify;\">&#8220;Bem aventurados os q choram pois ser\u00e3o consolados&#8221; Mat 5:4<\/p>\n","protected":false},"excerpt":{"rendered":"<p>A Fam\u00edlia de Jos\u00e9 Antonio Martinez, convida parentes e amigos para a Missa de S\u00e9timo Dia do seu Falecimento, que ser\u00e1 celebrada hoje (25), \u00e0s 19:00 Horas, no Santu\u00e1rio Par\u00f3quia Nossa Senhora de F\u00e1tima, na Rua Ant\u00f4nio Rodrigues de Barros 224, Vila Barros em Dracena\/SP. Poe este ato de F\u00e9, a fam\u00edlia agradece a todos. [&hellip;]<\/p>\n","protected":false},"author":1,"featured_media":54161,"comment_status":"closed","ping_status":"open","sticky":false,"template":"","format":"standard","meta":{"footnotes":""},"categories":[178,110],"tags":[],"class_list":["post-54160","post","type-post","status-publish","format-standard","has-post-thumbnail","hentry","category-notadefalecimento","category-noticiasdestaque"],"_links":{"self":[{"href":"https:\/\/jorgezanoni.com.br\/2019\/wp-json\/wp\/v2\/posts\/54160","targetHints":{"allow":["GET"]}}],"collection":[{"href":"https:\/\/jorgezanoni.com.br\/2019\/wp-json\/wp\/v2\/posts"}],"about":[{"href":"https:\/\/jorgezanoni.com.br\/2019\/wp-json\/wp\/v2\/types\/post"}],"author":[{"embeddable":true,"href":"https:\/\/jorgezanoni.com.br\/2019\/wp-json\/wp\/v2\/users\/1"}],"replies":[{"embeddable":true,"href":"https:\/\/jorgezanoni.com.br\/2019\/wp-json\/wp\/v2\/comments?post=54160"}],"version-history":[{"count":0,"href":"https:\/\/jorgezanoni.com.br\/2019\/wp-json\/wp\/v2\/posts\/54160\/revisions"}],"wp:featuredmedia":[{"embeddable":true,"href":"https:\/\/jorgezanoni.com.br\/2019\/wp-json\/wp\/v2\/media\/54161"}],"wp:attachment":[{"href":"https:\/\/jorgezanoni.com.br\/2019\/wp-json\/wp\/v2\/media?parent=54160"}],"wp:term":[{"taxonomy":"category","embeddable":true,"href":"https:\/\/jorgezanoni.com.br\/2019\/wp-json\/wp\/v2\/categories?post=54160"},{"taxonomy":"post_tag","embeddable":true,"href":"https:\/\/jorgezanoni.com.br\/2019\/wp-json\/wp\/v2\/tags?post=54160"}],"curies":[{"name":"wp","href":"https:\/\/api.w.org\/{rel}","templated":true}]}}