{"id":5416,"date":"2019-09-06T01:13:00","date_gmt":"2019-09-06T01:13:00","guid":{"rendered":"https:\/\/jorgezanoni.com.br\/2019\/?p=5416"},"modified":"2019-09-06T01:13:00","modified_gmt":"2019-09-06T01:13:00","slug":"morre-o-esportista-juninho-perosso","status":"publish","type":"post","link":"https:\/\/jorgezanoni.com.br\/2019\/morre-o-esportista-juninho-perosso\/","title":{"rendered":"Morre o esportista Juninho Perosso"},"content":{"rendered":"<div id=\"js_qe\" class=\"_5pbx userContent _3576\" data-testid=\"post_message\" data-ft=\"{&quot;tn&quot;:&quot;K&quot;}\">\n<p style=\"text-align: justify;\">Al\u00e9cio Perosso J\u00fanior era casado com Roberta e deixa dois filhos. Foi um esportista atuante em diversas equipes de futebol e futsal, jogando de goleiro. Foi homenageado no primeiro semestre no Campeonato de Futebol M\u00e9dio organizado pelo Tim.<\/p>\n<p style=\"text-align: justify;\">o Vel\u00f3rio ser\u00e1 a partir da madrugada no Memorial Vida Prev com Sepultamento previsto para amanh\u00e3 (6) \u00e0s 16:30 Horas.<\/p>\n<p style=\"text-align: justify;\">\n<\/div>\n<div class=\"_3x-2\" data-ft=\"{&quot;tn&quot;:&quot;H&quot;}\">\n<div data-ft=\"{&quot;tn&quot;:&quot;H&quot;}\">\n<div class=\"mtm\">\n<div>\n<div class=\"_1ktf\" data-ft=\"{&quot;tn&quot;:&quot;E&quot;}\"><\/div>\n<\/div>\n<\/div>\n<\/div>\n<\/div>\n","protected":false},"excerpt":{"rendered":"<p>Al\u00e9cio Perosso J\u00fanior era casado com Roberta e deixa dois filhos. Foi um esportista atuante em diversas equipes de futebol e futsal, jogando de goleiro. Foi homenageado no primeiro semestre no Campeonato de Futebol M\u00e9dio organizado pelo Tim. o Vel\u00f3rio ser\u00e1 a partir da madrugada no Memorial Vida Prev com Sepultamento previsto para amanh\u00e3 (6) [&hellip;]<\/p>\n","protected":false},"author":1,"featured_media":5417,"comment_status":"closed","ping_status":"open","sticky":false,"template":"","format":"standard","meta":{"footnotes":""},"categories":[178,110],"tags":[],"class_list":["post-5416","post","type-post","status-publish","format-standard","has-post-thumbnail","hentry","category-notadefalecimento","category-noticiasdestaque"],"_links":{"self":[{"href":"https:\/\/jorgezanoni.com.br\/2019\/wp-json\/wp\/v2\/posts\/5416","targetHints":{"allow":["GET"]}}],"collection":[{"href":"https:\/\/jorgezanoni.com.br\/2019\/wp-json\/wp\/v2\/posts"}],"about":[{"href":"https:\/\/jorgezanoni.com.br\/2019\/wp-json\/wp\/v2\/types\/post"}],"author":[{"embeddable":true,"href":"https:\/\/jorgezanoni.com.br\/2019\/wp-json\/wp\/v2\/users\/1"}],"replies":[{"embeddable":true,"href":"https:\/\/jorgezanoni.com.br\/2019\/wp-json\/wp\/v2\/comments?post=5416"}],"version-history":[{"count":0,"href":"https:\/\/jorgezanoni.com.br\/2019\/wp-json\/wp\/v2\/posts\/5416\/revisions"}],"wp:featuredmedia":[{"embeddable":true,"href":"https:\/\/jorgezanoni.com.br\/2019\/wp-json\/wp\/v2\/media\/5417"}],"wp:attachment":[{"href":"https:\/\/jorgezanoni.com.br\/2019\/wp-json\/wp\/v2\/media?parent=5416"}],"wp:term":[{"taxonomy":"category","embeddable":true,"href":"https:\/\/jorgezanoni.com.br\/2019\/wp-json\/wp\/v2\/categories?post=5416"},{"taxonomy":"post_tag","embeddable":true,"href":"https:\/\/jorgezanoni.com.br\/2019\/wp-json\/wp\/v2\/tags?post=5416"}],"curies":[{"name":"wp","href":"https:\/\/api.w.org\/{rel}","templated":true}]}}