{"id":5412,"date":"2019-09-06T01:00:27","date_gmt":"2019-09-06T01:00:27","guid":{"rendered":"https:\/\/jorgezanoni.com.br\/2019\/?p=5412"},"modified":"2019-09-06T01:00:27","modified_gmt":"2019-09-06T01:00:27","slug":"setembro-amarelo-enfermagem-da-unifadra-realiza-campanha-no-caps-de-dracena","status":"publish","type":"post","link":"https:\/\/jorgezanoni.com.br\/2019\/setembro-amarelo-enfermagem-da-unifadra-realiza-campanha-no-caps-de-dracena\/","title":{"rendered":"Setembro Amarelo: Enfermagem da Unifadra realiza campanha no CAPS de Dracena"},"content":{"rendered":"<p style=\"font-weight: 400; text-align: justify;\">O Setembro Amarelo \u00e9 uma campanha de conscientiza\u00e7\u00e3o para a preven\u00e7\u00e3o do suic\u00eddio. No Brasil, foi criado em 2015 pelo CVV (Centro de Valoriza\u00e7\u00e3o da Vida), CFM (Conselho Federal de Medicina) e ABP (Associa\u00e7\u00e3o Brasileira de Psiquiatria), com a proposta de associar a cor ao m\u00eas que marca o Dia Mundial de Preven\u00e7\u00e3o do Suic\u00eddio (10 de setembro). A ideia \u00e9 pintar, iluminar e estampar o amarelo nas mais diversas resolu\u00e7\u00f5es, garantindo mais visibilidade \u00e0 causa.<br \/>\nOs alunos do 4\u00ba termo do curso de Enfermagem da Faculdade Unifadra\/Fundec Dracena realizaram uma atividade preventiva com os pacientes do CAPS AD de Dracena (Centro de Aten\u00e7\u00e3o Psicossocial) nesta segunda-feira, dia 2. A a\u00e7\u00e3o foi supervisionada pelo Prof. Israel Gumiero e coordenado pela Profa. Ma. Eunice Nelli.<\/p>\n<p style=\"font-weight: 400; text-align: justify;\">A professora destacou que o intuito \u00e9 conscientizar a popula\u00e7\u00e3o sobre o risco do comportamento suicida e orientar o tratamento adequado dos transtornos mentais.<\/p>\n<p style=\"font-weight: 400; text-align: justify;\"><strong>Carolina Colnago<\/strong><\/p>\n<p style=\"font-weight: 400; text-align: justify;\">Assessora de Comunica\u00e7\u00e3o da Fundec &#8211; Jornalista<\/p>\n<p style=\"font-weight: 400; text-align: justify;\">Fotos: Alunos e professor da Unifadra durante atividade no CAPS de Dracena.<\/p>\n<p style=\"font-weight: 400; text-align: justify;\">\n<p style=\"font-weight: 400; text-align: justify;\">\n","protected":false},"excerpt":{"rendered":"<p>O Setembro Amarelo \u00e9 uma campanha de conscientiza\u00e7\u00e3o para a preven\u00e7\u00e3o do suic\u00eddio. No Brasil, foi criado em 2015 pelo CVV (Centro de Valoriza\u00e7\u00e3o da Vida), CFM (Conselho Federal de Medicina) e ABP (Associa\u00e7\u00e3o Brasileira de Psiquiatria), com a proposta de associar a cor ao m\u00eas que marca o Dia Mundial de Preven\u00e7\u00e3o do Suic\u00eddio [&hellip;]<\/p>\n","protected":false},"author":1,"featured_media":5413,"comment_status":"closed","ping_status":"open","sticky":false,"template":"","format":"standard","meta":{"footnotes":""},"categories":[110,122],"tags":[],"class_list":["post-5412","post","type-post","status-publish","format-standard","has-post-thumbnail","hentry","category-noticiasdestaque","category-saudeeducacaoeconcurso"],"_links":{"self":[{"href":"https:\/\/jorgezanoni.com.br\/2019\/wp-json\/wp\/v2\/posts\/5412","targetHints":{"allow":["GET"]}}],"collection":[{"href":"https:\/\/jorgezanoni.com.br\/2019\/wp-json\/wp\/v2\/posts"}],"about":[{"href":"https:\/\/jorgezanoni.com.br\/2019\/wp-json\/wp\/v2\/types\/post"}],"author":[{"embeddable":true,"href":"https:\/\/jorgezanoni.com.br\/2019\/wp-json\/wp\/v2\/users\/1"}],"replies":[{"embeddable":true,"href":"https:\/\/jorgezanoni.com.br\/2019\/wp-json\/wp\/v2\/comments?post=5412"}],"version-history":[{"count":0,"href":"https:\/\/jorgezanoni.com.br\/2019\/wp-json\/wp\/v2\/posts\/5412\/revisions"}],"wp:featuredmedia":[{"embeddable":true,"href":"https:\/\/jorgezanoni.com.br\/2019\/wp-json\/wp\/v2\/media\/5413"}],"wp:attachment":[{"href":"https:\/\/jorgezanoni.com.br\/2019\/wp-json\/wp\/v2\/media?parent=5412"}],"wp:term":[{"taxonomy":"category","embeddable":true,"href":"https:\/\/jorgezanoni.com.br\/2019\/wp-json\/wp\/v2\/categories?post=5412"},{"taxonomy":"post_tag","embeddable":true,"href":"https:\/\/jorgezanoni.com.br\/2019\/wp-json\/wp\/v2\/tags?post=5412"}],"curies":[{"name":"wp","href":"https:\/\/api.w.org\/{rel}","templated":true}]}}