{"id":54117,"date":"2021-09-24T21:39:24","date_gmt":"2021-09-24T21:39:24","guid":{"rendered":"https:\/\/jorgezanoni.com.br\/2019\/?p=54117"},"modified":"2021-09-24T21:39:24","modified_gmt":"2021-09-24T21:39:24","slug":"policia-civil-cumpre-mandado-de-prisao-por-sentenca-definitiva-em-desfavor-de-autor-de-violencia-sexual-contra-vulneravel-em-dracena","status":"publish","type":"post","link":"https:\/\/jorgezanoni.com.br\/2019\/policia-civil-cumpre-mandado-de-prisao-por-sentenca-definitiva-em-desfavor-de-autor-de-violencia-sexual-contra-vulneravel-em-dracena\/","title":{"rendered":"Policia Civil cumpre mandado de pris\u00e3o por senten\u00e7a definitiva em desfavor de autor de viol\u00eancia sexual contra vulner\u00e1vel em Dracena."},"content":{"rendered":"<p style=\"text-align: justify;\"><strong>A pena imposta foi de 12 anos em regime fechado. O capturado n\u00e3o ofereceu resist\u00eancia a ordem pris\u00e3o.<\/strong><\/p>\n<p style=\"text-align: justify;\">A Pol\u00edcia Civil, por interm\u00e9dio das Unidades Agrupadas 1\u00ba e 2\u00ba DP, cumpriu nesta quinta-feira (23), um mandado de pris\u00e3o por senten\u00e7a definitiva, expedida pela 2\u00aa Vara Criminal da Comarca de Dracena. Um homem, de 78 anos, foi preso por agentes das Unidades Agrupadas.<br \/>\nA captura do procurado ocorreu num distrito do munic\u00edpio de Dracena, onde o homem residia. O capturado n\u00e3o ofereceu resist\u00eancia e foi encaminhado ao Plant\u00e3o Policial Permanente, ficando \u00e0 disposi\u00e7\u00e3o da Justi\u00e7a.<br \/>\nA pris\u00e3o \u00e9 por senten\u00e7a definitiva em raz\u00e3o da condena\u00e7\u00e3o pela pr\u00e1tica de crime de viol\u00eancia sexual contra pessoa vulner\u00e1vel.<br \/>\nA popula\u00e7\u00e3o pode contribuir com informa\u00e7\u00f5es indiv\u00edduos procurados da Justi\u00e7a, por ser feita por meio do Disque-Den\u00fancia, o 181, e ou pelo fone (18) 3821 3838, Unidades Agrupadas 1\u00ba e 2\u00ba DP de Dracena s. O sigilo e o anonimato s\u00e3o garantidos.<\/p>\n<p style=\"text-align: justify;\">Fonte: Com. Social Pol\u00edcia Civil<\/p>\n","protected":false},"excerpt":{"rendered":"<p>A pena imposta foi de 12 anos em regime fechado. O capturado n\u00e3o ofereceu resist\u00eancia a ordem pris\u00e3o. A Pol\u00edcia Civil, por interm\u00e9dio das Unidades Agrupadas 1\u00ba e 2\u00ba DP, cumpriu nesta quinta-feira (23), um mandado de pris\u00e3o por senten\u00e7a definitiva, expedida pela 2\u00aa Vara Criminal da Comarca de Dracena. Um homem, de 78 anos, [&hellip;]<\/p>\n","protected":false},"author":1,"featured_media":54118,"comment_status":"closed","ping_status":"open","sticky":false,"template":"","format":"standard","meta":{"footnotes":""},"categories":[110,2],"tags":[],"class_list":["post-54117","post","type-post","status-publish","format-standard","has-post-thumbnail","hentry","category-noticiasdestaque","category-policial"],"_links":{"self":[{"href":"https:\/\/jorgezanoni.com.br\/2019\/wp-json\/wp\/v2\/posts\/54117","targetHints":{"allow":["GET"]}}],"collection":[{"href":"https:\/\/jorgezanoni.com.br\/2019\/wp-json\/wp\/v2\/posts"}],"about":[{"href":"https:\/\/jorgezanoni.com.br\/2019\/wp-json\/wp\/v2\/types\/post"}],"author":[{"embeddable":true,"href":"https:\/\/jorgezanoni.com.br\/2019\/wp-json\/wp\/v2\/users\/1"}],"replies":[{"embeddable":true,"href":"https:\/\/jorgezanoni.com.br\/2019\/wp-json\/wp\/v2\/comments?post=54117"}],"version-history":[{"count":0,"href":"https:\/\/jorgezanoni.com.br\/2019\/wp-json\/wp\/v2\/posts\/54117\/revisions"}],"wp:featuredmedia":[{"embeddable":true,"href":"https:\/\/jorgezanoni.com.br\/2019\/wp-json\/wp\/v2\/media\/54118"}],"wp:attachment":[{"href":"https:\/\/jorgezanoni.com.br\/2019\/wp-json\/wp\/v2\/media?parent=54117"}],"wp:term":[{"taxonomy":"category","embeddable":true,"href":"https:\/\/jorgezanoni.com.br\/2019\/wp-json\/wp\/v2\/categories?post=54117"},{"taxonomy":"post_tag","embeddable":true,"href":"https:\/\/jorgezanoni.com.br\/2019\/wp-json\/wp\/v2\/tags?post=54117"}],"curies":[{"name":"wp","href":"https:\/\/api.w.org\/{rel}","templated":true}]}}