{"id":54111,"date":"2021-09-24T16:37:54","date_gmt":"2021-09-24T16:37:54","guid":{"rendered":"https:\/\/jorgezanoni.com.br\/2019\/?p=54111"},"modified":"2021-09-24T16:37:54","modified_gmt":"2021-09-24T16:37:54","slug":"colegio-objetivo-de-dracena-divulga-nota-de-pesar-pelo-falecimento-de-aluno","status":"publish","type":"post","link":"https:\/\/jorgezanoni.com.br\/2019\/colegio-objetivo-de-dracena-divulga-nota-de-pesar-pelo-falecimento-de-aluno\/","title":{"rendered":"Col\u00e9gio Objetivo de Dracena divulga nota de pesar pelo falecimento de aluno"},"content":{"rendered":"<div class=\"kvgmc6g5 cxmmr5t8 oygrvhab hcukyx3x c1et5uql ii04i59q\">\n<div dir=\"auto\">LUTO <span class=\"pq6dq46d tbxw36s4 knj5qynh kvgmc6g5 ditlmg2l oygrvhab nvdbi5me sf5mxxl7 gl3lb2sf hhz5lgdu\"><img loading=\"lazy\" decoding=\"async\" src=\"https:\/\/static.xx.fbcdn.net\/images\/emoji.php\/v9\/t0\/1\/16\/1f5a4.png\" alt=\"\ud83d\udda4\" width=\"16\" height=\"16\" \/><\/span><span class=\"pq6dq46d tbxw36s4 knj5qynh kvgmc6g5 ditlmg2l oygrvhab nvdbi5me sf5mxxl7 gl3lb2sf hhz5lgdu\"><img loading=\"lazy\" decoding=\"async\" src=\"https:\/\/static.xx.fbcdn.net\/images\/emoji.php\/v9\/t0\/1\/16\/1f5a4.png\" alt=\"\ud83d\udda4\" width=\"16\" height=\"16\" \/><\/span><span class=\"pq6dq46d tbxw36s4 knj5qynh kvgmc6g5 ditlmg2l oygrvhab nvdbi5me sf5mxxl7 gl3lb2sf hhz5lgdu\"><img loading=\"lazy\" decoding=\"async\" src=\"https:\/\/static.xx.fbcdn.net\/images\/emoji.php\/v9\/t0\/1\/16\/1f5a4.png\" alt=\"\ud83d\udda4\" width=\"16\" height=\"16\" \/><\/span><\/div>\n<\/div>\n<div class=\"o9v6fnle cxmmr5t8 oygrvhab hcukyx3x c1et5uql ii04i59q\">\n<div dir=\"auto\" style=\"text-align: justify;\">E\u0301 com imenso pesar que comunicamos o falecimento do nosso aluno Yuri Bognar Jardim, da 3\u00aa s\u00e9rie do Ensino M\u00e9dio.<\/div>\n<\/div>\n<div class=\"o9v6fnle cxmmr5t8 oygrvhab hcukyx3x c1et5uql ii04i59q\">\n<div dir=\"auto\" style=\"text-align: justify;\">Neste momento de dor, com muita f\u00e9\u0301 pedimos a Deus que ilumine a sua alma e console sua fam\u00edlia concedendo-lhes for\u00e7a e paz.<\/div>\n<\/div>\n<div dir=\"auto\"><\/div>\n<div dir=\"auto\">Fonte: https:\/\/www.facebook.com\/ObjetivoDracena\/<\/div>\n","protected":false},"excerpt":{"rendered":"<p>LUTO E\u0301 com imenso pesar que comunicamos o falecimento do nosso aluno Yuri Bognar Jardim, da 3\u00aa s\u00e9rie do Ensino M\u00e9dio. Neste momento de dor, com muita f\u00e9\u0301 pedimos a Deus que ilumine a sua alma e console sua fam\u00edlia concedendo-lhes for\u00e7a e paz. Fonte: https:\/\/www.facebook.com\/ObjetivoDracena\/<\/p>\n","protected":false},"author":1,"featured_media":54112,"comment_status":"closed","ping_status":"open","sticky":false,"template":"","format":"standard","meta":{"footnotes":""},"categories":[178,110],"tags":[],"class_list":["post-54111","post","type-post","status-publish","format-standard","has-post-thumbnail","hentry","category-notadefalecimento","category-noticiasdestaque"],"_links":{"self":[{"href":"https:\/\/jorgezanoni.com.br\/2019\/wp-json\/wp\/v2\/posts\/54111","targetHints":{"allow":["GET"]}}],"collection":[{"href":"https:\/\/jorgezanoni.com.br\/2019\/wp-json\/wp\/v2\/posts"}],"about":[{"href":"https:\/\/jorgezanoni.com.br\/2019\/wp-json\/wp\/v2\/types\/post"}],"author":[{"embeddable":true,"href":"https:\/\/jorgezanoni.com.br\/2019\/wp-json\/wp\/v2\/users\/1"}],"replies":[{"embeddable":true,"href":"https:\/\/jorgezanoni.com.br\/2019\/wp-json\/wp\/v2\/comments?post=54111"}],"version-history":[{"count":0,"href":"https:\/\/jorgezanoni.com.br\/2019\/wp-json\/wp\/v2\/posts\/54111\/revisions"}],"wp:featuredmedia":[{"embeddable":true,"href":"https:\/\/jorgezanoni.com.br\/2019\/wp-json\/wp\/v2\/media\/54112"}],"wp:attachment":[{"href":"https:\/\/jorgezanoni.com.br\/2019\/wp-json\/wp\/v2\/media?parent=54111"}],"wp:term":[{"taxonomy":"category","embeddable":true,"href":"https:\/\/jorgezanoni.com.br\/2019\/wp-json\/wp\/v2\/categories?post=54111"},{"taxonomy":"post_tag","embeddable":true,"href":"https:\/\/jorgezanoni.com.br\/2019\/wp-json\/wp\/v2\/tags?post=54111"}],"curies":[{"name":"wp","href":"https:\/\/api.w.org\/{rel}","templated":true}]}}