{"id":5409,"date":"2019-09-06T00:52:11","date_gmt":"2019-09-06T00:52:11","guid":{"rendered":"https:\/\/jorgezanoni.com.br\/2019\/?p=5409"},"modified":"2019-09-06T00:52:11","modified_gmt":"2019-09-06T00:52:11","slug":"alunos-do-anglo-cid-sao-classificados-para-a-seletiva-das-olimpiadas-internacionais-de-astronomia","status":"publish","type":"post","link":"https:\/\/jorgezanoni.com.br\/2019\/alunos-do-anglo-cid-sao-classificados-para-a-seletiva-das-olimpiadas-internacionais-de-astronomia\/","title":{"rendered":"Alunos do Anglo-CID s\u00e3o classificados para a seletiva das Olimp\u00edadas Internacionais de Astronomia"},"content":{"rendered":"<p style=\"font-weight: 400; text-align: justify;\">O mundo exige e no Anglo acontece!<\/p>\n<p style=\"font-weight: 400; text-align: justify;\">Os alunos do Col\u00e9gio Anglo-CID Jos\u00e9 Henrique Ara\u00fajo (2\u00ba ano do ensino m\u00e9dio) e Pedro Cobra Ushizima (9\u00ba ano do ensino fundamental) foram classificados para a pr\u00e9-sele\u00e7\u00e3o das Olimp\u00edadas Internacionais de Astronomia 2020, que ser\u00e1 realizada na modalidade on-line.<\/p>\n<p style=\"font-weight: 400; text-align: justify;\">A professora de F\u00edsica Ma. Rosana Socha explicou que os alunos participaram da OBA (Olimp\u00edada Brasileira de Astronomia) em maio deste ano e alcan\u00e7aram alta pontua\u00e7\u00e3o, o que os levou \u00e0 classifica\u00e7\u00e3o nesta etapa. Segundo a professora Rosana, que coordena as olimp\u00edadas no Col\u00e9gio, a etapa da pr\u00e9-sele\u00e7\u00e3o \u00e9 composta de um curso on-line e duas provas. Ap\u00f3s a aprova\u00e7\u00e3o nessa fase, os alunos fazem uma prova presencial, em mar\u00e7o de 2020. Os mais bem classificados formar\u00e3o a equipe brasileira que representar\u00e1 o Brasil nas Olimp\u00edadas Internacionais, no pr\u00f3ximo ano. O col\u00e9gio est\u00e1 muito orgulhoso de nossos alunos!<\/p>\n<p style=\"font-weight: 400; text-align: justify;\">Carolina Colnago<\/p>\n<p style=\"font-weight: 400; text-align: justify;\">Assessora de Comunica\u00e7\u00e3o da Fundec &#8211; Jornalista<\/p>\n<p style=\"font-weight: 400; text-align: justify;\">Foto: Os alunos Jos\u00e9 Henrique e Pedro ao lado da Profa. Rosana.<\/p>\n<p style=\"font-weight: 400; text-align: justify;\">\n<p style=\"font-weight: 400;\">\n","protected":false},"excerpt":{"rendered":"<p>O mundo exige e no Anglo acontece! Os alunos do Col\u00e9gio Anglo-CID Jos\u00e9 Henrique Ara\u00fajo (2\u00ba ano do ensino m\u00e9dio) e Pedro Cobra Ushizima (9\u00ba ano do ensino fundamental) foram classificados para a pr\u00e9-sele\u00e7\u00e3o das Olimp\u00edadas Internacionais de Astronomia 2020, que ser\u00e1 realizada na modalidade on-line. A professora de F\u00edsica Ma. Rosana Socha explicou que [&hellip;]<\/p>\n","protected":false},"author":1,"featured_media":5410,"comment_status":"closed","ping_status":"open","sticky":false,"template":"","format":"standard","meta":{"footnotes":""},"categories":[110,122],"tags":[],"class_list":["post-5409","post","type-post","status-publish","format-standard","has-post-thumbnail","hentry","category-noticiasdestaque","category-saudeeducacaoeconcurso"],"_links":{"self":[{"href":"https:\/\/jorgezanoni.com.br\/2019\/wp-json\/wp\/v2\/posts\/5409","targetHints":{"allow":["GET"]}}],"collection":[{"href":"https:\/\/jorgezanoni.com.br\/2019\/wp-json\/wp\/v2\/posts"}],"about":[{"href":"https:\/\/jorgezanoni.com.br\/2019\/wp-json\/wp\/v2\/types\/post"}],"author":[{"embeddable":true,"href":"https:\/\/jorgezanoni.com.br\/2019\/wp-json\/wp\/v2\/users\/1"}],"replies":[{"embeddable":true,"href":"https:\/\/jorgezanoni.com.br\/2019\/wp-json\/wp\/v2\/comments?post=5409"}],"version-history":[{"count":0,"href":"https:\/\/jorgezanoni.com.br\/2019\/wp-json\/wp\/v2\/posts\/5409\/revisions"}],"wp:featuredmedia":[{"embeddable":true,"href":"https:\/\/jorgezanoni.com.br\/2019\/wp-json\/wp\/v2\/media\/5410"}],"wp:attachment":[{"href":"https:\/\/jorgezanoni.com.br\/2019\/wp-json\/wp\/v2\/media?parent=5409"}],"wp:term":[{"taxonomy":"category","embeddable":true,"href":"https:\/\/jorgezanoni.com.br\/2019\/wp-json\/wp\/v2\/categories?post=5409"},{"taxonomy":"post_tag","embeddable":true,"href":"https:\/\/jorgezanoni.com.br\/2019\/wp-json\/wp\/v2\/tags?post=5409"}],"curies":[{"name":"wp","href":"https:\/\/api.w.org\/{rel}","templated":true}]}}