{"id":54065,"date":"2021-09-22T14:06:27","date_gmt":"2021-09-22T14:06:27","guid":{"rendered":"https:\/\/jorgezanoni.com.br\/2019\/?p=54065"},"modified":"2021-09-22T14:06:27","modified_gmt":"2021-09-22T14:06:27","slug":"titulo-de-cidadao-adamantinense-ao-professor-francisco-torturello-xycao-e-aprovado-por-unanimidade-no-legislativo","status":"publish","type":"post","link":"https:\/\/jorgezanoni.com.br\/2019\/titulo-de-cidadao-adamantinense-ao-professor-francisco-torturello-xycao-e-aprovado-por-unanimidade-no-legislativo\/","title":{"rendered":"T\u00edtulo de Cidad\u00e3o Adamantinense ao professor Francisco Torturello \u2018Xyc\u00e3o\u2019 \u00e9 aprovado por unanimidade no Legislativo"},"content":{"rendered":"<p style=\"text-align: justify;\">Durante a sess\u00e3o ordin\u00e1ria realizada na noite de segunda-feira foi aprovado no plen\u00e1rio da C\u00e2mara Municipal o Projeto de Decreto Legislativo n\u00ba 4, de 20 de setembro de 2021, que concede o T\u00edtulo de Cidad\u00e3o Adamantina ao professor Francisco Torturello, chamado carinhosamente pelos amigos por \u2018Xyc\u00e3o\u2019.<\/p>\n<p style=\"text-align: justify;\">O PDL \u00e9 de autoria dos vereadores H\u00e9lio Santos (PL), Aguinaldo Galv\u00e3o (DEM), Noriko Saito (PV), Cid Santos (DEM) e Ricardo Cangir\u00e3o (DEM).<\/p>\n<p style=\"text-align: justify;\">A aprova\u00e7\u00e3o ocorreu por unanimidade dos votos, sendo assim, os nove vereadores subscreveram a iniciativa.<\/p>\n<p style=\"text-align: justify;\">O professor Francisco Torturello ocupa atualmente o cargo de Diretor do Escrit\u00f3rio de Desenvolvimento Regional em Presidente Prudente, que atende os 53 munic\u00edpios da 10\u00aa regi\u00e3o administrativa.<\/p>\n<p style=\"text-align: justify;\">Na justificativa, os autores, representados por H\u00e9lio Santos, expuseram uma breve biografia de Xyc\u00e3o: \u201cO Professor Francisco Torturelo, nasceu em 08 de mar\u00e7o de 1948, no C\u00f3rrego da On\u00e7a (Fazenda Santa B\u00e1rbara e S\u00edtio S\u00e3o Pedro), munic\u00edpio de Adamantina, mas foi registrado na cidade de Luc\u00e9lia (Comarca de Luc\u00e9lia). Filia\u00e7\u00e3o: Pedro Torturelo e Sav\u00e9ria Camilo Torturelo e teve 10 (dez) irm\u00e3os. Casou-se em Adamantina em 1971, na Matriz de Santo Ant\u00f4nio, com a Prof\u00aa. Neide Izabel e as duas filhas mais velhas Marusca e Priscila e Christiane, nasceram em Adamantina. A fam\u00edlia Residiu no C\u00f3rrego da On\u00e7a de 1947 at\u00e9 1961. Veio morar na cidade de Adamantina, principalmente para os filhos estudarem. Na Rua Dona Josefina Dalla Ant\u00f4nia Tiveron, em frente Esta\u00e7\u00e3o da FEPASA. Atualmente ele reside no munic\u00edpio de Presidente Prudente, mas ainda possui muitos familiares em Adamantina. Em 1975 mudou-se para a cidade Osvaldo Cruz para atuar no cargo de Professor Efetivo da Secretaria Estadual de Educa\u00e7\u00e3o (professor, vice-diretor, diretor, supervisor de ensino e delegado de ensino). Em 1995 mudou-se para a cidade de Presidente Prudente, onde permanece at\u00e9 os dias de hoje\u201d.<\/p>\n<p style=\"text-align: justify;\">A forma de entrega da honraria ainda ser\u00e1 definida pela C\u00e2mara de Adamantina: em sess\u00e3o solene convocada para esse fim, ficando vedada sua realiza\u00e7\u00e3o no per\u00edodo de 90 dias que antecede as datas de elei\u00e7\u00f5es municipais, estaduais ou federais e 30 dias ap\u00f3s sua realiza\u00e7\u00e3o, em conson\u00e2ncia com as veda\u00e7\u00f5es previstas na legisla\u00e7\u00e3o eleitoral vigente; enviada ao homenageado, que poder\u00e1 ser entregue por representante do Poder Legislativo em qualquer tempo e dispensadas as formalidades e cerimonial.<\/p>\n<p style=\"text-align: justify;\">Fonte: Ricardo Bispo \/ Adamantina NET<\/p>\n","protected":false},"excerpt":{"rendered":"<p>Durante a sess\u00e3o ordin\u00e1ria realizada na noite de segunda-feira foi aprovado no plen\u00e1rio da C\u00e2mara Municipal o Projeto de Decreto Legislativo n\u00ba 4, de 20 de setembro de 2021, que concede o T\u00edtulo de Cidad\u00e3o Adamantina ao professor Francisco Torturello, chamado carinhosamente pelos amigos por \u2018Xyc\u00e3o\u2019. O PDL \u00e9 de autoria dos vereadores H\u00e9lio Santos [&hellip;]<\/p>\n","protected":false},"author":1,"featured_media":54066,"comment_status":"closed","ping_status":"open","sticky":false,"template":"","format":"standard","meta":{"footnotes":""},"categories":[195,179,110],"tags":[],"class_list":["post-54065","post","type-post","status-publish","format-standard","has-post-thumbnail","hentry","category-adamantina","category-cidadeseregiao","category-noticiasdestaque"],"_links":{"self":[{"href":"https:\/\/jorgezanoni.com.br\/2019\/wp-json\/wp\/v2\/posts\/54065","targetHints":{"allow":["GET"]}}],"collection":[{"href":"https:\/\/jorgezanoni.com.br\/2019\/wp-json\/wp\/v2\/posts"}],"about":[{"href":"https:\/\/jorgezanoni.com.br\/2019\/wp-json\/wp\/v2\/types\/post"}],"author":[{"embeddable":true,"href":"https:\/\/jorgezanoni.com.br\/2019\/wp-json\/wp\/v2\/users\/1"}],"replies":[{"embeddable":true,"href":"https:\/\/jorgezanoni.com.br\/2019\/wp-json\/wp\/v2\/comments?post=54065"}],"version-history":[{"count":0,"href":"https:\/\/jorgezanoni.com.br\/2019\/wp-json\/wp\/v2\/posts\/54065\/revisions"}],"wp:featuredmedia":[{"embeddable":true,"href":"https:\/\/jorgezanoni.com.br\/2019\/wp-json\/wp\/v2\/media\/54066"}],"wp:attachment":[{"href":"https:\/\/jorgezanoni.com.br\/2019\/wp-json\/wp\/v2\/media?parent=54065"}],"wp:term":[{"taxonomy":"category","embeddable":true,"href":"https:\/\/jorgezanoni.com.br\/2019\/wp-json\/wp\/v2\/categories?post=54065"},{"taxonomy":"post_tag","embeddable":true,"href":"https:\/\/jorgezanoni.com.br\/2019\/wp-json\/wp\/v2\/tags?post=54065"}],"curies":[{"name":"wp","href":"https:\/\/api.w.org\/{rel}","templated":true}]}}