{"id":54056,"date":"2021-09-22T13:34:02","date_gmt":"2021-09-22T13:34:02","guid":{"rendered":"https:\/\/jorgezanoni.com.br\/2019\/?p=54056"},"modified":"2021-09-22T13:34:02","modified_gmt":"2021-09-22T13:34:02","slug":"emdaep-segue-com-o-parcelamento-de-contas-atrasadas","status":"publish","type":"post","link":"https:\/\/jorgezanoni.com.br\/2019\/emdaep-segue-com-o-parcelamento-de-contas-atrasadas\/","title":{"rendered":"EMDAEP segue com o parcelamento de contas atrasadas"},"content":{"rendered":"<p style=\"text-align: justify;\">Prossegue at\u00e9 dia 28 de outubro o per\u00edodo de ades\u00e3o ao programa de parcelamento de contas de \u00e1gua atrasadas. Os interessados devem procurar a EMDAEP. A medida vale para contas n\u00e3o pagas at\u00e9 dezembro do ano passado.<br \/>\nTer\u00e7a-feira, o presidente da empresa municipal, vice-prefeito Guido Francisco Baggio, concedeu entrevista na R\u00e1dio 87 FM sobre o parcelamento de contas e falou tamb\u00e9m a respeito de investimentos na reforma de reservat\u00f3rios, monitoramento de po\u00e7os e necessidade de economia de \u00e1gua.<\/p>\n<p style=\"text-align: justify;\">Ass. Rela\u00e7\u00f5es P\u00fablicas da EMDAEP<\/p>\n","protected":false},"excerpt":{"rendered":"<p>Prossegue at\u00e9 dia 28 de outubro o per\u00edodo de ades\u00e3o ao programa de parcelamento de contas de \u00e1gua atrasadas. Os interessados devem procurar a EMDAEP. A medida vale para contas n\u00e3o pagas at\u00e9 dezembro do ano passado. Ter\u00e7a-feira, o presidente da empresa municipal, vice-prefeito Guido Francisco Baggio, concedeu entrevista na R\u00e1dio 87 FM sobre o [&hellip;]<\/p>\n","protected":false},"author":1,"featured_media":54057,"comment_status":"closed","ping_status":"open","sticky":false,"template":"","format":"standard","meta":{"footnotes":""},"categories":[179,184,110],"tags":[],"class_list":["post-54056","post","type-post","status-publish","format-standard","has-post-thumbnail","hentry","category-cidadeseregiao","category-dracena","category-noticiasdestaque"],"_links":{"self":[{"href":"https:\/\/jorgezanoni.com.br\/2019\/wp-json\/wp\/v2\/posts\/54056","targetHints":{"allow":["GET"]}}],"collection":[{"href":"https:\/\/jorgezanoni.com.br\/2019\/wp-json\/wp\/v2\/posts"}],"about":[{"href":"https:\/\/jorgezanoni.com.br\/2019\/wp-json\/wp\/v2\/types\/post"}],"author":[{"embeddable":true,"href":"https:\/\/jorgezanoni.com.br\/2019\/wp-json\/wp\/v2\/users\/1"}],"replies":[{"embeddable":true,"href":"https:\/\/jorgezanoni.com.br\/2019\/wp-json\/wp\/v2\/comments?post=54056"}],"version-history":[{"count":0,"href":"https:\/\/jorgezanoni.com.br\/2019\/wp-json\/wp\/v2\/posts\/54056\/revisions"}],"wp:featuredmedia":[{"embeddable":true,"href":"https:\/\/jorgezanoni.com.br\/2019\/wp-json\/wp\/v2\/media\/54057"}],"wp:attachment":[{"href":"https:\/\/jorgezanoni.com.br\/2019\/wp-json\/wp\/v2\/media?parent=54056"}],"wp:term":[{"taxonomy":"category","embeddable":true,"href":"https:\/\/jorgezanoni.com.br\/2019\/wp-json\/wp\/v2\/categories?post=54056"},{"taxonomy":"post_tag","embeddable":true,"href":"https:\/\/jorgezanoni.com.br\/2019\/wp-json\/wp\/v2\/tags?post=54056"}],"curies":[{"name":"wp","href":"https:\/\/api.w.org\/{rel}","templated":true}]}}