{"id":54037,"date":"2021-09-22T00:05:36","date_gmt":"2021-09-22T00:05:36","guid":{"rendered":"https:\/\/jorgezanoni.com.br\/2019\/?p=54037"},"modified":"2021-09-22T00:05:36","modified_gmt":"2021-09-22T00:05:36","slug":"policia-civil-participa-de-evento-em-comemoracao-a-semana-nacional-de-transito-em-junqueiropolis","status":"publish","type":"post","link":"https:\/\/jorgezanoni.com.br\/2019\/policia-civil-participa-de-evento-em-comemoracao-a-semana-nacional-de-transito-em-junqueiropolis\/","title":{"rendered":"Pol\u00edcia Civil participa de evento em comemora\u00e7\u00e3o \u00e0 Semana Nacional de Tr\u00e2nsito em Junqueir\u00f3polis"},"content":{"rendered":"<p style=\"text-align: justify;\">A Pol\u00edcia Civil, por interm\u00e9dio da Delegacia de Pol\u00edcia de Junqueir\u00f3polis, participou na noite desta segunda-feira (20) da abertura dos trabalhos da Semana Nacional de Tr\u00e2nsito em Junqueir\u00f3polis.<br \/>\nNa oportunidade, o Delegado de Pol\u00edcia Dr. Eliandro Santos, abordou temas relacionados aos crimes de tr\u00e2nsito, tais como homic\u00eddio culposo na dire\u00e7\u00e3o de ve\u00edculo automotor, les\u00f5es corporais culposas em acidentes de tr\u00e2nsito e o crime de embriaguez ao volante, dentre outros temas de interesse.<\/p>\n<p style=\"text-align: justify;\">O evento ainda contou com participa\u00e7\u00e3o da Pol\u00edcia Militar e com um m\u00e9dico do munic\u00edpio, que palestraram sobre inova\u00e7\u00f5es do C\u00f3digo de Tr\u00e2nsito e Primeiros Socorros em acidentes de tr\u00e2nsito, respectivamente.<\/p>\n<p style=\"text-align: justify;\">A Semana Nacional de Tr\u00e2nsito \u00e9 comemorada anualmente entre os dias 18 e 25 de setembro. Tem por objetivo conscientizar todos os envolvidos no dia a dia do tr\u00e2nsito, sejam eles motoristas, passageiros, motociclistas, ciclistas ou pedestres.<\/p>\n<p style=\"text-align: justify;\">O encontro foi realizado no audit\u00f3rio do CEFE &#8211; Centro de Forma\u00e7\u00e3o Educacional, e contou com a participa\u00e7\u00e3o do Prefeito e Vice-Prefeito municipais, al\u00e9m da grande ades\u00e3o do p\u00fablico.<\/p>\n<p><img loading=\"lazy\" decoding=\"async\" class=\"alignnone size-full wp-image-54038\" src=\"https:\/\/jorgezanoni.com.br\/2019\/wp-content\/uploads\/2021\/09\/civ.jpg\" alt=\"\" width=\"1280\" height=\"960\" srcset=\"https:\/\/jorgezanoni.com.br\/2019\/wp-content\/uploads\/2021\/09\/civ.jpg 1280w, https:\/\/jorgezanoni.com.br\/2019\/wp-content\/uploads\/2021\/09\/civ-300x225.jpg 300w, https:\/\/jorgezanoni.com.br\/2019\/wp-content\/uploads\/2021\/09\/civ-1024x768.jpg 1024w, https:\/\/jorgezanoni.com.br\/2019\/wp-content\/uploads\/2021\/09\/civ-768x576.jpg 768w, https:\/\/jorgezanoni.com.br\/2019\/wp-content\/uploads\/2021\/09\/civ-80x60.jpg 80w, https:\/\/jorgezanoni.com.br\/2019\/wp-content\/uploads\/2021\/09\/civ-265x198.jpg 265w, https:\/\/jorgezanoni.com.br\/2019\/wp-content\/uploads\/2021\/09\/civ-696x522.jpg 696w, https:\/\/jorgezanoni.com.br\/2019\/wp-content\/uploads\/2021\/09\/civ-1068x801.jpg 1068w, https:\/\/jorgezanoni.com.br\/2019\/wp-content\/uploads\/2021\/09\/civ-560x420.jpg 560w\" sizes=\"auto, (max-width: 1280px) 100vw, 1280px\" \/> <img loading=\"lazy\" decoding=\"async\" class=\"alignnone size-full wp-image-54039\" src=\"https:\/\/jorgezanoni.com.br\/2019\/wp-content\/uploads\/2021\/09\/civ1.jpg\" alt=\"\" width=\"1280\" height=\"960\" srcset=\"https:\/\/jorgezanoni.com.br\/2019\/wp-content\/uploads\/2021\/09\/civ1.jpg 1280w, https:\/\/jorgezanoni.com.br\/2019\/wp-content\/uploads\/2021\/09\/civ1-300x225.jpg 300w, https:\/\/jorgezanoni.com.br\/2019\/wp-content\/uploads\/2021\/09\/civ1-1024x768.jpg 1024w, https:\/\/jorgezanoni.com.br\/2019\/wp-content\/uploads\/2021\/09\/civ1-768x576.jpg 768w, https:\/\/jorgezanoni.com.br\/2019\/wp-content\/uploads\/2021\/09\/civ1-80x60.jpg 80w, https:\/\/jorgezanoni.com.br\/2019\/wp-content\/uploads\/2021\/09\/civ1-265x198.jpg 265w, https:\/\/jorgezanoni.com.br\/2019\/wp-content\/uploads\/2021\/09\/civ1-696x522.jpg 696w, https:\/\/jorgezanoni.com.br\/2019\/wp-content\/uploads\/2021\/09\/civ1-1068x801.jpg 1068w, https:\/\/jorgezanoni.com.br\/2019\/wp-content\/uploads\/2021\/09\/civ1-560x420.jpg 560w\" sizes=\"auto, (max-width: 1280px) 100vw, 1280px\" \/><\/p>\n<p>Fonte: Com. Social Pol\u00edcia Civil<\/p>\n","protected":false},"excerpt":{"rendered":"<p>A Pol\u00edcia Civil, por interm\u00e9dio da Delegacia de Pol\u00edcia de Junqueir\u00f3polis, participou na noite desta segunda-feira (20) da abertura dos trabalhos da Semana Nacional de Tr\u00e2nsito em Junqueir\u00f3polis. Na oportunidade, o Delegado de Pol\u00edcia Dr. Eliandro Santos, abordou temas relacionados aos crimes de tr\u00e2nsito, tais como homic\u00eddio culposo na dire\u00e7\u00e3o de ve\u00edculo automotor, les\u00f5es corporais [&hellip;]<\/p>\n","protected":false},"author":1,"featured_media":54040,"comment_status":"closed","ping_status":"open","sticky":false,"template":"","format":"standard","meta":{"footnotes":""},"categories":[110,2],"tags":[],"class_list":["post-54037","post","type-post","status-publish","format-standard","has-post-thumbnail","hentry","category-noticiasdestaque","category-policial"],"_links":{"self":[{"href":"https:\/\/jorgezanoni.com.br\/2019\/wp-json\/wp\/v2\/posts\/54037","targetHints":{"allow":["GET"]}}],"collection":[{"href":"https:\/\/jorgezanoni.com.br\/2019\/wp-json\/wp\/v2\/posts"}],"about":[{"href":"https:\/\/jorgezanoni.com.br\/2019\/wp-json\/wp\/v2\/types\/post"}],"author":[{"embeddable":true,"href":"https:\/\/jorgezanoni.com.br\/2019\/wp-json\/wp\/v2\/users\/1"}],"replies":[{"embeddable":true,"href":"https:\/\/jorgezanoni.com.br\/2019\/wp-json\/wp\/v2\/comments?post=54037"}],"version-history":[{"count":0,"href":"https:\/\/jorgezanoni.com.br\/2019\/wp-json\/wp\/v2\/posts\/54037\/revisions"}],"wp:featuredmedia":[{"embeddable":true,"href":"https:\/\/jorgezanoni.com.br\/2019\/wp-json\/wp\/v2\/media\/54040"}],"wp:attachment":[{"href":"https:\/\/jorgezanoni.com.br\/2019\/wp-json\/wp\/v2\/media?parent=54037"}],"wp:term":[{"taxonomy":"category","embeddable":true,"href":"https:\/\/jorgezanoni.com.br\/2019\/wp-json\/wp\/v2\/categories?post=54037"},{"taxonomy":"post_tag","embeddable":true,"href":"https:\/\/jorgezanoni.com.br\/2019\/wp-json\/wp\/v2\/tags?post=54037"}],"curies":[{"name":"wp","href":"https:\/\/api.w.org\/{rel}","templated":true}]}}