{"id":5403,"date":"2019-09-05T23:17:58","date_gmt":"2019-09-05T23:17:58","guid":{"rendered":"https:\/\/jorgezanoni.com.br\/2019\/?p=5403"},"modified":"2019-09-05T23:17:58","modified_gmt":"2019-09-05T23:17:58","slug":"emerson-luiz-assume-o-cargo-de-vereador-em-panorama","status":"publish","type":"post","link":"https:\/\/jorgezanoni.com.br\/2019\/emerson-luiz-assume-o-cargo-de-vereador-em-panorama\/","title":{"rendered":"\u00c9merson Luiz assume o cargo de Vereador em Panorama"},"content":{"rendered":"<p style=\"text-align: justify;\">Na manh\u00e3 do \u00faltimo dia 04, o advogado \u00c9merson Luiz Barbosa dos Santos, filiado ao Republicanos 10, nova denomina\u00e7\u00e3o do partido PRB, tomou posse definitivamente do cargo de vereador na C\u00e2mara Municipal de Panorama.<\/p>\n<p><img loading=\"lazy\" decoding=\"async\" class=\"alignnone size-full wp-image-5404\" src=\"https:\/\/jorgezanoni.com.br\/2019\/wp-content\/uploads\/2019\/09\/pano3.jpg\" alt=\"\" width=\"900\" height=\"1200\" srcset=\"https:\/\/jorgezanoni.com.br\/2019\/wp-content\/uploads\/2019\/09\/pano3.jpg 900w, https:\/\/jorgezanoni.com.br\/2019\/wp-content\/uploads\/2019\/09\/pano3-225x300.jpg 225w, https:\/\/jorgezanoni.com.br\/2019\/wp-content\/uploads\/2019\/09\/pano3-768x1024.jpg 768w, https:\/\/jorgezanoni.com.br\/2019\/wp-content\/uploads\/2019\/09\/pano3-696x928.jpg 696w, https:\/\/jorgezanoni.com.br\/2019\/wp-content\/uploads\/2019\/09\/pano3-315x420.jpg 315w\" sizes=\"auto, (max-width: 900px) 100vw, 900px\" \/><\/p>\n<p style=\"text-align: justify;\">O ingresso no cargo d\u00e1-se em virtude da ren\u00fancia do Vereador Edemir Vermelho(PSDB) subscrita desde o dia 20 de Agosto, alegando persegui\u00e7\u00e3o pol\u00edtica e judicial.<\/p>\n<p style=\"text-align: justify;\">Seguindo determina\u00e7\u00e3o legal, a Casa Legislativa formalizou o ato de extin\u00e7\u00e3o do mandato do vereador na sess\u00e3o ordin\u00e1ria realizada no dia \u00faltimo dia 03 e, com a vac\u00e2ncia no cargo, procedeu-se a convoca\u00e7\u00e3o do primeiro suplente.<\/p>\n<p><img loading=\"lazy\" decoding=\"async\" class=\"alignnone size-full wp-image-5405\" src=\"https:\/\/jorgezanoni.com.br\/2019\/wp-content\/uploads\/2019\/09\/pano.jpg\" alt=\"\" width=\"900\" height=\"506\" srcset=\"https:\/\/jorgezanoni.com.br\/2019\/wp-content\/uploads\/2019\/09\/pano.jpg 900w, https:\/\/jorgezanoni.com.br\/2019\/wp-content\/uploads\/2019\/09\/pano-300x169.jpg 300w, https:\/\/jorgezanoni.com.br\/2019\/wp-content\/uploads\/2019\/09\/pano-768x432.jpg 768w, https:\/\/jorgezanoni.com.br\/2019\/wp-content\/uploads\/2019\/09\/pano-696x391.jpg 696w, https:\/\/jorgezanoni.com.br\/2019\/wp-content\/uploads\/2019\/09\/pano-747x420.jpg 747w\" sizes=\"auto, (max-width: 900px) 100vw, 900px\" \/><\/p>\n<p style=\"text-align: justify;\">\u00c9merson Luiz \u00e9 advogado, jornalista habilitado e vereador da Legislatura 2009\/2012. Sua trajet\u00f3ria \u00e9 marcante nos movimentos estudantis, nos Esportes, no Social e no fortalecimento de Lideran\u00e7as Comunit\u00e1rias.<\/p>\n<p style=\"text-align: justify;\">Ouvido pela reportagem, o novo vereador enalteceu a presen\u00e7a de dois ex-prefeitos durante sua posse,Jos\u00e9 Milanez e Jos\u00e9 Milanez J\u00fanior \u2013 Ting e agradeceu o dentista Oswaldo Codognae fam\u00edlia com quem atuou nas elei\u00e7\u00f5es municipais, afirmando esperar corresponder \u00e0altura a expectativa de toda a popula\u00e7\u00e3o panoramense.<\/p>\n<p style=\"text-align: justify;\">\u00c9merson Luiz destacouainda, que dar\u00e1 sua contribui\u00e7\u00e3o para que o Legislativo resgate sua ess\u00eancia de fiscalizar o Executivo, elaborar e apreciar Leis,afim de unir o Executivo, Legislativo e Judici\u00e1rio no prop\u00f3sito de garantir o bem comum de todos.<\/p>\n<p><img loading=\"lazy\" decoding=\"async\" class=\"alignnone size-full wp-image-5406\" src=\"https:\/\/jorgezanoni.com.br\/2019\/wp-content\/uploads\/2019\/09\/no2.jpg\" alt=\"\" width=\"900\" height=\"506\" srcset=\"https:\/\/jorgezanoni.com.br\/2019\/wp-content\/uploads\/2019\/09\/no2.jpg 900w, https:\/\/jorgezanoni.com.br\/2019\/wp-content\/uploads\/2019\/09\/no2-300x169.jpg 300w, https:\/\/jorgezanoni.com.br\/2019\/wp-content\/uploads\/2019\/09\/no2-768x432.jpg 768w, https:\/\/jorgezanoni.com.br\/2019\/wp-content\/uploads\/2019\/09\/no2-696x391.jpg 696w, https:\/\/jorgezanoni.com.br\/2019\/wp-content\/uploads\/2019\/09\/no2-747x420.jpg 747w\" sizes=\"auto, (max-width: 900px) 100vw, 900px\" \/><\/p>\n<p style=\"text-align: justify;\">Ainda em discurso na C\u00e2mara, fez acenos de apoioaos servidores p\u00fablicos municipais, aos trabalhadores de cer\u00e2micas eaos ceramistas e demais pequenos, m\u00e9dios e grandes empres\u00e1rios e aos comerciantes que, segundo ele, d\u00e3o emprego na cidade.<\/p>\n<p style=\"text-align: justify;\">\u201cPrecisamos de novas alternativas de empregos para os jovens, homens e mulheres, mas, devemos preservar os empregos j\u00e1 existentes\u201d &#8211; asseverou.<\/p>\n<p style=\"text-align: justify;\">O novo vereador defendeu tamb\u00e9m a classe dos Caminhoneiros, dos Agricultores e as autoridades Policiais, Civis e Militares, colocando seu mandato \u00e0 disposi\u00e7\u00e3o do povo.<\/p>\n<p style=\"text-align: justify;\">Fonte: Assessoria C\u00e2mara Municipal<\/p>\n","protected":false},"excerpt":{"rendered":"<p>Na manh\u00e3 do \u00faltimo dia 04, o advogado \u00c9merson Luiz Barbosa dos Santos, filiado ao Republicanos 10, nova denomina\u00e7\u00e3o do partido PRB, tomou posse definitivamente do cargo de vereador na C\u00e2mara Municipal de Panorama. O ingresso no cargo d\u00e1-se em virtude da ren\u00fancia do Vereador Edemir Vermelho(PSDB) subscrita desde o dia 20 de Agosto, alegando [&hellip;]<\/p>\n","protected":false},"author":1,"featured_media":5407,"comment_status":"closed","ping_status":"open","sticky":false,"template":"","format":"standard","meta":{"footnotes":""},"categories":[116],"tags":[],"class_list":["post-5403","post","type-post","status-publish","format-standard","has-post-thumbnail","hentry","category-politicaeeconomia"],"_links":{"self":[{"href":"https:\/\/jorgezanoni.com.br\/2019\/wp-json\/wp\/v2\/posts\/5403","targetHints":{"allow":["GET"]}}],"collection":[{"href":"https:\/\/jorgezanoni.com.br\/2019\/wp-json\/wp\/v2\/posts"}],"about":[{"href":"https:\/\/jorgezanoni.com.br\/2019\/wp-json\/wp\/v2\/types\/post"}],"author":[{"embeddable":true,"href":"https:\/\/jorgezanoni.com.br\/2019\/wp-json\/wp\/v2\/users\/1"}],"replies":[{"embeddable":true,"href":"https:\/\/jorgezanoni.com.br\/2019\/wp-json\/wp\/v2\/comments?post=5403"}],"version-history":[{"count":0,"href":"https:\/\/jorgezanoni.com.br\/2019\/wp-json\/wp\/v2\/posts\/5403\/revisions"}],"wp:featuredmedia":[{"embeddable":true,"href":"https:\/\/jorgezanoni.com.br\/2019\/wp-json\/wp\/v2\/media\/5407"}],"wp:attachment":[{"href":"https:\/\/jorgezanoni.com.br\/2019\/wp-json\/wp\/v2\/media?parent=5403"}],"wp:term":[{"taxonomy":"category","embeddable":true,"href":"https:\/\/jorgezanoni.com.br\/2019\/wp-json\/wp\/v2\/categories?post=5403"},{"taxonomy":"post_tag","embeddable":true,"href":"https:\/\/jorgezanoni.com.br\/2019\/wp-json\/wp\/v2\/tags?post=5403"}],"curies":[{"name":"wp","href":"https:\/\/api.w.org\/{rel}","templated":true}]}}