{"id":54016,"date":"2021-09-21T14:50:42","date_gmt":"2021-09-21T14:50:42","guid":{"rendered":"https:\/\/jorgezanoni.com.br\/2019\/?p=54016"},"modified":"2021-09-21T14:50:42","modified_gmt":"2021-09-21T14:50:42","slug":"policia-militar-prende-homem-por-estupro-de-vulneravel-em-ouro-verde","status":"publish","type":"post","link":"https:\/\/jorgezanoni.com.br\/2019\/policia-militar-prende-homem-por-estupro-de-vulneravel-em-ouro-verde\/","title":{"rendered":"Pol\u00edcia Militar prende homem por estupro de vulner\u00e1vel em Ouro Verde"},"content":{"rendered":"<p style=\"text-align: justify;\">POL\u00cdCIA MILITAR EM OURO VERDE AGE RAPIDAMENTE E PRENDE HOMEM POR ESTUPRO DE VUNER\u00c1VEL<\/p>\n<p style=\"text-align: justify;\">Na data de ontem (20) por volta das 12h02min a equipe da Pol\u00edcia Militar na cidade de Ouro Verde prendeu em flagrante um homem por estupro de vulner\u00e1vel.<br \/>\nNa chegada ao local dos fatos foi feito o contato com a m\u00e3e da v\u00edtima, uma menina de 9 anos de idade que tamb\u00e9m se encontrava bastante traumatizada, sendo colhidas todas as informa\u00e7\u00f5es com a genitora que sua filha havia sido obrigada a manter rela\u00e7\u00f5es sexuais (sexo oral) com um homem (primo da v\u00edtima) de 27 anos na cozinha da casa, e que depois a levou para um quarto e a abusou, enquanto a irm\u00e3 da v\u00edtima (06) anos permaneceu na sala fazendo o uso do celular do indiciado.<br \/>\nA v\u00edtima relatou que a m\u00e3e do indiciado j\u00e1 havia presenciado tais acontecimentos parecidos e a amea\u00e7ou, dizendo que n\u00e3o era para contar para ningu\u00e9m e em datas anteriores, o indiciado colocou em seu celular v\u00eddeos contendo cenas de sexo e que era para ela olhar e aprender.<br \/>\nMomento esse, a rua j\u00e1 estava ficando tomada por populares e parentes da v\u00edtima, e que estavam no intuito de tentar contra a vida do acusado.<br \/>\nDe posse das informa\u00e7\u00f5es obtidas, iniciamos as dilig\u00eancias nas proximidades tendo em vista o ato ter acontecido a poucos instantes e o autor n\u00e3o deveria estar t\u00e3o longe.<br \/>\nAp\u00f3s alguns minutos a equipe da Pol\u00edcia Militar logrou \u00eaxito em localizar o indiciado homiziado dentro de sua casa aos fundos da cozinha sentado atr\u00e1s de um arm\u00e1rio.<br \/>\nSendo assim, foi dado voz de pris\u00e3o ao indiciado que permaneceu preso \u00e0 disposi\u00e7\u00e3o da Justi\u00e7a.<br \/>\nAcompanhou a ocorr\u00eancia o Conselho Tutelar do munic\u00edpio.<\/p>\n<p>Fonte: Com. Social Pol\u00edcia Militar<\/p>\n<p>Imagem Ilustrativa<\/p>\n","protected":false},"excerpt":{"rendered":"<p>POL\u00cdCIA MILITAR EM OURO VERDE AGE RAPIDAMENTE E PRENDE HOMEM POR ESTUPRO DE VUNER\u00c1VEL Na data de ontem (20) por volta das 12h02min a equipe da Pol\u00edcia Militar na cidade de Ouro Verde prendeu em flagrante um homem por estupro de vulner\u00e1vel. Na chegada ao local dos fatos foi feito o contato com a m\u00e3e [&hellip;]<\/p>\n","protected":false},"author":1,"featured_media":54017,"comment_status":"closed","ping_status":"open","sticky":false,"template":"","format":"standard","meta":{"footnotes":""},"categories":[110,2],"tags":[],"class_list":["post-54016","post","type-post","status-publish","format-standard","has-post-thumbnail","hentry","category-noticiasdestaque","category-policial"],"_links":{"self":[{"href":"https:\/\/jorgezanoni.com.br\/2019\/wp-json\/wp\/v2\/posts\/54016","targetHints":{"allow":["GET"]}}],"collection":[{"href":"https:\/\/jorgezanoni.com.br\/2019\/wp-json\/wp\/v2\/posts"}],"about":[{"href":"https:\/\/jorgezanoni.com.br\/2019\/wp-json\/wp\/v2\/types\/post"}],"author":[{"embeddable":true,"href":"https:\/\/jorgezanoni.com.br\/2019\/wp-json\/wp\/v2\/users\/1"}],"replies":[{"embeddable":true,"href":"https:\/\/jorgezanoni.com.br\/2019\/wp-json\/wp\/v2\/comments?post=54016"}],"version-history":[{"count":0,"href":"https:\/\/jorgezanoni.com.br\/2019\/wp-json\/wp\/v2\/posts\/54016\/revisions"}],"wp:featuredmedia":[{"embeddable":true,"href":"https:\/\/jorgezanoni.com.br\/2019\/wp-json\/wp\/v2\/media\/54017"}],"wp:attachment":[{"href":"https:\/\/jorgezanoni.com.br\/2019\/wp-json\/wp\/v2\/media?parent=54016"}],"wp:term":[{"taxonomy":"category","embeddable":true,"href":"https:\/\/jorgezanoni.com.br\/2019\/wp-json\/wp\/v2\/categories?post=54016"},{"taxonomy":"post_tag","embeddable":true,"href":"https:\/\/jorgezanoni.com.br\/2019\/wp-json\/wp\/v2\/tags?post=54016"}],"curies":[{"name":"wp","href":"https:\/\/api.w.org\/{rel}","templated":true}]}}