{"id":54012,"date":"2021-09-21T12:37:34","date_gmt":"2021-09-21T12:37:34","guid":{"rendered":"https:\/\/jorgezanoni.com.br\/2019\/?p=54012"},"modified":"2021-09-21T12:37:34","modified_gmt":"2021-09-21T12:37:34","slug":"hoje-comemora-se-o-dia-da-arvore","status":"publish","type":"post","link":"https:\/\/jorgezanoni.com.br\/2019\/hoje-comemora-se-o-dia-da-arvore\/","title":{"rendered":"Hoje comemora-se o &#8220;Dia da \u00c1rvore&#8221;"},"content":{"rendered":"<p style=\"text-align: justify;\"><strong>O\u00a0Dia da \u00c1rvore\u00a0\u00e9 comemorado no dia\u00a021 de Setembro.<\/strong><\/p>\n<p style=\"text-align: justify;\">Esta data foi escolhida por anteceder o in\u00edcio da primavera no Hemisf\u00e9rio Sul que, dependendo do ano, pode ocorrer entre os dias 22 e 23 de setembro.<\/p>\n<p style=\"text-align: justify;\">O objetivo deste dia \u00e9 conscientizar sobre a import\u00e2ncia da preserva\u00e7\u00e3o das \u00e1rvores e das florestas, incentivando a prote\u00e7\u00e3o do meio ambiente com atitudes que trazem benef\u00edcios \u00e0 natureza.<\/p>\n<figure class=\"image\" style=\"text-align: justify;\"><img loading=\"lazy\" decoding=\"async\" src=\"https:\/\/s.calendarr.com\/upload\/datas\/ar\/vo\/arvore_c.jpg\" alt=\"A \u00e1rvore s\u00edmbolo do Brasil \u00e9 o Ip\u00ea Amarelo\" width=\"655\" height=\"479\" \/><figcaption>A \u00e1rvore s\u00edmbolo do Brasil \u00e9 o\u00a0<em>Ip\u00ea-amarelo<\/em><\/figcaption><\/figure>\n<p style=\"text-align: justify;\">O Ip\u00ea-amarelo foi escolhido como s\u00edmbolo da na\u00e7\u00e3o, pois quando suas flores amarelas caem no ch\u00e3o, principalmente em locais com grama verde, lembra-se da bandeira do Brasil.<\/p>\n<p style=\"text-align: justify;\">Al\u00e9m disso, entre os meses de agosto e setembro \u00e9 a \u00e9poca em que as flores do ip\u00ea-amarelo desabrocham, coincidindo com o dia da independ\u00eancia do Brasil, em 7 de setembro.<\/p>\n<h2 style=\"text-align: justify;\">Como surgiu o dia da \u00e1rvore?<\/h2>\n<p style=\"text-align: justify;\">Tudo come\u00e7ou em 10 de abril de 1872 quando um jornalista decidiu plantar muitas \u00e1rvores onde vivia, em Nebraska, nos Estados Unidos.<\/p>\n<p style=\"text-align: justify;\">O \u201cDay Arbor\u201d foi um marco para conscientiza\u00e7\u00e3o sobre o impacto gerado pela remo\u00e7\u00e3o de \u00e1rvores na natureza e como isso afetaria a vida a longo prazo.<\/p>\n<p style=\"text-align: justify;\">No Brasil, apesar de ainda ser comemorado nos dias de hoje, o Dia da \u00c1rvore foi substitu\u00eddo pela Festa Anual das \u00c1rvores, institu\u00edda pelo Decreto n\u00ba 55.795, de 24 de Fevereiro de 1965.<\/p>\n<p style=\"text-align: justify;\">Mesmo com esta mudan\u00e7a, o Dia da \u00c1rvore, em setembro, ainda \u00e9 lembrado nas escolas e na m\u00eddia.<\/p>\n<h2 style=\"text-align: justify;\">Atividades para o Dia da \u00c1rvore<\/h2>\n<ul style=\"text-align: justify;\">\n<li>plantar uma \u00e1rvore;<\/li>\n<li>revitalizar algum jardim que n\u00e3o esteja bem cuidado;<\/li>\n<li>conhecer o Jardim Bot\u00e2nico da sua cidade;<\/li>\n<li>ajudar entidades que promovam a preserva\u00e7\u00e3o da natureza.<\/li>\n<\/ul>\n<p style=\"text-align: justify;\">No dia 21 de mar\u00e7o \u00e9 comemorado o\u00a0<a href=\"https:\/\/www.calendarr.com\/brasil\/dia-internacional-das-florestas-e-da-arvore\/\">Dia Internacional das Florestas e da \u00c1rvore<\/a>, que tem o mesmo prop\u00f3sito do Dia da \u00c1rvore, mas est\u00e1 associado \u00e0 chegada da primavera no Hemisf\u00e9rio Norte.<\/p>\n<p style=\"text-align: justify;\">Fonte: https:\/\/www.calendarr.com\/brasil\/dia-da-arvore\/<\/p>\n","protected":false},"excerpt":{"rendered":"<p>O\u00a0Dia da \u00c1rvore\u00a0\u00e9 comemorado no dia\u00a021 de Setembro. Esta data foi escolhida por anteceder o in\u00edcio da primavera no Hemisf\u00e9rio Sul que, dependendo do ano, pode ocorrer entre os dias 22 e 23 de setembro. O objetivo deste dia \u00e9 conscientizar sobre a import\u00e2ncia da preserva\u00e7\u00e3o das \u00e1rvores e das florestas, incentivando a prote\u00e7\u00e3o do [&hellip;]<\/p>\n","protected":false},"author":1,"featured_media":54013,"comment_status":"closed","ping_status":"open","sticky":false,"template":"","format":"standard","meta":{"footnotes":""},"categories":[176,110],"tags":[],"class_list":["post-54012","post","type-post","status-publish","format-standard","has-post-thumbnail","hentry","category-meioambienteeagricultura","category-noticiasdestaque"],"_links":{"self":[{"href":"https:\/\/jorgezanoni.com.br\/2019\/wp-json\/wp\/v2\/posts\/54012","targetHints":{"allow":["GET"]}}],"collection":[{"href":"https:\/\/jorgezanoni.com.br\/2019\/wp-json\/wp\/v2\/posts"}],"about":[{"href":"https:\/\/jorgezanoni.com.br\/2019\/wp-json\/wp\/v2\/types\/post"}],"author":[{"embeddable":true,"href":"https:\/\/jorgezanoni.com.br\/2019\/wp-json\/wp\/v2\/users\/1"}],"replies":[{"embeddable":true,"href":"https:\/\/jorgezanoni.com.br\/2019\/wp-json\/wp\/v2\/comments?post=54012"}],"version-history":[{"count":0,"href":"https:\/\/jorgezanoni.com.br\/2019\/wp-json\/wp\/v2\/posts\/54012\/revisions"}],"wp:featuredmedia":[{"embeddable":true,"href":"https:\/\/jorgezanoni.com.br\/2019\/wp-json\/wp\/v2\/media\/54013"}],"wp:attachment":[{"href":"https:\/\/jorgezanoni.com.br\/2019\/wp-json\/wp\/v2\/media?parent=54012"}],"wp:term":[{"taxonomy":"category","embeddable":true,"href":"https:\/\/jorgezanoni.com.br\/2019\/wp-json\/wp\/v2\/categories?post=54012"},{"taxonomy":"post_tag","embeddable":true,"href":"https:\/\/jorgezanoni.com.br\/2019\/wp-json\/wp\/v2\/tags?post=54012"}],"curies":[{"name":"wp","href":"https:\/\/api.w.org\/{rel}","templated":true}]}}