{"id":5400,"date":"2019-09-05T22:59:06","date_gmt":"2019-09-05T22:59:06","guid":{"rendered":"https:\/\/jorgezanoni.com.br\/2019\/?p=5400"},"modified":"2019-09-05T22:59:06","modified_gmt":"2019-09-05T22:59:06","slug":"vem-ai-mais-um-torra-torra-da-avapac","status":"publish","type":"post","link":"https:\/\/jorgezanoni.com.br\/2019\/vem-ai-mais-um-torra-torra-da-avapac\/","title":{"rendered":"Vem a\u00ed mais um Torra-Torra da Avapac"},"content":{"rendered":"<p style=\"text-align: justify;\">A\u00a0 Avapac \u2013 Associa\u00e7\u00e3o de Volunt\u00e1rios de Apoio ao Paciente de C\u00e2ncer promove mais um Torra-Torra. O evento j\u00e1 se tornou tradi\u00e7\u00e3o em Dracena atraindo compradores da regi\u00e3o e at\u00e9 do Mato Grosso do Sul e nesta 24\u00aa edi\u00e7\u00e3o estar\u00e1 comercializando confec\u00e7\u00f5es masculinas, femininas e infantis, cal\u00e7ados e acess\u00f3rios e perfumaria. Todos os artigos s\u00e3o novos\u00a0 e ter\u00e3o pre\u00e7o m\u00e1ximo de R$ 120,00.<\/p>\n<p style=\"text-align: justify;\">Dias\u00a0\u00a0 9, 10 e 11 \u00a0(segunda, ter\u00e7a e quarta)<\/p>\n<p style=\"text-align: justify;\">Local Laje da Igreja Matriz Nossa Senhora Aparecida<\/p>\n<p style=\"text-align: justify;\">Hor\u00e1rio das 13 \u00e0s 20 horas<\/p>\n<p style=\"text-align: justify;\">Haver\u00e1 servi\u00e7o de bar com salgados, bolos, confeccionados pelas volunt\u00e1rias e colaboradoras, e refrigerantes.<\/p>\n<p>Fonte: Assessoria Avapac<\/p>\n<p>Imagem Arquivo<\/p>\n<p>&nbsp;<\/p>\n","protected":false},"excerpt":{"rendered":"<p>A\u00a0 Avapac \u2013 Associa\u00e7\u00e3o de Volunt\u00e1rios de Apoio ao Paciente de C\u00e2ncer promove mais um Torra-Torra. O evento j\u00e1 se tornou tradi\u00e7\u00e3o em Dracena atraindo compradores da regi\u00e3o e at\u00e9 do Mato Grosso do Sul e nesta 24\u00aa edi\u00e7\u00e3o estar\u00e1 comercializando confec\u00e7\u00f5es masculinas, femininas e infantis, cal\u00e7ados e acess\u00f3rios e perfumaria. Todos os artigos s\u00e3o [&hellip;]<\/p>\n","protected":false},"author":1,"featured_media":5401,"comment_status":"closed","ping_status":"open","sticky":false,"template":"","format":"standard","meta":{"footnotes":""},"categories":[110,118],"tags":[],"class_list":["post-5400","post","type-post","status-publish","format-standard","has-post-thumbnail","hentry","category-noticiasdestaque","category-religiaoesolidariedade"],"_links":{"self":[{"href":"https:\/\/jorgezanoni.com.br\/2019\/wp-json\/wp\/v2\/posts\/5400","targetHints":{"allow":["GET"]}}],"collection":[{"href":"https:\/\/jorgezanoni.com.br\/2019\/wp-json\/wp\/v2\/posts"}],"about":[{"href":"https:\/\/jorgezanoni.com.br\/2019\/wp-json\/wp\/v2\/types\/post"}],"author":[{"embeddable":true,"href":"https:\/\/jorgezanoni.com.br\/2019\/wp-json\/wp\/v2\/users\/1"}],"replies":[{"embeddable":true,"href":"https:\/\/jorgezanoni.com.br\/2019\/wp-json\/wp\/v2\/comments?post=5400"}],"version-history":[{"count":0,"href":"https:\/\/jorgezanoni.com.br\/2019\/wp-json\/wp\/v2\/posts\/5400\/revisions"}],"wp:featuredmedia":[{"embeddable":true,"href":"https:\/\/jorgezanoni.com.br\/2019\/wp-json\/wp\/v2\/media\/5401"}],"wp:attachment":[{"href":"https:\/\/jorgezanoni.com.br\/2019\/wp-json\/wp\/v2\/media?parent=5400"}],"wp:term":[{"taxonomy":"category","embeddable":true,"href":"https:\/\/jorgezanoni.com.br\/2019\/wp-json\/wp\/v2\/categories?post=5400"},{"taxonomy":"post_tag","embeddable":true,"href":"https:\/\/jorgezanoni.com.br\/2019\/wp-json\/wp\/v2\/tags?post=5400"}],"curies":[{"name":"wp","href":"https:\/\/api.w.org\/{rel}","templated":true}]}}