{"id":53991,"date":"2021-09-20T23:50:01","date_gmt":"2021-09-20T23:50:01","guid":{"rendered":"https:\/\/jorgezanoni.com.br\/2019\/?p=53991"},"modified":"2021-09-20T23:50:01","modified_gmt":"2021-09-20T23:50:01","slug":"emdaep-registra-quedas-de-energia-na-regiao-de-reservatorios","status":"publish","type":"post","link":"https:\/\/jorgezanoni.com.br\/2019\/emdaep-registra-quedas-de-energia-na-regiao-de-reservatorios\/","title":{"rendered":"EMDAEP registra quedas de energia na regi\u00e3o de reservat\u00f3rios"},"content":{"rendered":"<p style=\"text-align: justify;\">Nesta segunda-feira, a falta de energia na regi\u00e3o do Jardim das Palmeiras interrompeu a produ\u00e7\u00e3o no po\u00e7o da Alameda Inglaterra, afetando o n\u00edvel reservat\u00f3rio existente no local.<br \/>\nEm virtude do calor e consumo elevado, levar\u00e1 algumas horas para normaliza\u00e7\u00e3o dos reservat\u00f3rios. Pode faltar \u00e1gua em alguns setores e a popula\u00e7\u00e3o precisa fazer economia.<\/p>\n<p style=\"text-align: justify;\">No domingo e nesta segunda-feira tamb\u00e9m faltou energia na regi\u00e3o do Bairro Em\u00edlio Zanata, afetando o n\u00edvel do reservat\u00f3rio de \u00e1gua, provocando desabastecimento. Da mesma forma a popula\u00e7\u00e3o precisa fazer economia.<\/p>\n<p style=\"text-align: justify;\">Com o sistema de monitoramento recentemente implantado, a EMDAEP verifica de imediato o n\u00edvel dos reservat\u00f3rios e adota as medidas cab\u00edveis, como ida de eletricistas aos po\u00e7os para conferir problemas e emiss\u00e3o de alertas \u00e0 popula\u00e7\u00e3o.<\/p>\n<p style=\"text-align: justify;\">Ass. Rela\u00e7\u00f5es P\u00fablicas da EMDAEP<\/p>\n","protected":false},"excerpt":{"rendered":"<p>Nesta segunda-feira, a falta de energia na regi\u00e3o do Jardim das Palmeiras interrompeu a produ\u00e7\u00e3o no po\u00e7o da Alameda Inglaterra, afetando o n\u00edvel reservat\u00f3rio existente no local. Em virtude do calor e consumo elevado, levar\u00e1 algumas horas para normaliza\u00e7\u00e3o dos reservat\u00f3rios. Pode faltar \u00e1gua em alguns setores e a popula\u00e7\u00e3o precisa fazer economia. No domingo [&hellip;]<\/p>\n","protected":false},"author":1,"featured_media":53992,"comment_status":"closed","ping_status":"open","sticky":false,"template":"","format":"standard","meta":{"footnotes":""},"categories":[179,184,110],"tags":[],"class_list":["post-53991","post","type-post","status-publish","format-standard","has-post-thumbnail","hentry","category-cidadeseregiao","category-dracena","category-noticiasdestaque"],"_links":{"self":[{"href":"https:\/\/jorgezanoni.com.br\/2019\/wp-json\/wp\/v2\/posts\/53991","targetHints":{"allow":["GET"]}}],"collection":[{"href":"https:\/\/jorgezanoni.com.br\/2019\/wp-json\/wp\/v2\/posts"}],"about":[{"href":"https:\/\/jorgezanoni.com.br\/2019\/wp-json\/wp\/v2\/types\/post"}],"author":[{"embeddable":true,"href":"https:\/\/jorgezanoni.com.br\/2019\/wp-json\/wp\/v2\/users\/1"}],"replies":[{"embeddable":true,"href":"https:\/\/jorgezanoni.com.br\/2019\/wp-json\/wp\/v2\/comments?post=53991"}],"version-history":[{"count":0,"href":"https:\/\/jorgezanoni.com.br\/2019\/wp-json\/wp\/v2\/posts\/53991\/revisions"}],"wp:featuredmedia":[{"embeddable":true,"href":"https:\/\/jorgezanoni.com.br\/2019\/wp-json\/wp\/v2\/media\/53992"}],"wp:attachment":[{"href":"https:\/\/jorgezanoni.com.br\/2019\/wp-json\/wp\/v2\/media?parent=53991"}],"wp:term":[{"taxonomy":"category","embeddable":true,"href":"https:\/\/jorgezanoni.com.br\/2019\/wp-json\/wp\/v2\/categories?post=53991"},{"taxonomy":"post_tag","embeddable":true,"href":"https:\/\/jorgezanoni.com.br\/2019\/wp-json\/wp\/v2\/tags?post=53991"}],"curies":[{"name":"wp","href":"https:\/\/api.w.org\/{rel}","templated":true}]}}