{"id":53985,"date":"2021-09-20T23:16:03","date_gmt":"2021-09-20T23:16:03","guid":{"rendered":"https:\/\/jorgezanoni.com.br\/2019\/?p=53985"},"modified":"2021-09-20T23:17:25","modified_gmt":"2021-09-20T23:17:25","slug":"tres-veiculos-se-envolvem-em-acidente-na-sp-563-em-tupi-paulista-houve-vitimas","status":"publish","type":"post","link":"https:\/\/jorgezanoni.com.br\/2019\/tres-veiculos-se-envolvem-em-acidente-na-sp-563-em-tupi-paulista-houve-vitimas\/","title":{"rendered":"Tr\u00eas ve\u00edculos se envolvem em acidente na SP-563 em Tupi Paulista, houve v\u00edtimas"},"content":{"rendered":"<p style=\"text-align: justify;\"><strong>A\u00a0Pol\u00edcia Militar Rodovi\u00e1ria realizou atendimento de Acidente de tr\u00e2nsito com v\u00edtima envolvendo ve\u00edculo oficial do munic\u00edpio de Monte Castelo\/SP.<\/strong><\/p>\n<p style=\"text-align: justify;\">Acidente ocorreu as 11:00 Horas desta segunda-feira (20), no munic\u00edpio de Tupi Paulista\/SP, na SP-563, Rodovia General Euclides de Oliveira Figueiredo, no km 142 com atendimento do 3\u00b0 Pel da 2\u00aa Cia do 2\u00b0 BPRv.<\/p>\n<p style=\"text-align: justify;\">Durante Opera\u00e7\u00e3o Paz e Prote\u00e7\u00e3o , \u00e0 equipe volante do Policiamento Rodovi\u00e1rio deslocou-se para atendimento de sinistro de Tr\u00e2nsito com v\u00edtimas pelo local supra descrito.<\/p>\n<p style=\"text-align: justify;\">Ao que consta o ve\u00edculo modelo Fiat uno de cor verde placas de Monte Castelo\/SP conduzido por R.M.S (Feminino de 81 anos ) teria cruzado a rodovia supra citada, foi quando o ve\u00edculo modelo Gm \u00f4nix ( OFICIAL ) de cor prata placas de Monte Castelo\/SP conduzido por H.G.L (Masculino de 41 anos ) que transitava no sentido Tupi Paulista\/SP \u00e0 Andradina\/SP, veio \u00e0 colidir transversalmente. Na sequ\u00eancia, o ve\u00edculo modelo Scania G-380 placas de Osvaldo Cruz\/SP que transitava no mesmo sentido de circula\u00e7\u00e3o do Gm \u00f4nix citado, acabou colidindo na lateral do Fiat uno que rodou na pista ap\u00f3s o primeiro impacto.<\/p>\n<p style=\"text-align: justify;\">Condutores submetidos ao teste do Etil\u00f4metro ativo, porem resultados de 0,00 mg\/l.<\/p>\n<p style=\"text-align: justify;\">Saliento que n\u00e3o havia nenhuma autoridade p\u00fablica no interior do ve\u00edculo no momento do acidente de tr\u00e2nsito e que este ve\u00edculo tem como objetivo o transporte de passageiros.<\/p>\n<p style=\"text-align: justify;\">Fonte e Foto\/capa PMR.<\/p>\n<div style=\"width: 640px;\" class=\"wp-video\"><video class=\"wp-video-shortcode\" id=\"video-53985-1\" width=\"640\" height=\"352\" preload=\"metadata\" controls=\"controls\"><source type=\"video\/mp4\" src=\"https:\/\/jorgezanoni.com.br\/2019\/wp-content\/uploads\/2021\/09\/WhatsApp-Video-2021-09-20-at-13.30.33.mp4?_=1\" \/><a href=\"https:\/\/jorgezanoni.com.br\/2019\/wp-content\/uploads\/2021\/09\/WhatsApp-Video-2021-09-20-at-13.30.33.mp4\">https:\/\/jorgezanoni.com.br\/2019\/wp-content\/uploads\/2021\/09\/WhatsApp-Video-2021-09-20-at-13.30.33.mp4<\/a><\/video><\/div>\n<p><img loading=\"lazy\" decoding=\"async\" class=\"alignnone size-full wp-image-53986\" src=\"https:\/\/jorgezanoni.com.br\/2019\/wp-content\/uploads\/2021\/09\/internauta.jpg\" alt=\"\" width=\"1600\" height=\"902\" srcset=\"https:\/\/jorgezanoni.com.br\/2019\/wp-content\/uploads\/2021\/09\/internauta.jpg 1600w, https:\/\/jorgezanoni.com.br\/2019\/wp-content\/uploads\/2021\/09\/internauta-300x169.jpg 300w, https:\/\/jorgezanoni.com.br\/2019\/wp-content\/uploads\/2021\/09\/internauta-1024x577.jpg 1024w, https:\/\/jorgezanoni.com.br\/2019\/wp-content\/uploads\/2021\/09\/internauta-768x433.jpg 768w, https:\/\/jorgezanoni.com.br\/2019\/wp-content\/uploads\/2021\/09\/internauta-1536x866.jpg 1536w, https:\/\/jorgezanoni.com.br\/2019\/wp-content\/uploads\/2021\/09\/internauta-696x392.jpg 696w, https:\/\/jorgezanoni.com.br\/2019\/wp-content\/uploads\/2021\/09\/internauta-1068x602.jpg 1068w, https:\/\/jorgezanoni.com.br\/2019\/wp-content\/uploads\/2021\/09\/internauta-745x420.jpg 745w\" sizes=\"auto, (max-width: 1600px) 100vw, 1600px\" \/>V\u00eddeo e Foto de Internauta<\/p>\n<p>&nbsp;<\/p>\n","protected":false},"excerpt":{"rendered":"<p>A\u00a0Pol\u00edcia Militar Rodovi\u00e1ria realizou atendimento de Acidente de tr\u00e2nsito com v\u00edtima envolvendo ve\u00edculo oficial do munic\u00edpio de Monte Castelo\/SP. Acidente ocorreu as 11:00 Horas desta segunda-feira (20), no munic\u00edpio de Tupi Paulista\/SP, na SP-563, Rodovia General Euclides de Oliveira Figueiredo, no km 142 com atendimento do 3\u00b0 Pel da 2\u00aa Cia do 2\u00b0 BPRv. Durante [&hellip;]<\/p>\n","protected":false},"author":1,"featured_media":53988,"comment_status":"closed","ping_status":"open","sticky":false,"template":"","format":"standard","meta":{"footnotes":""},"categories":[170,110],"tags":[],"class_list":["post-53985","post","type-post","status-publish","format-standard","has-post-thumbnail","hentry","category-acidentes","category-noticiasdestaque"],"_links":{"self":[{"href":"https:\/\/jorgezanoni.com.br\/2019\/wp-json\/wp\/v2\/posts\/53985","targetHints":{"allow":["GET"]}}],"collection":[{"href":"https:\/\/jorgezanoni.com.br\/2019\/wp-json\/wp\/v2\/posts"}],"about":[{"href":"https:\/\/jorgezanoni.com.br\/2019\/wp-json\/wp\/v2\/types\/post"}],"author":[{"embeddable":true,"href":"https:\/\/jorgezanoni.com.br\/2019\/wp-json\/wp\/v2\/users\/1"}],"replies":[{"embeddable":true,"href":"https:\/\/jorgezanoni.com.br\/2019\/wp-json\/wp\/v2\/comments?post=53985"}],"version-history":[{"count":0,"href":"https:\/\/jorgezanoni.com.br\/2019\/wp-json\/wp\/v2\/posts\/53985\/revisions"}],"wp:featuredmedia":[{"embeddable":true,"href":"https:\/\/jorgezanoni.com.br\/2019\/wp-json\/wp\/v2\/media\/53988"}],"wp:attachment":[{"href":"https:\/\/jorgezanoni.com.br\/2019\/wp-json\/wp\/v2\/media?parent=53985"}],"wp:term":[{"taxonomy":"category","embeddable":true,"href":"https:\/\/jorgezanoni.com.br\/2019\/wp-json\/wp\/v2\/categories?post=53985"},{"taxonomy":"post_tag","embeddable":true,"href":"https:\/\/jorgezanoni.com.br\/2019\/wp-json\/wp\/v2\/tags?post=53985"}],"curies":[{"name":"wp","href":"https:\/\/api.w.org\/{rel}","templated":true}]}}