{"id":53972,"date":"2021-09-20T22:16:10","date_gmt":"2021-09-20T22:16:10","guid":{"rendered":"https:\/\/jorgezanoni.com.br\/2019\/?p=53972"},"modified":"2021-09-20T22:16:10","modified_gmt":"2021-09-20T22:16:10","slug":"ambulancia-com-pacientes-e-veiculo-batem-em-cruzamento-de-avenida-de-dracena","status":"publish","type":"post","link":"https:\/\/jorgezanoni.com.br\/2019\/ambulancia-com-pacientes-e-veiculo-batem-em-cruzamento-de-avenida-de-dracena\/","title":{"rendered":"Ambul\u00e2ncia com pacientes e ve\u00edculo batem em cruzamento de avenida de Dracena"},"content":{"rendered":"<p style=\"text-align: justify;\"><strong>Ambul\u00e2ncia retornava de Dracena para a cidade de Monte Castelo. Ningu\u00e9m ficou ferido.<\/strong><\/p>\n<p style=\"text-align: justify;\">Por volta de 13:00 Horas desta segunda-feira (20), foi registrado um acidente entre uma Ambul\u00e2ncia placas de S\u00e3o Paulo, pertencente a Prefeitura Municipal de Monte Castelo e um ve\u00edculo Fiat Uno, Placas de Bragan\u00e7a Paulista.<\/p>\n<p style=\"text-align: justify;\">Segundo informa\u00e7\u00f5es obtidas no local pela reportagem do Site JZ, o Uno dirigido por uma mulher fazia o sentido centro-bairro pela Avenida Rui Barbosa, quando teve sua frente interceptada pelo ve\u00edculo de sa\u00fade que fazia o sentido Santa Casa a Avenida Jos\u00e9 Bonif\u00e1cio, pela Rua Miguel Nascimento.<\/p>\n<p style=\"text-align: justify;\">Al\u00e9m da motorista do Uno, motorista da Ambul\u00e2ncia e uma acompanhante, ainda estavam sete pacientes que haviam passado por atendimento em Dracena e retornavam para sua cidade. Essas pessoas foram levadas por outro ve\u00edculo.<\/p>\n<p style=\"text-align: justify;\">A Pol\u00edcia Militar compareceu ao local para o registro da ocorr\u00eancia.<\/p>\n<p><img loading=\"lazy\" decoding=\"async\" class=\"alignnone size-full wp-image-53978\" src=\"https:\/\/jorgezanoni.com.br\/2019\/wp-content\/uploads\/2021\/09\/Acid.-Rui-Barbosa-x-Miguel-do-Nascimento-20-09-21-1-1.jpg\" alt=\"\" width=\"800\" height=\"524\" srcset=\"https:\/\/jorgezanoni.com.br\/2019\/wp-content\/uploads\/2021\/09\/Acid.-Rui-Barbosa-x-Miguel-do-Nascimento-20-09-21-1-1.jpg 800w, https:\/\/jorgezanoni.com.br\/2019\/wp-content\/uploads\/2021\/09\/Acid.-Rui-Barbosa-x-Miguel-do-Nascimento-20-09-21-1-1-300x197.jpg 300w, https:\/\/jorgezanoni.com.br\/2019\/wp-content\/uploads\/2021\/09\/Acid.-Rui-Barbosa-x-Miguel-do-Nascimento-20-09-21-1-1-768x503.jpg 768w, https:\/\/jorgezanoni.com.br\/2019\/wp-content\/uploads\/2021\/09\/Acid.-Rui-Barbosa-x-Miguel-do-Nascimento-20-09-21-1-1-696x456.jpg 696w, https:\/\/jorgezanoni.com.br\/2019\/wp-content\/uploads\/2021\/09\/Acid.-Rui-Barbosa-x-Miguel-do-Nascimento-20-09-21-1-1-741x486.jpg 741w, https:\/\/jorgezanoni.com.br\/2019\/wp-content\/uploads\/2021\/09\/Acid.-Rui-Barbosa-x-Miguel-do-Nascimento-20-09-21-1-1-641x420.jpg 641w\" sizes=\"auto, (max-width: 800px) 100vw, 800px\" \/> <img loading=\"lazy\" decoding=\"async\" class=\"alignnone size-full wp-image-53979\" src=\"https:\/\/jorgezanoni.com.br\/2019\/wp-content\/uploads\/2021\/09\/Acid.-Rui-Barbosa-x-Miguel-do-Nascimento-20-09-21-2-1.jpg\" alt=\"\" width=\"800\" height=\"435\" srcset=\"https:\/\/jorgezanoni.com.br\/2019\/wp-content\/uploads\/2021\/09\/Acid.-Rui-Barbosa-x-Miguel-do-Nascimento-20-09-21-2-1.jpg 800w, https:\/\/jorgezanoni.com.br\/2019\/wp-content\/uploads\/2021\/09\/Acid.-Rui-Barbosa-x-Miguel-do-Nascimento-20-09-21-2-1-300x163.jpg 300w, https:\/\/jorgezanoni.com.br\/2019\/wp-content\/uploads\/2021\/09\/Acid.-Rui-Barbosa-x-Miguel-do-Nascimento-20-09-21-2-1-768x418.jpg 768w, https:\/\/jorgezanoni.com.br\/2019\/wp-content\/uploads\/2021\/09\/Acid.-Rui-Barbosa-x-Miguel-do-Nascimento-20-09-21-2-1-696x378.jpg 696w, https:\/\/jorgezanoni.com.br\/2019\/wp-content\/uploads\/2021\/09\/Acid.-Rui-Barbosa-x-Miguel-do-Nascimento-20-09-21-2-1-772x420.jpg 772w\" sizes=\"auto, (max-width: 800px) 100vw, 800px\" \/> <img loading=\"lazy\" decoding=\"async\" class=\"alignnone size-full wp-image-53980\" src=\"https:\/\/jorgezanoni.com.br\/2019\/wp-content\/uploads\/2021\/09\/Acid.-Rui-Barbosa-x-Miguel-do-Nascimento-20-09-21-3-1.jpg\" alt=\"\" width=\"800\" height=\"420\" srcset=\"https:\/\/jorgezanoni.com.br\/2019\/wp-content\/uploads\/2021\/09\/Acid.-Rui-Barbosa-x-Miguel-do-Nascimento-20-09-21-3-1.jpg 800w, https:\/\/jorgezanoni.com.br\/2019\/wp-content\/uploads\/2021\/09\/Acid.-Rui-Barbosa-x-Miguel-do-Nascimento-20-09-21-3-1-300x158.jpg 300w, https:\/\/jorgezanoni.com.br\/2019\/wp-content\/uploads\/2021\/09\/Acid.-Rui-Barbosa-x-Miguel-do-Nascimento-20-09-21-3-1-768x403.jpg 768w, https:\/\/jorgezanoni.com.br\/2019\/wp-content\/uploads\/2021\/09\/Acid.-Rui-Barbosa-x-Miguel-do-Nascimento-20-09-21-3-1-696x365.jpg 696w\" sizes=\"auto, (max-width: 800px) 100vw, 800px\" \/> <img loading=\"lazy\" decoding=\"async\" class=\"alignnone size-full wp-image-53981\" src=\"https:\/\/jorgezanoni.com.br\/2019\/wp-content\/uploads\/2021\/09\/Acid.-Rui-Barbosa-x-Miguel-do-Nascimento-20-09-21-4-1.jpg\" alt=\"\" width=\"800\" height=\"600\" srcset=\"https:\/\/jorgezanoni.com.br\/2019\/wp-content\/uploads\/2021\/09\/Acid.-Rui-Barbosa-x-Miguel-do-Nascimento-20-09-21-4-1.jpg 800w, https:\/\/jorgezanoni.com.br\/2019\/wp-content\/uploads\/2021\/09\/Acid.-Rui-Barbosa-x-Miguel-do-Nascimento-20-09-21-4-1-300x225.jpg 300w, https:\/\/jorgezanoni.com.br\/2019\/wp-content\/uploads\/2021\/09\/Acid.-Rui-Barbosa-x-Miguel-do-Nascimento-20-09-21-4-1-768x576.jpg 768w, https:\/\/jorgezanoni.com.br\/2019\/wp-content\/uploads\/2021\/09\/Acid.-Rui-Barbosa-x-Miguel-do-Nascimento-20-09-21-4-1-80x60.jpg 80w, https:\/\/jorgezanoni.com.br\/2019\/wp-content\/uploads\/2021\/09\/Acid.-Rui-Barbosa-x-Miguel-do-Nascimento-20-09-21-4-1-265x198.jpg 265w, https:\/\/jorgezanoni.com.br\/2019\/wp-content\/uploads\/2021\/09\/Acid.-Rui-Barbosa-x-Miguel-do-Nascimento-20-09-21-4-1-696x522.jpg 696w, https:\/\/jorgezanoni.com.br\/2019\/wp-content\/uploads\/2021\/09\/Acid.-Rui-Barbosa-x-Miguel-do-Nascimento-20-09-21-4-1-560x420.jpg 560w\" sizes=\"auto, (max-width: 800px) 100vw, 800px\" \/><\/p>\n<p style=\"text-align: justify;\">Jorge Zanoni<\/p>\n","protected":false},"excerpt":{"rendered":"<p>Ambul\u00e2ncia retornava de Dracena para a cidade de Monte Castelo. Ningu\u00e9m ficou ferido. Por volta de 13:00 Horas desta segunda-feira (20), foi registrado um acidente entre uma Ambul\u00e2ncia placas de S\u00e3o Paulo, pertencente a Prefeitura Municipal de Monte Castelo e um ve\u00edculo Fiat Uno, Placas de Bragan\u00e7a Paulista. Segundo informa\u00e7\u00f5es obtidas no local pela reportagem [&hellip;]<\/p>\n","protected":false},"author":1,"featured_media":53982,"comment_status":"closed","ping_status":"open","sticky":false,"template":"","format":"standard","meta":{"footnotes":""},"categories":[170,110],"tags":[],"class_list":["post-53972","post","type-post","status-publish","format-standard","has-post-thumbnail","hentry","category-acidentes","category-noticiasdestaque"],"_links":{"self":[{"href":"https:\/\/jorgezanoni.com.br\/2019\/wp-json\/wp\/v2\/posts\/53972","targetHints":{"allow":["GET"]}}],"collection":[{"href":"https:\/\/jorgezanoni.com.br\/2019\/wp-json\/wp\/v2\/posts"}],"about":[{"href":"https:\/\/jorgezanoni.com.br\/2019\/wp-json\/wp\/v2\/types\/post"}],"author":[{"embeddable":true,"href":"https:\/\/jorgezanoni.com.br\/2019\/wp-json\/wp\/v2\/users\/1"}],"replies":[{"embeddable":true,"href":"https:\/\/jorgezanoni.com.br\/2019\/wp-json\/wp\/v2\/comments?post=53972"}],"version-history":[{"count":0,"href":"https:\/\/jorgezanoni.com.br\/2019\/wp-json\/wp\/v2\/posts\/53972\/revisions"}],"wp:featuredmedia":[{"embeddable":true,"href":"https:\/\/jorgezanoni.com.br\/2019\/wp-json\/wp\/v2\/media\/53982"}],"wp:attachment":[{"href":"https:\/\/jorgezanoni.com.br\/2019\/wp-json\/wp\/v2\/media?parent=53972"}],"wp:term":[{"taxonomy":"category","embeddable":true,"href":"https:\/\/jorgezanoni.com.br\/2019\/wp-json\/wp\/v2\/categories?post=53972"},{"taxonomy":"post_tag","embeddable":true,"href":"https:\/\/jorgezanoni.com.br\/2019\/wp-json\/wp\/v2\/tags?post=53972"}],"curies":[{"name":"wp","href":"https:\/\/api.w.org\/{rel}","templated":true}]}}