{"id":53944,"date":"2021-09-20T01:45:08","date_gmt":"2021-09-20T01:45:08","guid":{"rendered":"https:\/\/jorgezanoni.com.br\/2019\/?p=53944"},"modified":"2021-09-20T01:45:08","modified_gmt":"2021-09-20T01:45:08","slug":"dracenense-arlindo-miorim-morre-em-cuiaba-mt","status":"publish","type":"post","link":"https:\/\/jorgezanoni.com.br\/2019\/dracenense-arlindo-miorim-morre-em-cuiaba-mt\/","title":{"rendered":"Dracenense Arlindo Miorim morre em Cuiab\u00e1\/MT"},"content":{"rendered":"<p style=\"text-align: justify;\">Comunicamos com pesar o falecimento do Sr. Arlindo Miorim de 89 anos. Ele faleceu na madrugada deste domingo na cidade de Cuiab\u00e1\/MT, onde estava internado h\u00e1 39 dias para tratamento de Pneumonia.<\/p>\n<p style=\"text-align: justify;\">Era morador da Avenida Vit\u00f3ria, 202 em Dracena. Deixa a esposa Josefa Domingues Miorim, filhos \u00c9lio, H\u00e9lia e Jos\u00e9 Roberto, genro, noras, netos, demais familiares e amigos.<\/p>\n<p style=\"text-align: justify;\">O seu Corpo est\u00e1 sendo transladado de Cuiab\u00e1 para Dracena, onde ocorrer\u00e1 o Vel\u00f3rio no Memorial Vida Prev das 10 \u00e0s 16 Hs., quando acontece o Sepultamento no Cemit\u00e9rio local.<\/p>\n<p style=\"text-align: justify;\">O Site JZ se solidariza com a fam\u00edlia neste dif\u00edcil momento.<\/p>\n<p style=\"text-align: justify;\">Jorge Zanoni<\/p>\n","protected":false},"excerpt":{"rendered":"<p>Comunicamos com pesar o falecimento do Sr. Arlindo Miorim de 89 anos. Ele faleceu na madrugada deste domingo na cidade de Cuiab\u00e1\/MT, onde estava internado h\u00e1 39 dias para tratamento de Pneumonia. Era morador da Avenida Vit\u00f3ria, 202 em Dracena. Deixa a esposa Josefa Domingues Miorim, filhos \u00c9lio, H\u00e9lia e Jos\u00e9 Roberto, genro, noras, netos, [&hellip;]<\/p>\n","protected":false},"author":1,"featured_media":53945,"comment_status":"closed","ping_status":"open","sticky":false,"template":"","format":"standard","meta":{"footnotes":""},"categories":[178,110],"tags":[],"class_list":["post-53944","post","type-post","status-publish","format-standard","has-post-thumbnail","hentry","category-notadefalecimento","category-noticiasdestaque"],"_links":{"self":[{"href":"https:\/\/jorgezanoni.com.br\/2019\/wp-json\/wp\/v2\/posts\/53944","targetHints":{"allow":["GET"]}}],"collection":[{"href":"https:\/\/jorgezanoni.com.br\/2019\/wp-json\/wp\/v2\/posts"}],"about":[{"href":"https:\/\/jorgezanoni.com.br\/2019\/wp-json\/wp\/v2\/types\/post"}],"author":[{"embeddable":true,"href":"https:\/\/jorgezanoni.com.br\/2019\/wp-json\/wp\/v2\/users\/1"}],"replies":[{"embeddable":true,"href":"https:\/\/jorgezanoni.com.br\/2019\/wp-json\/wp\/v2\/comments?post=53944"}],"version-history":[{"count":0,"href":"https:\/\/jorgezanoni.com.br\/2019\/wp-json\/wp\/v2\/posts\/53944\/revisions"}],"wp:featuredmedia":[{"embeddable":true,"href":"https:\/\/jorgezanoni.com.br\/2019\/wp-json\/wp\/v2\/media\/53945"}],"wp:attachment":[{"href":"https:\/\/jorgezanoni.com.br\/2019\/wp-json\/wp\/v2\/media?parent=53944"}],"wp:term":[{"taxonomy":"category","embeddable":true,"href":"https:\/\/jorgezanoni.com.br\/2019\/wp-json\/wp\/v2\/categories?post=53944"},{"taxonomy":"post_tag","embeddable":true,"href":"https:\/\/jorgezanoni.com.br\/2019\/wp-json\/wp\/v2\/tags?post=53944"}],"curies":[{"name":"wp","href":"https:\/\/api.w.org\/{rel}","templated":true}]}}