{"id":53941,"date":"2021-09-19T22:38:08","date_gmt":"2021-09-19T22:38:08","guid":{"rendered":"https:\/\/jorgezanoni.com.br\/2019\/?p=53941"},"modified":"2021-09-20T15:38:46","modified_gmt":"2021-09-20T15:38:46","slug":"morador-de-dracena-morre-afogado-no-rio-parana-em-panorama","status":"publish","type":"post","link":"https:\/\/jorgezanoni.com.br\/2019\/morador-de-dracena-morre-afogado-no-rio-parana-em-panorama\/","title":{"rendered":"Morador de Dracena morre afogado no Rio Paran\u00e1 em Panorama"},"content":{"rendered":"<p style=\"text-align: justify;\"><strong>Vilmar Adorno da Silva (vulgo Buiu) de 48 anos, que morava no Bairro Metr\u00f3pole em Dracena morreu afogado na tarde deste domingo (19) no Rio Paran\u00e1 em Panorama.<\/strong><\/p>\n<p style=\"text-align: justify;\">Segundo informa\u00e7\u00f5es obtidas pela reportagem do Site JZ, o homem que trabalhava como Funileiro, estava na regi\u00e3o conhecida como \u201cprainha\u201d no Balne\u00e1rio Municipal e de acordo com os salva-vidas, avan\u00e7ou a \u00e1rea demarcada para uso dos banhistas e acabou se afogando no local que tem cerca de 3 metros de profundidade.<\/p>\n<p style=\"text-align: justify;\">Em entrevista ao blog Panorama Not\u00edcia, os salva-vidas do Balne\u00e1rio Municipal informaram que ele teria sido alertado por diversas vezes sobre os riscos de ultrapassar a demarca\u00e7\u00e3o, por\u00e9m, afirmou \u201cque sabia nadar\u201d, desobedeceu as orienta\u00e7\u00f5es e acabou se afogando.<\/p>\n<p style=\"text-align: justify;\">O Corpo de Bombeiros de Dracena foi acionado para fazer a remo\u00e7\u00e3o da v\u00edtima que foi localizada pr\u00f3ximo ao local do afogamento, e a retirou do rio.<\/p>\n<p style=\"text-align: justify;\">A Pol\u00edcia Militar foi acionada para a confec\u00e7\u00e3o do boletim de ocorr\u00eancia de afogamento.<\/p>\n<p>Jorge Zanoni<\/p>\n<p style=\"text-align: justify;\">\n","protected":false},"excerpt":{"rendered":"<p>Vilmar Adorno da Silva (vulgo Buiu) de 48 anos, que morava no Bairro Metr\u00f3pole em Dracena morreu afogado na tarde deste domingo (19) no Rio Paran\u00e1 em Panorama. Segundo informa\u00e7\u00f5es obtidas pela reportagem do Site JZ, o homem que trabalhava como Funileiro, estava na regi\u00e3o conhecida como \u201cprainha\u201d no Balne\u00e1rio Municipal e de acordo com [&hellip;]<\/p>\n","protected":false},"author":1,"featured_media":53942,"comment_status":"closed","ping_status":"open","sticky":false,"template":"","format":"standard","meta":{"footnotes":""},"categories":[110,2],"tags":[],"class_list":["post-53941","post","type-post","status-publish","format-standard","has-post-thumbnail","hentry","category-noticiasdestaque","category-policial"],"_links":{"self":[{"href":"https:\/\/jorgezanoni.com.br\/2019\/wp-json\/wp\/v2\/posts\/53941","targetHints":{"allow":["GET"]}}],"collection":[{"href":"https:\/\/jorgezanoni.com.br\/2019\/wp-json\/wp\/v2\/posts"}],"about":[{"href":"https:\/\/jorgezanoni.com.br\/2019\/wp-json\/wp\/v2\/types\/post"}],"author":[{"embeddable":true,"href":"https:\/\/jorgezanoni.com.br\/2019\/wp-json\/wp\/v2\/users\/1"}],"replies":[{"embeddable":true,"href":"https:\/\/jorgezanoni.com.br\/2019\/wp-json\/wp\/v2\/comments?post=53941"}],"version-history":[{"count":0,"href":"https:\/\/jorgezanoni.com.br\/2019\/wp-json\/wp\/v2\/posts\/53941\/revisions"}],"wp:featuredmedia":[{"embeddable":true,"href":"https:\/\/jorgezanoni.com.br\/2019\/wp-json\/wp\/v2\/media\/53942"}],"wp:attachment":[{"href":"https:\/\/jorgezanoni.com.br\/2019\/wp-json\/wp\/v2\/media?parent=53941"}],"wp:term":[{"taxonomy":"category","embeddable":true,"href":"https:\/\/jorgezanoni.com.br\/2019\/wp-json\/wp\/v2\/categories?post=53941"},{"taxonomy":"post_tag","embeddable":true,"href":"https:\/\/jorgezanoni.com.br\/2019\/wp-json\/wp\/v2\/tags?post=53941"}],"curies":[{"name":"wp","href":"https:\/\/api.w.org\/{rel}","templated":true}]}}