{"id":5394,"date":"2019-09-05T12:54:52","date_gmt":"2019-09-05T12:54:52","guid":{"rendered":"https:\/\/jorgezanoni.com.br\/2019\/?p=5394"},"modified":"2019-09-05T12:54:52","modified_gmt":"2019-09-05T12:54:52","slug":"primeiro-seminario-de-saude-mental-para-policiais-militares-e-agentes-de-seguranca-penitenciaria","status":"publish","type":"post","link":"https:\/\/jorgezanoni.com.br\/2019\/primeiro-seminario-de-saude-mental-para-policiais-militares-e-agentes-de-seguranca-penitenciaria\/","title":{"rendered":"Primeiro Semin\u00e1rio de Sa\u00fade Mental para Policiais Militares e Agentes de Seguran\u00e7a Penitenci\u00e1ria"},"content":{"rendered":"<p style=\"text-align: justify;\">De 9 a 13 de setembro acontece em Adamantina o Primeiro Semin\u00e1rio de Sa\u00fade Mental para Policiais Militares e Agentes de Seguran\u00e7a Penitenci\u00e1ria.<\/p>\n<p style=\"text-align: justify;\">Ser\u00e3o tr\u00eas palestrantes que estar\u00e3o ministrando as palestras no F\u00f3rum e na sede da 2\u00aa Cia. PM. de Adamantina.<\/p>\n","protected":false},"excerpt":{"rendered":"<p>De 9 a 13 de setembro acontece em Adamantina o Primeiro Semin\u00e1rio de Sa\u00fade Mental para Policiais Militares e Agentes de Seguran\u00e7a Penitenci\u00e1ria. Ser\u00e3o tr\u00eas palestrantes que estar\u00e3o ministrando as palestras no F\u00f3rum e na sede da 2\u00aa Cia. PM. de Adamantina.<\/p>\n","protected":false},"author":1,"featured_media":5395,"comment_status":"closed","ping_status":"open","sticky":false,"template":"","format":"standard","meta":{"footnotes":""},"categories":[2],"tags":[],"class_list":["post-5394","post","type-post","status-publish","format-standard","has-post-thumbnail","hentry","category-policial"],"_links":{"self":[{"href":"https:\/\/jorgezanoni.com.br\/2019\/wp-json\/wp\/v2\/posts\/5394","targetHints":{"allow":["GET"]}}],"collection":[{"href":"https:\/\/jorgezanoni.com.br\/2019\/wp-json\/wp\/v2\/posts"}],"about":[{"href":"https:\/\/jorgezanoni.com.br\/2019\/wp-json\/wp\/v2\/types\/post"}],"author":[{"embeddable":true,"href":"https:\/\/jorgezanoni.com.br\/2019\/wp-json\/wp\/v2\/users\/1"}],"replies":[{"embeddable":true,"href":"https:\/\/jorgezanoni.com.br\/2019\/wp-json\/wp\/v2\/comments?post=5394"}],"version-history":[{"count":0,"href":"https:\/\/jorgezanoni.com.br\/2019\/wp-json\/wp\/v2\/posts\/5394\/revisions"}],"wp:featuredmedia":[{"embeddable":true,"href":"https:\/\/jorgezanoni.com.br\/2019\/wp-json\/wp\/v2\/media\/5395"}],"wp:attachment":[{"href":"https:\/\/jorgezanoni.com.br\/2019\/wp-json\/wp\/v2\/media?parent=5394"}],"wp:term":[{"taxonomy":"category","embeddable":true,"href":"https:\/\/jorgezanoni.com.br\/2019\/wp-json\/wp\/v2\/categories?post=5394"},{"taxonomy":"post_tag","embeddable":true,"href":"https:\/\/jorgezanoni.com.br\/2019\/wp-json\/wp\/v2\/tags?post=5394"}],"curies":[{"name":"wp","href":"https:\/\/api.w.org\/{rel}","templated":true}]}}