{"id":53933,"date":"2021-09-19T19:18:28","date_gmt":"2021-09-19T19:18:28","guid":{"rendered":"https:\/\/jorgezanoni.com.br\/2019\/?p=53933"},"modified":"2021-09-19T19:18:28","modified_gmt":"2021-09-19T19:18:28","slug":"capotamento-foi-registrado-em-avenida-de-tupi-paulista","status":"publish","type":"post","link":"https:\/\/jorgezanoni.com.br\/2019\/capotamento-foi-registrado-em-avenida-de-tupi-paulista\/","title":{"rendered":"Capotamento foi registrado em Avenida de Tupi Paulista"},"content":{"rendered":"<p style=\"text-align: justify;\">Durante o per\u00edodo noturno, foi registrado um capotamento na Avenida Julia Salles em Tupi Paulista.<\/p>\n<p style=\"text-align: justify;\">Segundo informa\u00e7\u00f5es obtidas pela reportagem do Site JZ, o condutor teria perdido o controle do ve\u00edculo que dirigia, atingido um outro carro que estava estacionado e em seguida capotado.<\/p>\n<p style=\"text-align: justify;\">O motorista teve ferimentos aparentemente leves. Os ve\u00edculos sofreram muitos danos.<\/p>\n<p style=\"text-align: justify;\">Equipe do Corpo de Bombeiros de Dracena, Pol\u00edcia Militar e Pol\u00edcia T\u00e9cnia estiveram no local e ir\u00e3o apontar as causas do acidente.<\/p>\n<p><img loading=\"lazy\" decoding=\"async\" class=\"alignnone size-full wp-image-53934\" src=\"https:\/\/jorgezanoni.com.br\/2019\/wp-content\/uploads\/2021\/09\/tupi-2.jpg\" alt=\"\" width=\"572\" height=\"501\" srcset=\"https:\/\/jorgezanoni.com.br\/2019\/wp-content\/uploads\/2021\/09\/tupi-2.jpg 572w, https:\/\/jorgezanoni.com.br\/2019\/wp-content\/uploads\/2021\/09\/tupi-2-300x263.jpg 300w, https:\/\/jorgezanoni.com.br\/2019\/wp-content\/uploads\/2021\/09\/tupi-2-480x420.jpg 480w\" sizes=\"auto, (max-width: 572px) 100vw, 572px\" \/> <img loading=\"lazy\" decoding=\"async\" class=\"alignnone size-full wp-image-53935\" src=\"https:\/\/jorgezanoni.com.br\/2019\/wp-content\/uploads\/2021\/09\/tupi1-2.jpg\" alt=\"\" width=\"713\" height=\"503\" srcset=\"https:\/\/jorgezanoni.com.br\/2019\/wp-content\/uploads\/2021\/09\/tupi1-2.jpg 713w, https:\/\/jorgezanoni.com.br\/2019\/wp-content\/uploads\/2021\/09\/tupi1-2-300x212.jpg 300w, https:\/\/jorgezanoni.com.br\/2019\/wp-content\/uploads\/2021\/09\/tupi1-2-100x70.jpg 100w, https:\/\/jorgezanoni.com.br\/2019\/wp-content\/uploads\/2021\/09\/tupi1-2-696x491.jpg 696w, https:\/\/jorgezanoni.com.br\/2019\/wp-content\/uploads\/2021\/09\/tupi1-2-595x420.jpg 595w\" sizes=\"auto, (max-width: 713px) 100vw, 713px\" \/><\/p>\n<p style=\"text-align: justify;\">Jorge Zanoni<\/p>\n<p>Fotos de Internauta<\/p>\n<p>&nbsp;<\/p>\n<p>&nbsp;<\/p>\n","protected":false},"excerpt":{"rendered":"<p>Durante o per\u00edodo noturno, foi registrado um capotamento na Avenida Julia Salles em Tupi Paulista. Segundo informa\u00e7\u00f5es obtidas pela reportagem do Site JZ, o condutor teria perdido o controle do ve\u00edculo que dirigia, atingido um outro carro que estava estacionado e em seguida capotado. O motorista teve ferimentos aparentemente leves. Os ve\u00edculos sofreram muitos danos. [&hellip;]<\/p>\n","protected":false},"author":1,"featured_media":53936,"comment_status":"closed","ping_status":"open","sticky":false,"template":"","format":"standard","meta":{"footnotes":""},"categories":[170,110],"tags":[],"class_list":["post-53933","post","type-post","status-publish","format-standard","has-post-thumbnail","hentry","category-acidentes","category-noticiasdestaque"],"_links":{"self":[{"href":"https:\/\/jorgezanoni.com.br\/2019\/wp-json\/wp\/v2\/posts\/53933","targetHints":{"allow":["GET"]}}],"collection":[{"href":"https:\/\/jorgezanoni.com.br\/2019\/wp-json\/wp\/v2\/posts"}],"about":[{"href":"https:\/\/jorgezanoni.com.br\/2019\/wp-json\/wp\/v2\/types\/post"}],"author":[{"embeddable":true,"href":"https:\/\/jorgezanoni.com.br\/2019\/wp-json\/wp\/v2\/users\/1"}],"replies":[{"embeddable":true,"href":"https:\/\/jorgezanoni.com.br\/2019\/wp-json\/wp\/v2\/comments?post=53933"}],"version-history":[{"count":0,"href":"https:\/\/jorgezanoni.com.br\/2019\/wp-json\/wp\/v2\/posts\/53933\/revisions"}],"wp:featuredmedia":[{"embeddable":true,"href":"https:\/\/jorgezanoni.com.br\/2019\/wp-json\/wp\/v2\/media\/53936"}],"wp:attachment":[{"href":"https:\/\/jorgezanoni.com.br\/2019\/wp-json\/wp\/v2\/media?parent=53933"}],"wp:term":[{"taxonomy":"category","embeddable":true,"href":"https:\/\/jorgezanoni.com.br\/2019\/wp-json\/wp\/v2\/categories?post=53933"},{"taxonomy":"post_tag","embeddable":true,"href":"https:\/\/jorgezanoni.com.br\/2019\/wp-json\/wp\/v2\/tags?post=53933"}],"curies":[{"name":"wp","href":"https:\/\/api.w.org\/{rel}","templated":true}]}}