{"id":53930,"date":"2021-09-19T18:13:04","date_gmt":"2021-09-19T18:13:04","guid":{"rendered":"https:\/\/jorgezanoni.com.br\/2019\/?p=53930"},"modified":"2021-09-19T18:13:04","modified_gmt":"2021-09-19T18:13:04","slug":"ator-luis-gustavo-morre-aos-87-anos-em-itatiba","status":"publish","type":"post","link":"https:\/\/jorgezanoni.com.br\/2019\/ator-luis-gustavo-morre-aos-87-anos-em-itatiba\/","title":{"rendered":"Ator Luis Gustavo morre aos 87 anos em Itatiba"},"content":{"rendered":"<h2 class=\"content-head__subtitle\" style=\"text-align: justify;\"><strong>De acordo com informa\u00e7\u00f5es da fam\u00edlia, ele estava em tratamento contra um c\u00e2ncer desde 2018<\/strong>.<\/h2>\n<div class=\"mc-column content-text active-extra-styles \" data-block-type=\"unstyled\" data-block-weight=\"46\" data-block-id=\"2\">\n<p class=\"content-text__container \" style=\"text-align: justify;\" data-track-category=\"Link no Texto\" data-track-links=\"\">O ator\u00a0<span class=\"highlight highlighted\">Luis Gustavo Blanco morreu neste domingo<\/span>\u00a0(19), aos 87 anos, em Itatiba (SP). Ele sofreu\u00a0<span class=\"highlight highlighted\">complica\u00e7\u00f5es por conta de um c\u00e2ncer no intestino<\/span>. De acordo com informa\u00e7\u00f5es da fam\u00edlia, Luis Gustavo estava em\u00a0<span class=\"highlight highlighted\">tratamento contra a doen\u00e7a desde 2018<\/span> e morreu em casa.<\/p>\n<\/div>\n<div class=\"wall protected-content\">\n<div class=\"mc-column content-text active-extra-styles\" style=\"text-align: justify;\" data-block-type=\"raw\" data-block-weight=\"16\" data-block-id=\"3\">\n<ul class=\"content-unordered-list\">\n<li><a href=\"https:\/\/memoriaglobo.globo.com\/perfil\/luis-gustavo\/\">Veja o perfil do ator no Mem\u00f3ria Globo<\/a><\/li>\n<li><a href=\"https:\/\/g1.globo.com\/pop-arte\/noticia\/2021\/09\/19\/ator-luis-gustavo-morre-aos-87-anos-veja-fotos.ghtml\">FOTOS: veja imagens da trajet\u00f3ria de Luis Gustavo<\/a><\/li>\n<\/ul>\n<\/div>\n<div class=\"mc-column content-text active-extra-styles \" style=\"text-align: justify;\" data-block-type=\"unstyled\" data-block-weight=\"38\" data-block-id=\"4\">\n<p class=\"content-text__container \" data-track-category=\"Link no Texto\" data-track-links=\"\">O ator\u00a0<span class=\"highlight highlighted\">nasceu em Gotemburgo, na Su\u00e9cia<\/span>, no dia 2 de fevereiro de 1934. Foi o Beto Rockfeller (1968), na novela da TV Tupi, que inovou a linguagem do g\u00eanero. A\u00a0<span class=\"highlight highlighted\">estreia dele na Globo foi em 1976<\/span>.<\/p>\n<\/div>\n<div class=\"mc-column content-text active-extra-styles \" style=\"text-align: justify;\" data-block-type=\"unstyled\" data-block-weight=\"32\" data-block-id=\"5\">\n<p class=\"content-text__container \" data-track-category=\"Link no Texto\" data-track-links=\"\">Dentre os personagens mais marcantes do artista est\u00e1 o o costureiro\u00a0<span class=\"highlight highlighted\">Ariclenes Almeida\/Victor Valentin em &#8220;Ti Ti Ti&#8221; e Vanderlei Mathias, o Vav\u00e1, no programa &#8220;Sai de Baixo&#8221;<\/span>, ambos da TV Globo.<\/p>\n<\/div>\n<div class=\"show-multicontent-playlist-container mc-column\" style=\"text-align: justify;\" data-track-category=\"multicontent\" data-track-action=\"playlist-multicontent-block\" data-track-scroll=\"view\" data-track-click=\"click\" data-block-type=\"playlist\" data-block-id=\"6\">\n<div class=\"show-multicontent-playlist\"><span class=\"show-multicontent-playlist__label\">10 v\u00eddeos<\/span><img decoding=\"async\" class=\"i-amphtml-fill-content i-amphtml-replaced-content\" src=\"https:\/\/s2.glbimg.com\/Y4aDMb0mTsizGcjHcgDJX1QCrEQ=\/650x0\/smart\/filters:strip_icc()\/s01.video.glbimg.com\/deo\/vi\/24\/33\/2933324\" sizes=\"(max-width: 1366px) 417px, 100vw\" srcset=\"https:\/\/s2.glbimg.com\/Y4aDMb0mTsizGcjHcgDJX1QCrEQ=\/650x0\/smart\/filters:strip_icc()\/s01.video.glbimg.com\/deo\/vi\/24\/33\/2933324\n 650w,https:\/\/s2.glbimg.com\/ZFdK3_g0UWTiUbxn-QMrQChUjGw=\/640x0\/smart\/filters:strip_icc()\/s01.video.glbimg.com\/deo\/vi\/24\/33\/2933324\n 640w,https:\/\/s2.glbimg.com\/ffGKKmh8HBbc1A8NxxARZsfz2X0=\/416x0\/smart\/filters:strip_icc()\/s01.video.glbimg.com\/deo\/vi\/24\/33\/2933324\n 416w,https:\/\/s2.glbimg.com\/fljeUafZ66q7r5JMDnAVkDsR7WM=\/390x0\/smart\/filters:strip_icc()\/s01.video.glbimg.com\/deo\/vi\/24\/33\/2933324\n 390w\" alt=\"Luis Gustavo interpreta 'av\u00f4 doid\u00e3o' na novela 'Come\u00e7ar de Novo'\" \/><img decoding=\"async\" class=\"i-amphtml-fill-content i-amphtml-replaced-content\" src=\"https:\/\/s2.glbimg.com\/wHv7ZHZPGGxXDkw2ubK2KOxxCHg=\/650x0\/smart\/filters:strip_icc()\/s04.video.glbimg.com\/deo\/vi\/51\/33\/2933351\" sizes=\"(max-width: 1366px) 223px, 100vw\" srcset=\"https:\/\/s2.glbimg.com\/wHv7ZHZPGGxXDkw2ubK2KOxxCHg=\/650x0\/smart\/filters:strip_icc()\/s04.video.glbimg.com\/deo\/vi\/51\/33\/2933351\n 650w,https:\/\/s2.glbimg.com\/YeNjV-odWVm2TTrdnwBix7ZoRyY=\/640x0\/smart\/filters:strip_icc()\/s04.video.glbimg.com\/deo\/vi\/51\/33\/2933351\n 640w,https:\/\/s2.glbimg.com\/LdrfuIPzukMaNugM3898pUmqrXw=\/416x0\/smart\/filters:strip_icc()\/s04.video.glbimg.com\/deo\/vi\/51\/33\/2933351\n 416w,https:\/\/s2.glbimg.com\/0JBJUBq9HNny25B0BcHBqTLlQLQ=\/390x0\/smart\/filters:strip_icc()\/s04.video.glbimg.com\/deo\/vi\/51\/33\/2933351\n 390w\" alt=\"Luis Gustavo interpreta 'Mario Fofoca' na novela Ti-ti-ti\" \/><img decoding=\"async\" class=\"i-amphtml-fill-content i-amphtml-replaced-content\" src=\"https:\/\/s2.glbimg.com\/_PDlewc2UA3yxr5GxMEO_YKtk-U=\/650x0\/smart\/filters:strip_icc()\/s01.video.glbimg.com\/deo\/vi\/72\/32\/2933272\" sizes=\"(max-width: 1366px) 223px, 100vw\" srcset=\"https:\/\/s2.glbimg.com\/_PDlewc2UA3yxr5GxMEO_YKtk-U=\/650x0\/smart\/filters:strip_icc()\/s01.video.glbimg.com\/deo\/vi\/72\/32\/2933272\n 650w,https:\/\/s2.glbimg.com\/VmZc50Vi1jL_ofm7al9b36viQtg=\/640x0\/smart\/filters:strip_icc()\/s01.video.glbimg.com\/deo\/vi\/72\/32\/2933272\n 640w,https:\/\/s2.glbimg.com\/3s9lyglhJWzkqKaBYjww8nFPd-U=\/416x0\/smart\/filters:strip_icc()\/s01.video.glbimg.com\/deo\/vi\/72\/32\/2933272\n 416w,https:\/\/s2.glbimg.com\/SgNsX-LMVp2IWPY2Nk_LiYT2BXo=\/390x0\/smart\/filters:strip_icc()\/s01.video.glbimg.com\/deo\/vi\/72\/32\/2933272\n 390w\" alt=\"Luis Gustavo \u00e9 Vav\u00e1 em 'Sai de Baixo'\" \/><span style=\"font-family: inherit; font-size: inherit; font-style: inherit; font-variant-ligatures: inherit; font-variant-caps: inherit; font-weight: inherit; text-align: center;\">\u201cEu sempre me dediquei \u00e0 com\u00e9dia. Na com\u00e9dia, as crian\u00e7as s\u00e3o meus grandes professores: testei meus personagens com elas, se n\u00e3o riam, o personagem n\u00e3o estava pronto. N\u00e3o h\u00e1 mestre no mundo que se compare a uma aula dessas&#8221;, afirmou o ator, em depoimento ao Mem\u00f3ria Globo.<\/span><\/div>\n<\/div>\n<div class=\"row medium-uncollapsed content-media content-photo\" style=\"text-align: justify;\" data-block-type=\"backstage-photo\" data-block-id=\"9\">\n<div class=\"mc-column content-media__container\">\n<div class=\"content-media-container glb-skeleton-box\">\n<figure class=\"content-media-figure\"><img decoding=\"async\" class=\"i-amphtml-fill-content i-amphtml-replaced-content\" src=\"https:\/\/s2.glbimg.com\/X2NGrjKEGMHr4Bi-ykNSxAUUgMY=\/0x0:620x465\/984x0\/smart\/filters:strip_icc()\/s.glbimg.com\/jo\/g1\/f\/original\/2013\/06\/03\/foto-grande.jpg\" sizes=\"(max-width: 1366px) 648px, 100vw\" srcset=\"https:\/\/s2.glbimg.com\/-WdMzqcNExlEp6_oj2FiSCPKf9U=\/0x0:620x465\/1000x0\/smart\/filters:strip_icc()\/s.glbimg.com\/jo\/g1\/f\/original\/2013\/06\/03\/foto-grande.jpg 1000w, https:\/\/s2.glbimg.com\/X2NGrjKEGMHr4Bi-ykNSxAUUgMY=\/0x0:620x465\/984x0\/smart\/filters:strip_icc()\/s.glbimg.com\/jo\/g1\/f\/original\/2013\/06\/03\/foto-grande.jpg 984w, https:\/\/s2.glbimg.com\/mIPX1lgMm161S2IlgcRyiPKcYCQ=\/0x0:620x465\/640x0\/smart\/filters:strip_icc()\/s.glbimg.com\/jo\/g1\/f\/original\/2013\/06\/03\/foto-grande.jpg 640w, https:\/\/s2.glbimg.com\/A9i4QpFoDLJ3vufG46h5-L0BADI=\/0x0:620x465\/600x0\/smart\/filters:strip_icc()\/s.glbimg.com\/jo\/g1\/f\/original\/2013\/06\/03\/foto-grande.jpg 600w\" alt=\"Os atores Aracy Balabanian, Luis Gustavo, Marcia Cabrita, Miguel Falabella e Marisa Orth na entrevista coletiva de lan\u00e7amento dos quatro novos epis\u00f3dios do humor\u00edstico 'Sai de baixo' \u2014 Foto: Cau\u00ea Muraro\/G1\" \/><\/figure>\n<\/div>\n<p class=\"content-media__description \">Os atores Aracy Balabanian, Luis Gustavo, Marcia Cabrita, Miguel Falabella e Marisa Orth na entrevista coletiva de lan\u00e7amento dos quatro novos epis\u00f3dios do humor\u00edstico &#8216;Sai de baixo&#8217; \u2014 Foto: Cau\u00ea Muraro\/G1<\/p>\n<\/div>\n<\/div>\n<div class=\"mc-column content-text active-extra-styles \" style=\"text-align: justify;\" data-block-type=\"unstyled\" data-block-weight=\"81\" data-block-id=\"10\">\n<p class=\"content-text__container \" data-track-category=\"Link no Texto\" data-track-links=\"\">Fez diversas novelas, como &#8220;Anjo Mau&#8221; e &#8220;Duas Vidas&#8221;, em 1976, &#8220;Te Contei?&#8221;, em 1978, &#8220;Elas por Elas&#8221;, em 1982, &#8220;Ti-Ti-Ti&#8221;, em 1985, &#8220;O Salvador da P\u00e1tria&#8221;, em 1989, &#8220;Mico Preto&#8221;, em 1990, &#8220;O Mapa da Mina&#8221;, em 1993, &#8220;O Beijo do Vampiro&#8221;, em 2002, &#8220;Come\u00e7ar de Novo&#8221;, em 2004, &#8220;O Profeta&#8221;, em 2006, &#8220;Tr\u00eas Irm\u00e3s&#8221;, em 2008&#8243;, &#8220;Cama de Gato&#8221;, em 2009, &#8220;A vida da gente&#8221;, em 2011, &#8220;Joia Rara&#8221;, em 2013, e &#8220;\u00cata Mundo Bom!&#8221;, em 2016.<\/p>\n<\/div>\n<div class=\"row medium-uncollapsed content-media content-photo\" style=\"text-align: justify;\" data-block-type=\"backstage-photo\" data-block-id=\"11\">\n<div class=\"mc-column content-media__container\">\n<div class=\"content-media-container glb-skeleton-box\">\n<figure class=\"content-media-figure\"><img decoding=\"async\" class=\"i-amphtml-fill-content i-amphtml-replaced-content\" src=\"https:\/\/s2.glbimg.com\/kgIl4eYRnjw1RvRRyDOznbqOC9s=\/0x0:1700x1075\/984x0\/smart\/filters:strip_icc()\/s.glbimg.com\/jo\/g1\/f\/original\/2014\/04\/05\/mico.jpg\" sizes=\"(max-width: 1366px) 648px, 100vw\" srcset=\"https:\/\/s2.glbimg.com\/pZk2LJ4-eUNkVPaGSCQeo9XIeRs=\/0x0:1700x1075\/1000x0\/smart\/filters:strip_icc()\/s.glbimg.com\/jo\/g1\/f\/original\/2014\/04\/05\/mico.jpg 1000w, https:\/\/s2.glbimg.com\/kgIl4eYRnjw1RvRRyDOznbqOC9s=\/0x0:1700x1075\/984x0\/smart\/filters:strip_icc()\/s.glbimg.com\/jo\/g1\/f\/original\/2014\/04\/05\/mico.jpg 984w, https:\/\/s2.glbimg.com\/A6wiQAGolew9bfy_WQUcpO7QfF4=\/0x0:1700x1075\/640x0\/smart\/filters:strip_icc()\/s.glbimg.com\/jo\/g1\/f\/original\/2014\/04\/05\/mico.jpg 640w, https:\/\/s2.glbimg.com\/pA4zg_xWW7vjrkHkHT-I2oOMPPE=\/0x0:1700x1075\/600x0\/smart\/filters:strip_icc()\/s.glbimg.com\/jo\/g1\/f\/original\/2014\/04\/05\/mico.jpg 600w\" alt=\"Luis Gustavo e Jos\u00e9 Wilker em 'Mico Preto', de 1990 \u2014 Foto: Arquivo Cedoc\/TV Globo\" \/><\/figure>\n<\/div>\n<p class=\"content-media__description \">Luis Gustavo e Jos\u00e9 Wilker em &#8216;Mico Preto&#8217;, de 1990 \u2014 Foto: Arquivo Cedoc\/TV Globo<\/p>\n<p class=\"content-media__description \"><span style=\"font-family: inherit; font-size: inherit; font-style: inherit; font-variant-ligatures: inherit; font-variant-caps: inherit; font-weight: inherit; text-align: center;\">Tamb\u00e9m participou de &#8220;Malha\u00e7\u00e3o&#8221;, em 2012, e do seriado &#8220;As Cariocas: A Invejosa de Ipanema&#8221;, em 2010. Fez ainda &#8220;Xuxa Especial de Natal \u2013 no Mundo da Imagina\u00e7\u00e3o&#8221;, em 2003.<\/span><\/p>\n<\/div>\n<\/div>\n<div class=\"mc-column content-text active-extra-styles \" data-block-type=\"unstyled\" data-block-weight=\"42\" data-block-id=\"14\">\n<p class=\"content-text__container \" style=\"text-align: justify;\" data-track-category=\"Link no Texto\" data-track-links=\"\">Tornou-se assistente de dire\u00e7\u00e3o de v\u00e1rios programas, entre eles o teleteatro TV de Vanguarda. Ap\u00f3s uma pequena participa\u00e7\u00e3o no filme &#8220;Amada Amante&#8221;, de Cl\u00e1udio Cunha, e uma passagem pela TV Bandeirantes, Luis Gustavo voltou \u00e0 Globo na pele do detetive M\u00e1rio Fofoca.<\/p>\n<p style=\"text-align: justify;\" data-track-category=\"Link no Texto\" data-track-links=\"\">Fonte: https:\/\/g1.globo.com\/sp\/sorocaba-jundiai\/noticia\/2021\/09\/19\/ator-luis-gustavo-morre-aos-87-anos-em-itatiba.ghtml<\/p>\n<\/div>\n<\/div>\n","protected":false},"excerpt":{"rendered":"<p>De acordo com informa\u00e7\u00f5es da fam\u00edlia, ele estava em tratamento contra um c\u00e2ncer desde 2018. O ator\u00a0Luis Gustavo Blanco morreu neste domingo\u00a0(19), aos 87 anos, em Itatiba (SP). Ele sofreu\u00a0complica\u00e7\u00f5es por conta de um c\u00e2ncer no intestino. De acordo com informa\u00e7\u00f5es da fam\u00edlia, Luis Gustavo estava em\u00a0tratamento contra a doen\u00e7a desde 2018 e morreu em [&hellip;]<\/p>\n","protected":false},"author":1,"featured_media":53931,"comment_status":"closed","ping_status":"open","sticky":false,"template":"","format":"standard","meta":{"footnotes":""},"categories":[178,110],"tags":[],"class_list":["post-53930","post","type-post","status-publish","format-standard","has-post-thumbnail","hentry","category-notadefalecimento","category-noticiasdestaque"],"_links":{"self":[{"href":"https:\/\/jorgezanoni.com.br\/2019\/wp-json\/wp\/v2\/posts\/53930","targetHints":{"allow":["GET"]}}],"collection":[{"href":"https:\/\/jorgezanoni.com.br\/2019\/wp-json\/wp\/v2\/posts"}],"about":[{"href":"https:\/\/jorgezanoni.com.br\/2019\/wp-json\/wp\/v2\/types\/post"}],"author":[{"embeddable":true,"href":"https:\/\/jorgezanoni.com.br\/2019\/wp-json\/wp\/v2\/users\/1"}],"replies":[{"embeddable":true,"href":"https:\/\/jorgezanoni.com.br\/2019\/wp-json\/wp\/v2\/comments?post=53930"}],"version-history":[{"count":0,"href":"https:\/\/jorgezanoni.com.br\/2019\/wp-json\/wp\/v2\/posts\/53930\/revisions"}],"wp:featuredmedia":[{"embeddable":true,"href":"https:\/\/jorgezanoni.com.br\/2019\/wp-json\/wp\/v2\/media\/53931"}],"wp:attachment":[{"href":"https:\/\/jorgezanoni.com.br\/2019\/wp-json\/wp\/v2\/media?parent=53930"}],"wp:term":[{"taxonomy":"category","embeddable":true,"href":"https:\/\/jorgezanoni.com.br\/2019\/wp-json\/wp\/v2\/categories?post=53930"},{"taxonomy":"post_tag","embeddable":true,"href":"https:\/\/jorgezanoni.com.br\/2019\/wp-json\/wp\/v2\/tags?post=53930"}],"curies":[{"name":"wp","href":"https:\/\/api.w.org\/{rel}","templated":true}]}}