{"id":53927,"date":"2021-09-19T18:01:54","date_gmt":"2021-09-19T18:01:54","guid":{"rendered":"https:\/\/jorgezanoni.com.br\/2019\/?p=53927"},"modified":"2021-09-19T18:01:54","modified_gmt":"2021-09-19T18:01:54","slug":"morre-a-senhora-jovita-rosa-de-jesus-pereira","status":"publish","type":"post","link":"https:\/\/jorgezanoni.com.br\/2019\/morre-a-senhora-jovita-rosa-de-jesus-pereira\/","title":{"rendered":"Morre a senhora Jovita Rosa de Jesus Pereira"},"content":{"rendered":"<p style=\"text-align: justify;\">Comunicamos com pesar o falecimento da senhora Jovita Rosa de Jesus Pereira de 72 anos. Ela havia passado por uma cirurgia na Santa Casa de Dracena, e n\u00e3o resistiu vindo a \u00f3bito.<\/p>\n<p style=\"text-align: justify;\">Deixa o esposo e filho. \u00c9 m\u00e3e do Nei da Molduras Camila.<\/p>\n<p style=\"text-align: justify;\">O seu Corpo ser\u00e1 velado no Memorial Vida Prev das 18 \u00e0s 21 Hs de hoje (19) e amanh\u00e3 (20) das 06 \u00e0s 09 Hs. quando o cortejo segue para Panorama onde ocorre o Sepultamento \u00e0s 10 Hs.<\/p>\n<p style=\"text-align: justify;\">O Site JZ se solidariza com a fam\u00edlia neste d\u00edficil momento, especialmente com o amigo Nei.<\/p>\n<p style=\"text-align: justify;\">Jorge Zanoni<\/p>\n<p>&nbsp;<\/p>\n","protected":false},"excerpt":{"rendered":"<p>Comunicamos com pesar o falecimento da senhora Jovita Rosa de Jesus Pereira de 72 anos. Ela havia passado por uma cirurgia na Santa Casa de Dracena, e n\u00e3o resistiu vindo a \u00f3bito. Deixa o esposo e filho. \u00c9 m\u00e3e do Nei da Molduras Camila. O seu Corpo ser\u00e1 velado no Memorial Vida Prev das 18 [&hellip;]<\/p>\n","protected":false},"author":1,"featured_media":53928,"comment_status":"closed","ping_status":"open","sticky":false,"template":"","format":"standard","meta":{"footnotes":""},"categories":[178,110],"tags":[],"class_list":["post-53927","post","type-post","status-publish","format-standard","has-post-thumbnail","hentry","category-notadefalecimento","category-noticiasdestaque"],"_links":{"self":[{"href":"https:\/\/jorgezanoni.com.br\/2019\/wp-json\/wp\/v2\/posts\/53927","targetHints":{"allow":["GET"]}}],"collection":[{"href":"https:\/\/jorgezanoni.com.br\/2019\/wp-json\/wp\/v2\/posts"}],"about":[{"href":"https:\/\/jorgezanoni.com.br\/2019\/wp-json\/wp\/v2\/types\/post"}],"author":[{"embeddable":true,"href":"https:\/\/jorgezanoni.com.br\/2019\/wp-json\/wp\/v2\/users\/1"}],"replies":[{"embeddable":true,"href":"https:\/\/jorgezanoni.com.br\/2019\/wp-json\/wp\/v2\/comments?post=53927"}],"version-history":[{"count":0,"href":"https:\/\/jorgezanoni.com.br\/2019\/wp-json\/wp\/v2\/posts\/53927\/revisions"}],"wp:featuredmedia":[{"embeddable":true,"href":"https:\/\/jorgezanoni.com.br\/2019\/wp-json\/wp\/v2\/media\/53928"}],"wp:attachment":[{"href":"https:\/\/jorgezanoni.com.br\/2019\/wp-json\/wp\/v2\/media?parent=53927"}],"wp:term":[{"taxonomy":"category","embeddable":true,"href":"https:\/\/jorgezanoni.com.br\/2019\/wp-json\/wp\/v2\/categories?post=53927"},{"taxonomy":"post_tag","embeddable":true,"href":"https:\/\/jorgezanoni.com.br\/2019\/wp-json\/wp\/v2\/tags?post=53927"}],"curies":[{"name":"wp","href":"https:\/\/api.w.org\/{rel}","templated":true}]}}