{"id":53881,"date":"2021-09-17T21:29:23","date_gmt":"2021-09-17T21:29:23","guid":{"rendered":"https:\/\/jorgezanoni.com.br\/2019\/?p=53881"},"modified":"2021-09-17T21:30:39","modified_gmt":"2021-09-17T21:30:39","slug":"policia-civil-e-caps-ad-realizam-encontro-sombre-prevencao-ao-uso-de-drogas-em-dracena","status":"publish","type":"post","link":"https:\/\/jorgezanoni.com.br\/2019\/policia-civil-e-caps-ad-realizam-encontro-sombre-prevencao-ao-uso-de-drogas-em-dracena\/","title":{"rendered":"Pol\u00edcia Civil e CAPS-AD realizam encontro sobre preven\u00e7\u00e3o ao uso de Drogas em Dracena"},"content":{"rendered":"<p style=\"text-align: justify;\"><strong>O evento foi destinado para profissionais que atuam na \u00e1rea de sa\u00fade mental e depend\u00eancia qu\u00edmicas no munic\u00edpio de Dracena.<\/strong><\/p>\n<p style=\"text-align: justify;\">A Pol\u00edcia Civil, por interm\u00e9dio da Delegacia Seccional de Pol\u00edcia de Dracena, realizou nesta sexta-feira (17), importante encontro sobre preven\u00e7\u00e3o ao uso de drogas com profissionais que trabalham no Centro de Aten\u00e7\u00e3o Psicossocial \u00c1lcool e Drogas (Caps-Ad), da Secretaria Municipal da Sa\u00fade de Dracena. O evento contou com a participa\u00e7\u00e3o da prima-dama do munic\u00edpio, a Sra. Bianca Francielle Kozan Lemos, que tamb\u00e9m \u00e9 a secret\u00e1ria de Assist\u00eancia Social de Dracena, e ainda com integrantes Conselho Tutelar, Creas e Cras.<\/p>\n<p>O objetivo da intera\u00e7\u00e3o multiprofissional foi ampliar o conhecimento sobre tema, e nesta seara, coube ao agente policial Reginaldo Rosa, explanar sobre os tipos de drogas, seus efeitos, as mais consumidas e suas origens.<\/p>\n<p style=\"text-align: justify;\">O Caps-Ad de Dracena \u00e9 a \u00fanica unidade de sa\u00fade especializada em atender os dependentes qu\u00edmicos para 12 munic\u00edpios da regi\u00e3o de Dracena.<\/p>\n<p style=\"text-align: justify;\">No final do evento todos os participantes avaliaram como positivo o encontro, possibilitando a troca informa\u00e7\u00f5es que s\u00e3o essenciais, visto que o uso abusivo de drogas \u00e9 um dos principais problemas de sa\u00fade p\u00fablica do mundo e n\u00e3o apenas uma quest\u00e3o policial.<\/p>\n<p><img loading=\"lazy\" decoding=\"async\" class=\"alignnone size-full wp-image-53882\" src=\"https:\/\/jorgezanoni.com.br\/2019\/wp-content\/uploads\/2021\/09\/civil.jpg\" alt=\"\" width=\"1280\" height=\"990\" srcset=\"https:\/\/jorgezanoni.com.br\/2019\/wp-content\/uploads\/2021\/09\/civil.jpg 1280w, https:\/\/jorgezanoni.com.br\/2019\/wp-content\/uploads\/2021\/09\/civil-300x232.jpg 300w, https:\/\/jorgezanoni.com.br\/2019\/wp-content\/uploads\/2021\/09\/civil-1024x792.jpg 1024w, https:\/\/jorgezanoni.com.br\/2019\/wp-content\/uploads\/2021\/09\/civil-768x594.jpg 768w, https:\/\/jorgezanoni.com.br\/2019\/wp-content\/uploads\/2021\/09\/civil-696x538.jpg 696w, https:\/\/jorgezanoni.com.br\/2019\/wp-content\/uploads\/2021\/09\/civil-1068x826.jpg 1068w, https:\/\/jorgezanoni.com.br\/2019\/wp-content\/uploads\/2021\/09\/civil-543x420.jpg 543w\" sizes=\"auto, (max-width: 1280px) 100vw, 1280px\" \/> <img loading=\"lazy\" decoding=\"async\" class=\"alignnone size-full wp-image-53884\" src=\"https:\/\/jorgezanoni.com.br\/2019\/wp-content\/uploads\/2021\/09\/civil2.jpg\" alt=\"\" width=\"1437\" height=\"1078\" srcset=\"https:\/\/jorgezanoni.com.br\/2019\/wp-content\/uploads\/2021\/09\/civil2.jpg 1437w, https:\/\/jorgezanoni.com.br\/2019\/wp-content\/uploads\/2021\/09\/civil2-300x225.jpg 300w, https:\/\/jorgezanoni.com.br\/2019\/wp-content\/uploads\/2021\/09\/civil2-1024x768.jpg 1024w, https:\/\/jorgezanoni.com.br\/2019\/wp-content\/uploads\/2021\/09\/civil2-768x576.jpg 768w, https:\/\/jorgezanoni.com.br\/2019\/wp-content\/uploads\/2021\/09\/civil2-80x60.jpg 80w, https:\/\/jorgezanoni.com.br\/2019\/wp-content\/uploads\/2021\/09\/civil2-265x198.jpg 265w, https:\/\/jorgezanoni.com.br\/2019\/wp-content\/uploads\/2021\/09\/civil2-696x522.jpg 696w, https:\/\/jorgezanoni.com.br\/2019\/wp-content\/uploads\/2021\/09\/civil2-1068x801.jpg 1068w, https:\/\/jorgezanoni.com.br\/2019\/wp-content\/uploads\/2021\/09\/civil2-560x420.jpg 560w\" sizes=\"auto, (max-width: 1437px) 100vw, 1437px\" \/><\/p>\n<p style=\"text-align: justify;\">Com. Social Pol\u00edcia Civil<\/p>\n","protected":false},"excerpt":{"rendered":"<p>O evento foi destinado para profissionais que atuam na \u00e1rea de sa\u00fade mental e depend\u00eancia qu\u00edmicas no munic\u00edpio de Dracena. A Pol\u00edcia Civil, por interm\u00e9dio da Delegacia Seccional de Pol\u00edcia de Dracena, realizou nesta sexta-feira (17), importante encontro sobre preven\u00e7\u00e3o ao uso de drogas com profissionais que trabalham no Centro de Aten\u00e7\u00e3o Psicossocial \u00c1lcool e [&hellip;]<\/p>\n","protected":false},"author":1,"featured_media":53883,"comment_status":"closed","ping_status":"open","sticky":false,"template":"","format":"standard","meta":{"footnotes":""},"categories":[110,2],"tags":[],"class_list":["post-53881","post","type-post","status-publish","format-standard","has-post-thumbnail","hentry","category-noticiasdestaque","category-policial"],"_links":{"self":[{"href":"https:\/\/jorgezanoni.com.br\/2019\/wp-json\/wp\/v2\/posts\/53881","targetHints":{"allow":["GET"]}}],"collection":[{"href":"https:\/\/jorgezanoni.com.br\/2019\/wp-json\/wp\/v2\/posts"}],"about":[{"href":"https:\/\/jorgezanoni.com.br\/2019\/wp-json\/wp\/v2\/types\/post"}],"author":[{"embeddable":true,"href":"https:\/\/jorgezanoni.com.br\/2019\/wp-json\/wp\/v2\/users\/1"}],"replies":[{"embeddable":true,"href":"https:\/\/jorgezanoni.com.br\/2019\/wp-json\/wp\/v2\/comments?post=53881"}],"version-history":[{"count":0,"href":"https:\/\/jorgezanoni.com.br\/2019\/wp-json\/wp\/v2\/posts\/53881\/revisions"}],"wp:featuredmedia":[{"embeddable":true,"href":"https:\/\/jorgezanoni.com.br\/2019\/wp-json\/wp\/v2\/media\/53883"}],"wp:attachment":[{"href":"https:\/\/jorgezanoni.com.br\/2019\/wp-json\/wp\/v2\/media?parent=53881"}],"wp:term":[{"taxonomy":"category","embeddable":true,"href":"https:\/\/jorgezanoni.com.br\/2019\/wp-json\/wp\/v2\/categories?post=53881"},{"taxonomy":"post_tag","embeddable":true,"href":"https:\/\/jorgezanoni.com.br\/2019\/wp-json\/wp\/v2\/tags?post=53881"}],"curies":[{"name":"wp","href":"https:\/\/api.w.org\/{rel}","templated":true}]}}