{"id":53854,"date":"2021-09-16T23:21:09","date_gmt":"2021-09-16T23:21:09","guid":{"rendered":"https:\/\/jorgezanoni.com.br\/2019\/?p=53854"},"modified":"2021-09-16T23:21:09","modified_gmt":"2021-09-16T23:21:09","slug":"homem-e-preso-apos-furtar-uma-tabua-de-carnes-em-panorama","status":"publish","type":"post","link":"https:\/\/jorgezanoni.com.br\/2019\/homem-e-preso-apos-furtar-uma-tabua-de-carnes-em-panorama\/","title":{"rendered":"Homem \u00e9 preso ap\u00f3s furtar uma T\u00e1bua de Carnes em Panorama"},"content":{"rendered":"<p style=\"text-align: justify;\">No fim da tarde de hoje,15 de setembro por volta das 18h05m os Policiais Militares de Panorama, ap\u00f3s tomar conhecimento de um furto ocorrido em uma casa de carnes no bairro Marrecas visualizou as filmagens da c\u00e2mara de monitoramento, sendo poss\u00edvel identificar o autor subtraindo uma t\u00e1bua de carnes e a colocando sob as vestes, ao sair na parte externa do estabelecimento colocou a t\u00e1bua em uma mochila. De posse das caracter\u00edsticas iniciou patrulhamento obtendo \u00eaxito em localizar e abordar o indiv\u00edduo que confessou a pratica do furto para trocar o objeto por entorpecentes, diante dos fatos o indiv\u00edduo recebeu voz de pris\u00e3o em flagrante delito pela pr\u00e1tica de crime de furto.<\/p>\n<p style=\"text-align: justify;\">#25BPMI4CIAPM<br \/>\n#POLICIAMILITARSP<br \/>\n#AFOR\u00c7AP\u00daBLICADES\u00c3OPAULO<br \/>\nCOMUNICA\u00c7\u00c3O SOCIAL DO 25\u00ba BPM\/I 4\u00aa CIA PM.<\/p>\n","protected":false},"excerpt":{"rendered":"<p>No fim da tarde de hoje,15 de setembro por volta das 18h05m os Policiais Militares de Panorama, ap\u00f3s tomar conhecimento de um furto ocorrido em uma casa de carnes no bairro Marrecas visualizou as filmagens da c\u00e2mara de monitoramento, sendo poss\u00edvel identificar o autor subtraindo uma t\u00e1bua de carnes e a colocando sob as vestes, [&hellip;]<\/p>\n","protected":false},"author":1,"featured_media":53855,"comment_status":"closed","ping_status":"open","sticky":false,"template":"","format":"standard","meta":{"footnotes":""},"categories":[110,2],"tags":[],"class_list":["post-53854","post","type-post","status-publish","format-standard","has-post-thumbnail","hentry","category-noticiasdestaque","category-policial"],"_links":{"self":[{"href":"https:\/\/jorgezanoni.com.br\/2019\/wp-json\/wp\/v2\/posts\/53854","targetHints":{"allow":["GET"]}}],"collection":[{"href":"https:\/\/jorgezanoni.com.br\/2019\/wp-json\/wp\/v2\/posts"}],"about":[{"href":"https:\/\/jorgezanoni.com.br\/2019\/wp-json\/wp\/v2\/types\/post"}],"author":[{"embeddable":true,"href":"https:\/\/jorgezanoni.com.br\/2019\/wp-json\/wp\/v2\/users\/1"}],"replies":[{"embeddable":true,"href":"https:\/\/jorgezanoni.com.br\/2019\/wp-json\/wp\/v2\/comments?post=53854"}],"version-history":[{"count":0,"href":"https:\/\/jorgezanoni.com.br\/2019\/wp-json\/wp\/v2\/posts\/53854\/revisions"}],"wp:featuredmedia":[{"embeddable":true,"href":"https:\/\/jorgezanoni.com.br\/2019\/wp-json\/wp\/v2\/media\/53855"}],"wp:attachment":[{"href":"https:\/\/jorgezanoni.com.br\/2019\/wp-json\/wp\/v2\/media?parent=53854"}],"wp:term":[{"taxonomy":"category","embeddable":true,"href":"https:\/\/jorgezanoni.com.br\/2019\/wp-json\/wp\/v2\/categories?post=53854"},{"taxonomy":"post_tag","embeddable":true,"href":"https:\/\/jorgezanoni.com.br\/2019\/wp-json\/wp\/v2\/tags?post=53854"}],"curies":[{"name":"wp","href":"https:\/\/api.w.org\/{rel}","templated":true}]}}