{"id":53850,"date":"2021-09-16T23:07:41","date_gmt":"2021-09-16T23:07:41","guid":{"rendered":"https:\/\/jorgezanoni.com.br\/2019\/?p=53850"},"modified":"2021-09-16T23:07:41","modified_gmt":"2021-09-16T23:07:41","slug":"transtorno-infantil-por-cidinha-pascoaloto","status":"publish","type":"post","link":"https:\/\/jorgezanoni.com.br\/2019\/transtorno-infantil-por-cidinha-pascoaloto\/","title":{"rendered":"Transtorno infantil  (por Cidinha Pascoaloto)"},"content":{"rendered":"<p style=\"text-align: justify;\">A causa do Transtorno Opositivo-Desafiador (TOD) \u00e9 desconhecida. N\u00e3o existe um fator espec\u00edfico que desencadeia o transtorno. Mas provavelmente envolve uma combina\u00e7\u00e3o de fatores gen\u00e9ticos e ambientais.<\/p>\n<p style=\"text-align: justify;\">Voc\u00eas j\u00e1 perceberam que algumas crian\u00e7as s\u00e3o constantemente rebeldes, desobedientes e costumam responder com raiva a qualquer opini\u00e3o dada pelos adultos? Quando contrariada elas express\u00e3o f\u00faria, hostilidade e vingan\u00e7a? Muitos pais e m\u00e3es convivem com filhos que manifestam esses sinais e tem dificuldade em lidar com a crian\u00e7a. No come\u00e7o \u00e9 comum que isso seja confundido com um simples caso de desobedi\u00eancia.<br \/>\nVoc\u00ea sabia que quando os pais costumam brigar de forma agressiva os filhos desenvolvem comportamentos agressivos? Os sintomas podem aparecer mais tarde como na adolesc\u00eancia e na fase adulta. Mas, \u00e9 mais comum entre 6 e 12 anos. Eles incluem humor irrit\u00e1vel, comportamento argumentativo, desafiador, agressividade e \u00edndole vingativa, que duram mais de seis meses e causam problemas em casa ou na escola. \u00c9 comum que comorbidades como depress\u00e3o\u00a0\u00a0 ansiedade, conduta de humor entre outros, tamb\u00e9m est\u00e3o associadas ao (TOD).<\/p>\n<p style=\"text-align: justify;\">\u00a0No TOD<br \/>\n\u00e9 aconselh\u00e1vel que os pais evitem ao m\u00e1ximo, agress\u00f5es f\u00edsicas e verbais.<br \/>\nValidar as coisas boas que os pequenos fizerem \u00e9 muito importante, esse est\u00edmulo fortalece a autoestima. Escolham sempre o caminho do di\u00e1logo.<br \/>\nAtividades esportivas \u00e9 fundamental para que a crian\u00e7a aprenda a ter mais disciplina e trabalho em equipe estimula a intera\u00e7\u00e3o social.<\/p>\n<p style=\"text-align: justify;\">Para o tratamento recomenda-se terapia individual e familiar. A terapia familiar ajuda a fortalecer os v\u00ednculos familiares, e melhorar o ambiente de conviv\u00eancia para reduzir conflitos. A terapia individual ajuda a crian\u00e7a a lidar com suas emo\u00e7\u00f5es e express\u00e1-las de forma mais funcional.<\/p>\n<p style=\"text-align: justify;\">Este trabalho em conjunto \u00e9 feito para oferecer ao paciente o bem-estar que ele precisa.<\/p>\n<p style=\"text-align: justify;\"><img loading=\"lazy\" decoding=\"async\" class=\"alignnone size-full wp-image-53852\" src=\"https:\/\/jorgezanoni.com.br\/2019\/wp-content\/uploads\/2021\/09\/Cidinha-Pascoaloto-2.jpg\" alt=\"\" width=\"847\" height=\"1280\" srcset=\"https:\/\/jorgezanoni.com.br\/2019\/wp-content\/uploads\/2021\/09\/Cidinha-Pascoaloto-2.jpg 847w, https:\/\/jorgezanoni.com.br\/2019\/wp-content\/uploads\/2021\/09\/Cidinha-Pascoaloto-2-199x300.jpg 199w, https:\/\/jorgezanoni.com.br\/2019\/wp-content\/uploads\/2021\/09\/Cidinha-Pascoaloto-2-678x1024.jpg 678w, https:\/\/jorgezanoni.com.br\/2019\/wp-content\/uploads\/2021\/09\/Cidinha-Pascoaloto-2-768x1161.jpg 768w, https:\/\/jorgezanoni.com.br\/2019\/wp-content\/uploads\/2021\/09\/Cidinha-Pascoaloto-2-696x1052.jpg 696w, https:\/\/jorgezanoni.com.br\/2019\/wp-content\/uploads\/2021\/09\/Cidinha-Pascoaloto-2-278x420.jpg 278w\" sizes=\"auto, (max-width: 847px) 100vw, 847px\" \/><\/p>\n<p style=\"text-align: justify;\">Cidinha Pascoaloto-Psic\u00f3loga-CRP 06\/158174. Terapia Cognitivo Comportamental (TCC) com foco no Luto, Depress\u00e3o e Ansiedade. Atendimento presencial e online, contato: (18) 99725-6418<\/p>\n","protected":false},"excerpt":{"rendered":"<p>A causa do Transtorno Opositivo-Desafiador (TOD) \u00e9 desconhecida. N\u00e3o existe um fator espec\u00edfico que desencadeia o transtorno. Mas provavelmente envolve uma combina\u00e7\u00e3o de fatores gen\u00e9ticos e ambientais. Voc\u00eas j\u00e1 perceberam que algumas crian\u00e7as s\u00e3o constantemente rebeldes, desobedientes e costumam responder com raiva a qualquer opini\u00e3o dada pelos adultos? Quando contrariada elas express\u00e3o f\u00faria, hostilidade e [&hellip;]<\/p>\n","protected":false},"author":1,"featured_media":53851,"comment_status":"closed","ping_status":"open","sticky":false,"template":"","format":"standard","meta":{"footnotes":""},"categories":[175],"tags":[],"class_list":["post-53850","post","type-post","status-publish","format-standard","has-post-thumbnail","hentry","category-artigos"],"_links":{"self":[{"href":"https:\/\/jorgezanoni.com.br\/2019\/wp-json\/wp\/v2\/posts\/53850","targetHints":{"allow":["GET"]}}],"collection":[{"href":"https:\/\/jorgezanoni.com.br\/2019\/wp-json\/wp\/v2\/posts"}],"about":[{"href":"https:\/\/jorgezanoni.com.br\/2019\/wp-json\/wp\/v2\/types\/post"}],"author":[{"embeddable":true,"href":"https:\/\/jorgezanoni.com.br\/2019\/wp-json\/wp\/v2\/users\/1"}],"replies":[{"embeddable":true,"href":"https:\/\/jorgezanoni.com.br\/2019\/wp-json\/wp\/v2\/comments?post=53850"}],"version-history":[{"count":0,"href":"https:\/\/jorgezanoni.com.br\/2019\/wp-json\/wp\/v2\/posts\/53850\/revisions"}],"wp:featuredmedia":[{"embeddable":true,"href":"https:\/\/jorgezanoni.com.br\/2019\/wp-json\/wp\/v2\/media\/53851"}],"wp:attachment":[{"href":"https:\/\/jorgezanoni.com.br\/2019\/wp-json\/wp\/v2\/media?parent=53850"}],"wp:term":[{"taxonomy":"category","embeddable":true,"href":"https:\/\/jorgezanoni.com.br\/2019\/wp-json\/wp\/v2\/categories?post=53850"},{"taxonomy":"post_tag","embeddable":true,"href":"https:\/\/jorgezanoni.com.br\/2019\/wp-json\/wp\/v2\/tags?post=53850"}],"curies":[{"name":"wp","href":"https:\/\/api.w.org\/{rel}","templated":true}]}}