{"id":53847,"date":"2021-09-16T22:48:10","date_gmt":"2021-09-16T22:48:10","guid":{"rendered":"https:\/\/jorgezanoni.com.br\/2019\/?p=53847"},"modified":"2022-03-10T15:44:40","modified_gmt":"2022-03-10T15:44:40","slug":"como-a-tecnologia-de-aplicacao-de-defensivos-agricolas-pode-ajudar-o-agricultor-e-toda-a-sociedade","status":"publish","type":"post","link":"https:\/\/jorgezanoni.com.br\/2019\/como-a-tecnologia-de-aplicacao-de-defensivos-agricolas-pode-ajudar-o-agricultor-e-toda-a-sociedade\/","title":{"rendered":"Como a tecnologia de aplica\u00e7\u00e3o de defensivos agr\u00edcolas pode ajudar o agricultor e toda a sociedade?"},"content":{"rendered":"<p style=\"text-align: justify;\"><strong>&#8220;Mat\u00e9ria t\u00e9cnica desenvolvida pela Associa\u00e7\u00e3o dos Engenheiros, Arquitetos e Agr\u00f4nomos da Regi\u00e3o de Dracena atrav\u00e9s do profissional e inspetor Engenheiro Agr\u00f4nomo Evandro Pereira Prado&#8221;<\/strong><\/p>\n<p style=\"text-align: justify;\">A mecaniza\u00e7\u00e3o do campo, a utiliza\u00e7\u00e3o de cultivares adaptadas aos diversos climas, al\u00e9m do tratamento fitossanit\u00e1rio eficiente, s\u00e3o alguns dos principais fatores associados aos recordes anuais vivenciados pela agricultura brasileira nas \u00faltimas d\u00e9cadas. O Pais ocupa posi\u00e7\u00e3o relevante na seguran\u00e7a alimentar do nosso planeta e com potencial de aumentar ainda mais os produtos oriundos do campo como gr\u00e3os, fibras, frutas, combust\u00edvel, dentre outros.<\/p>\n<p style=\"text-align: justify;\"><img loading=\"lazy\" decoding=\"async\" class=\"alignnone size-full wp-image-53874\" src=\"https:\/\/jorgezanoni.com.br\/2019\/wp-content\/uploads\/2021\/09\/boa.jpg\" alt=\"\" width=\"696\" height=\"522\" srcset=\"https:\/\/jorgezanoni.com.br\/2019\/wp-content\/uploads\/2021\/09\/boa.jpg 696w, https:\/\/jorgezanoni.com.br\/2019\/wp-content\/uploads\/2021\/09\/boa-300x225.jpg 300w, https:\/\/jorgezanoni.com.br\/2019\/wp-content\/uploads\/2021\/09\/boa-80x60.jpg 80w, https:\/\/jorgezanoni.com.br\/2019\/wp-content\/uploads\/2021\/09\/boa-265x198.jpg 265w, https:\/\/jorgezanoni.com.br\/2019\/wp-content\/uploads\/2021\/09\/boa-560x420.jpg 560w\" sizes=\"auto, (max-width: 696px) 100vw, 696px\" \/>Por ser um pais tropical, o mesmo clima favor\u00e1vel para o desenvolvimentos das plantas cultivadas est\u00e3o para as pragas (insetos, fungos, plantas daninhas, etc.) as quais, se n\u00e3o controlada de forma efetiva, podem competir com o produtor em quantidade e qualidade. Dentre os diversos m\u00e9todos de controle preconizados no Manejo Integrado de Pragas, Doen\u00e7as e Plantas Daninhas, o controle qu\u00edmico, pelo uso de defensivos agr\u00edcolas, \u00e9 um dos mais utilizados e merece especial aten\u00e7\u00e3o por ter potencial nocivo, caso utilizado de forma inapropriada.<\/p>\n<p style=\"text-align: justify;\">Quando necess\u00e1ria a utiliza\u00e7\u00e3o dos defensivos na lavoura, o emprego da melhor tecnologia de aplica\u00e7\u00e3o deve ser implementada para proporcionar eficiente controle fitossanit\u00e1rio. Entende-se por tecnologia de aplica\u00e7\u00e3o de defensivos agr\u00edcolas o emprego de v\u00e1rios conhecimentos que visa \u00e0 correta deposi\u00e7\u00e3o do produto no alvo desejado (folhas, insetos, plantas), com a m\u00ednima contamina\u00e7\u00e3o poss\u00edvel de outras \u00e1reas e de forma econ\u00f4mica. Nota-se que a aplica\u00e7\u00e3o desses produtos \u00e9 uma tarefa muito mais complexa do que parece ser sendo indiscutivelmente necess\u00e1rio a supervis\u00e3o do profissional respons\u00e1vel.<\/p>\n<p style=\"text-align: justify;\">Os tr\u00eas pilares que define tecnologia de aplica\u00e7\u00e3o (correta deposi\u00e7\u00e3o do defensivo no alvo, m\u00ednima contamina\u00e7\u00e3o e economicamente vi\u00e1vel) devem ser muito bem considerados para proporcionar e garantir sustentabilidade do controle qu\u00edmico o qual, nas \u00faltimas d\u00e9cadas, vem sendo colocado em xeque pela sociedade. Esses pilares devem estar muito bem equilibrados para o sucesso do tratamento sendo o desbalan\u00e7o de um deles, por menor que seja, pode causar s\u00e9rios preju\u00edzos em todo sistema.<\/p>\n<p style=\"text-align: justify;\">Nos \u00faltimos anos, verifica-se uma forte tend\u00eancia na redu\u00e7\u00e3o do volume de aplica\u00e7\u00e3o de defensivos em diversas culturas, especialmente as que ocupam grandes \u00e1reas. Essa redu\u00e7\u00e3o pode proporcionar enormes benef\u00edcios aos agricultores como: aumento da quantidade de \u00e1rea tratada por m\u00e1quina, redu\u00e7\u00e3o da quantidade de reabastecimento, redu\u00e7\u00e3o no consumo de combust\u00edvel, economia na quantidade de ve\u00edculo (\u00e1gua\/\u00f3leo) e possibilidade de redu\u00e7\u00e3o na frota de m\u00e1quinas de pulveriza\u00e7\u00e3o. Fica evidente que a redu\u00e7\u00e3o do volume pode trazer uma s\u00e9rie de vantagens, por\u00e9m muita aten\u00e7\u00e3o deve ser dada para que essa diminui\u00e7\u00e3o n\u00e3o comprometa a quantidade e a qualidade do defensivo a ser depositado sobre o alvo.<\/p>\n<p style=\"text-align: justify;\">Para uma determinada pulveriza\u00e7\u00e3o manter a mesma cobertura aplicando um menor volume de calda \u00e9 necess\u00e1rio, por exemplo, reduzir o tamanho das gotas e \u00e9 nesse ponto onde o segundo pilar (contamina\u00e7\u00e3o de outras \u00e1reas) pode ser altamente comprometido. \u00c9 sabido que quanto menor forem \u00e0s gotas geradas no processo de pulveriza\u00e7\u00e3o, maiores s\u00e3o as chances de perdas por deriva (carreamento e deposi\u00e7\u00e3o para outras \u00e1reas) e essa condi\u00e7\u00e3o \u00e9 ainda mais potencializada quando as condi\u00e7\u00f5es meteorol\u00f3gicas no momento da pulveriza\u00e7\u00e3o s\u00e3o desfavor\u00e1veis, destacando os baixos valores de umidade relativa do ar, temperaturas elevadas, ventos fortes ou aus\u00eancia de vento.<\/p>\n<p style=\"text-align: justify;\">\u00a0Quando parte da pulveriza\u00e7\u00e3o n\u00e3o atinge o alvo desejado podem ocorrer falhas de controle e possivelmente redu\u00e7\u00e3o da produ\u00e7\u00e3o pela competi\u00e7\u00e3o imposta pelos organismos pragas. As got\u00edculas contendo o defensivo que n\u00e3o atinge o alvo desejado pode depositar em outras \u00e1reas como vegeta\u00e7\u00e3o nativa, nascentes, povoados, outros cultivos, etc. Dessa forma, a pulveriza\u00e7\u00e3o com gotas finas devem ser evitadas por serem facilmente arrastadas pelo vento.<\/p>\n<p style=\"text-align: justify;\">A agricultura praticada em nosso pa\u00eds, especialmente em grandes latif\u00fandios, por uma s\u00e9rie de fatores relacionados ao clima tropical, ainda \u00e9 dependente da utiliza\u00e7\u00e3o de defensivos e que sem eles a produ\u00e7\u00e3o cairia drasticamente, gerando uma s\u00e9rie de transtornos econ\u00f4micos, afetando diretamente a vida das pessoas envolvidas ou n\u00e3o no setor agr\u00edcola.<\/p>\n<p style=\"text-align: justify;\">Not\u00edcias pontuando a contamina\u00e7\u00e3o com defensivos em \u00e1reas n\u00e3o alvos s\u00e3o comuns na m\u00eddia desvalorizando ou denegrindo o agroneg\u00f3cio brasileiro. \u00a0Dessa forma, a tecnologia de aplica\u00e7\u00e3o pode e tem como premissa se n\u00e3o eliminar por completo esses problemas, reduzir ao m\u00e1ximo poss\u00edvel os malef\u00edcios proporcionados pela aplica\u00e7\u00e3o de m\u00e1 qualidade. Treinamentos envolvendo o melhor entendimento da ecologia da praga, defensivo agr\u00edcola, mistura de produtos, equipamento de aplica\u00e7\u00e3o, momento ideal para a interven\u00e7\u00e3o e as condi\u00e7\u00f5es meteorol\u00f3gicas no momento da pulveriza\u00e7\u00e3o s\u00e3o par\u00e2metros que devem ser muito bem compreendidos pelos profissionais respons\u00e1veis (Engenheiros agr\u00f4nomos) pela manipula\u00e7\u00e3o e aplica\u00e7\u00e3o correta e segura dos defensivos.<\/p>\n<p><img loading=\"lazy\" decoding=\"async\" class=\"alignnone size-full wp-image-53878\" src=\"https:\/\/jorgezanoni.com.br\/2019\/wp-content\/uploads\/2021\/09\/AEARD-CREA.jpg\" alt=\"\" width=\"1280\" height=\"289\" srcset=\"https:\/\/jorgezanoni.com.br\/2019\/wp-content\/uploads\/2021\/09\/AEARD-CREA.jpg 1280w, https:\/\/jorgezanoni.com.br\/2019\/wp-content\/uploads\/2021\/09\/AEARD-CREA-300x68.jpg 300w, https:\/\/jorgezanoni.com.br\/2019\/wp-content\/uploads\/2021\/09\/AEARD-CREA-1024x231.jpg 1024w, https:\/\/jorgezanoni.com.br\/2019\/wp-content\/uploads\/2021\/09\/AEARD-CREA-768x173.jpg 768w, https:\/\/jorgezanoni.com.br\/2019\/wp-content\/uploads\/2021\/09\/AEARD-CREA-696x157.jpg 696w, https:\/\/jorgezanoni.com.br\/2019\/wp-content\/uploads\/2021\/09\/AEARD-CREA-1068x241.jpg 1068w\" sizes=\"auto, (max-width: 1280px) 100vw, 1280px\" \/><\/p>\n<p><strong>Prof. Dr. Evandro Pereira Prado <\/strong><\/p>\n<p style=\"text-align: justify;\"><strong>Engenheiro Agr\u00f4nomo \u2013 Doutor em Agronomia \u201cProte\u00e7\u00e3o de Plantas\u201d<\/strong><\/p>\n<p style=\"text-align: justify;\"><strong>CREA-SP 5062411948<\/strong><\/p>\n<p style=\"text-align: justify;\"><strong>Universidade Estadual Paulista \u2013 Faculdade de Ci\u00eancias Agr\u00e1rias e Tecnol\u00f3gicas, Campus de Dracena <\/strong><\/p>\n<p style=\"text-align: justify;\"><strong>E-mail: evandro.prado@unesp.br<\/strong><\/p>\n","protected":false},"excerpt":{"rendered":"<p>&#8220;Mat\u00e9ria t\u00e9cnica desenvolvida pela Associa\u00e7\u00e3o dos Engenheiros, Arquitetos e Agr\u00f4nomos da Regi\u00e3o de Dracena atrav\u00e9s do profissional e inspetor Engenheiro Agr\u00f4nomo Evandro Pereira Prado&#8221; A mecaniza\u00e7\u00e3o do campo, a utiliza\u00e7\u00e3o de cultivares adaptadas aos diversos climas, al\u00e9m do tratamento fitossanit\u00e1rio eficiente, s\u00e3o alguns dos principais fatores associados aos recordes anuais vivenciados pela agricultura brasileira nas [&hellip;]<\/p>\n","protected":false},"author":1,"featured_media":53875,"comment_status":"closed","ping_status":"open","sticky":false,"template":"","format":"standard","meta":{"footnotes":""},"categories":[176,110],"tags":[],"class_list":["post-53847","post","type-post","status-publish","format-standard","has-post-thumbnail","hentry","category-meioambienteeagricultura","category-noticiasdestaque"],"_links":{"self":[{"href":"https:\/\/jorgezanoni.com.br\/2019\/wp-json\/wp\/v2\/posts\/53847","targetHints":{"allow":["GET"]}}],"collection":[{"href":"https:\/\/jorgezanoni.com.br\/2019\/wp-json\/wp\/v2\/posts"}],"about":[{"href":"https:\/\/jorgezanoni.com.br\/2019\/wp-json\/wp\/v2\/types\/post"}],"author":[{"embeddable":true,"href":"https:\/\/jorgezanoni.com.br\/2019\/wp-json\/wp\/v2\/users\/1"}],"replies":[{"embeddable":true,"href":"https:\/\/jorgezanoni.com.br\/2019\/wp-json\/wp\/v2\/comments?post=53847"}],"version-history":[{"count":0,"href":"https:\/\/jorgezanoni.com.br\/2019\/wp-json\/wp\/v2\/posts\/53847\/revisions"}],"wp:featuredmedia":[{"embeddable":true,"href":"https:\/\/jorgezanoni.com.br\/2019\/wp-json\/wp\/v2\/media\/53875"}],"wp:attachment":[{"href":"https:\/\/jorgezanoni.com.br\/2019\/wp-json\/wp\/v2\/media?parent=53847"}],"wp:term":[{"taxonomy":"category","embeddable":true,"href":"https:\/\/jorgezanoni.com.br\/2019\/wp-json\/wp\/v2\/categories?post=53847"},{"taxonomy":"post_tag","embeddable":true,"href":"https:\/\/jorgezanoni.com.br\/2019\/wp-json\/wp\/v2\/tags?post=53847"}],"curies":[{"name":"wp","href":"https:\/\/api.w.org\/{rel}","templated":true}]}}