{"id":53844,"date":"2021-09-16T20:51:33","date_gmt":"2021-09-16T20:51:33","guid":{"rendered":"https:\/\/jorgezanoni.com.br\/2019\/?p=53844"},"modified":"2021-09-16T20:51:33","modified_gmt":"2021-09-16T20:51:33","slug":"morre-a-tupiense-carolina-benetti-defensora-publica-no-espirito-santo","status":"publish","type":"post","link":"https:\/\/jorgezanoni.com.br\/2019\/morre-a-tupiense-carolina-benetti-defensora-publica-no-espirito-santo\/","title":{"rendered":"Morre a tupiense Carolina Benetti, Defensora P\u00fablica no Esp\u00edrito Santo"},"content":{"rendered":"<p style=\"text-align: justify;\"><strong>A Associa\u00e7\u00e3o dos Defensores P\u00fablicos do Esp\u00edrito Santo est\u00e1 de luto. Faleceu nesta quarta-feira (15), a defensora p\u00fablica Carolina Benetti Ikeda.<\/strong><\/p>\n<p style=\"text-align: justify;\">Exemplo de dedica\u00e7\u00e3o e profissionalismo, Carolina atuou na Defensoria P\u00fablica do Esp\u00edrito Santo nos \u00faltimos oito anos e era super querida por todas e todos os que tiveram a honra de conviver com ela.<\/p>\n<p style=\"text-align: justify;\">Nesse momento de imensa tristeza, a ADEPES presta condol\u00eancias e seus mais sinceros p\u00easames aos familiares e amigos.<\/p>\n<p style=\"text-align: justify;\"><em>Carol Benetti, de 35 anos, era de Tupi Paulista, filha de Neizeni Benetti. Foi aluna do Col\u00e9gio Objetivo e Universidade Mackenzie. O companheiro Leandro Ramalho Froio morreu num acidente perto da ponte e Pauliceia em dezembro de 2018. O sepultamento de Carol ocorre em Tupi nesta sexta-feira.\u00a0<\/em><\/p>\n<p>Fonte: Bastidores da Not\u00edcia<\/p>\n","protected":false},"excerpt":{"rendered":"<p>A Associa\u00e7\u00e3o dos Defensores P\u00fablicos do Esp\u00edrito Santo est\u00e1 de luto. Faleceu nesta quarta-feira (15), a defensora p\u00fablica Carolina Benetti Ikeda. Exemplo de dedica\u00e7\u00e3o e profissionalismo, Carolina atuou na Defensoria P\u00fablica do Esp\u00edrito Santo nos \u00faltimos oito anos e era super querida por todas e todos os que tiveram a honra de conviver com ela. [&hellip;]<\/p>\n","protected":false},"author":1,"featured_media":53845,"comment_status":"closed","ping_status":"open","sticky":false,"template":"","format":"standard","meta":{"footnotes":""},"categories":[178,110],"tags":[],"class_list":["post-53844","post","type-post","status-publish","format-standard","has-post-thumbnail","hentry","category-notadefalecimento","category-noticiasdestaque"],"_links":{"self":[{"href":"https:\/\/jorgezanoni.com.br\/2019\/wp-json\/wp\/v2\/posts\/53844","targetHints":{"allow":["GET"]}}],"collection":[{"href":"https:\/\/jorgezanoni.com.br\/2019\/wp-json\/wp\/v2\/posts"}],"about":[{"href":"https:\/\/jorgezanoni.com.br\/2019\/wp-json\/wp\/v2\/types\/post"}],"author":[{"embeddable":true,"href":"https:\/\/jorgezanoni.com.br\/2019\/wp-json\/wp\/v2\/users\/1"}],"replies":[{"embeddable":true,"href":"https:\/\/jorgezanoni.com.br\/2019\/wp-json\/wp\/v2\/comments?post=53844"}],"version-history":[{"count":0,"href":"https:\/\/jorgezanoni.com.br\/2019\/wp-json\/wp\/v2\/posts\/53844\/revisions"}],"wp:featuredmedia":[{"embeddable":true,"href":"https:\/\/jorgezanoni.com.br\/2019\/wp-json\/wp\/v2\/media\/53845"}],"wp:attachment":[{"href":"https:\/\/jorgezanoni.com.br\/2019\/wp-json\/wp\/v2\/media?parent=53844"}],"wp:term":[{"taxonomy":"category","embeddable":true,"href":"https:\/\/jorgezanoni.com.br\/2019\/wp-json\/wp\/v2\/categories?post=53844"},{"taxonomy":"post_tag","embeddable":true,"href":"https:\/\/jorgezanoni.com.br\/2019\/wp-json\/wp\/v2\/tags?post=53844"}],"curies":[{"name":"wp","href":"https:\/\/api.w.org\/{rel}","templated":true}]}}