{"id":53825,"date":"2021-09-15T17:36:14","date_gmt":"2021-09-15T17:36:14","guid":{"rendered":"https:\/\/jorgezanoni.com.br\/2019\/?p=53825"},"modified":"2021-09-15T17:36:14","modified_gmt":"2021-09-15T17:36:14","slug":"unifadra-abre-inscricoes-para-o-ecap","status":"publish","type":"post","link":"https:\/\/jorgezanoni.com.br\/2019\/unifadra-abre-inscricoes-para-o-ecap\/","title":{"rendered":"Unifadra abre inscri\u00e7\u00f5es para o ECAP"},"content":{"rendered":"<p style=\"text-align: justify;\"><i><strong><span style=\"font-size: large;\">Realizado anualmente, o evento visa divulgar a pesquisa cient\u00edfica de alunos e docentes de Institui\u00e7\u00f5es de Ensino Superior.<\/span><\/strong><br \/>\n<\/i><br \/>\n<span style=\"font-size: large;\">Nos dias 8 a 12 de novembro de 2021, a Unifadra vai realizar o 12\u00ba Encontro Cient\u00edfico da Alta Paulista (ECAP). As inscri\u00e7\u00f5es est\u00e3o abertas, s\u00e3o gratuitas e prosseguem at\u00e9 o dia 3 de novembro. Para a apresenta\u00e7\u00e3o de trabalhos, a submiss\u00e3o de resumos deve ser feita at\u00e9 o dia 9 de outubro.<\/span><\/p>\n<p><span style=\"font-size: large;\">Mantendo o formato da edi\u00e7\u00e3o 2020, o evento ter\u00e1 novamente apresenta\u00e7\u00f5es on-line visando \u00e0 intera\u00e7\u00e3o dos autores com os docentes, alunos participantes do evento e toda a comunidade externa.<\/span><\/p>\n<p><span style=\"font-size: large;\">Neste ano, o Encontro Cient\u00edfico da Alta Paulista abre espa\u00e7o para discuss\u00f5es sobre direitos humanos, igualdade social, inclus\u00e3o, sa\u00fade, humaniza\u00e7\u00e3o, tecnologia, educa\u00e7\u00e3o e ci\u00eancia.<\/span><\/p>\n<p><span style=\"font-size: large;\">No ECAP 2021 j\u00e1 est\u00e3o confirmadas as seguintes participa\u00e7\u00f5es:<\/span><\/p>\n<ul style=\"text-align: justify;\">\n<li><span style=\"font-size: large;\">Dr. Eduard Bendrath (Gest\u00e3o do esporte na escola | Ed. F\u00edsica &#8211; 08\/11)<\/span><\/li>\n<li><span style=\"font-size: large;\">Dra. Luciana Kusumota (A solid\u00e3o de idosos na era das conex\u00f5es e redes sociais | Enfermagem &#8211; 08\/11)<\/span><\/li>\n<li><span style=\"font-size: large;\">Dra. Patricia de Souza Almeida (Avalia\u00e7\u00e3o psicol\u00f3gica e suas diretrizes | Psicologia &#8211; 08\/11)<\/span><\/li>\n<li><span style=\"font-size: large;\">Dr. Leonardo Castro Botega (Desafios e Oportunidades em Intelig\u00eancia Artificial | An\u00e1lise e Desenvolvimento de Sistemas &#8211; 08\/11)<\/span><\/li>\n<li><span style=\"font-size: large;\">Dra. Tatiana Carvalho Reis Martins (O panorama das doen\u00e7as cr\u00f4nicas n\u00e3o transmiss\u00edveis no Brasil | Enfermagem &#8211; 09\/11)<\/span><\/li>\n<li><span style=\"font-size: large;\">Esp. Fernando Magno (Inova\u00e7\u00e3o tecnol\u00f3gica e o desenvolvimento socioecon\u00f4mico: o papel do Analista de Sistemas e as oportunidades de empreendedorismo | An\u00e1lise e Desenvolvimento de Sistemas &#8211; 09\/11)<\/span><\/li>\n<li><span style=\"font-size: large;\">Ma. La\u00edse Escalianti Del Alamo Guarda (Transfer\u00eancia do conhecimento em sa\u00fade: o uso de interven\u00e7\u00f5es baseadas em evid\u00eancias para melhoria do cuidado | Enfermagem &#8211; 10\/11)<\/span><\/li>\n<\/ul>\n<p style=\"text-align: justify;\">\n<span style=\"font-size: large;\">Segundo os organizadores, est\u00e3o sendo convidados palestrantes das \u00e1reas de An\u00e1lise e Desenvolvimento de Sistemas, Educa\u00e7\u00e3o F\u00edsica, Enfermagem, Medicina, Pedagogia e Psicologia para compor a programa\u00e7\u00e3o do evento, que est\u00e1 sendo divulgada gradualmente no site oficial do ECAP.<\/span><\/p>\n<p><span style=\"font-size: large;\"><b>12\u00ba Encontro Cient\u00edfico da Alta Paulista (ECAP)<\/b><\/span><br \/>\n<span style=\"font-size: large;\"><b>Quando<\/b>: de 8 a 12 de novembro de 2021, \u00e0s 19h30<\/span><br \/>\n<span style=\"font-size: large;\"><b>Informa\u00e7\u00f5es<\/b>:\u00a0<a href=\"https:\/\/fundec.edu.br\/unifadra\/ecap\" target=\"_blank\" rel=\"noopener noreferrer\">https:\/\/fundec.edu.br\/unifadra\/ecap<\/a><\/span><\/p>\n<p><span style=\"font-size: large;\"><b>Submiss\u00e3o dos resumos<\/b>: at\u00e9 9 de outubro<\/span><br \/>\n<span style=\"font-size: large;\"><b>Inscri\u00e7\u00f5es (gratuitas)<\/b>: at\u00e9 o dia 3 de novembro<\/span><br \/>\n<span style=\"font-size: large;\"><b>Libera\u00e7\u00e3o do gradeamento<\/b>: at\u00e9 4 de novembro<\/span><br \/>\n<span style=\"font-size: large;\"><b>Certifica\u00e7\u00e3o<\/b>: 30 horas<\/span><\/p>\n<p><span style=\"font-size: large;\"><b>Encontro Cient\u00edfico da Alta Paulista (ECAP)<\/b><\/span><br \/>\n<span style=\"font-size: large;\"><b>Objetivos<\/b>: promover a atividade cient\u00edfica com palestrantes\/profissionais de reconhecimento nacional e internacional, permitindo a intera\u00e7\u00e3o de experi\u00eancias entre os participantes; divulgar a pesquisa cient\u00edfica realizada pelos alunos e docentes de Institui\u00e7\u00f5es de Ensino Superior; estimular o interesse pela inicia\u00e7\u00e3o cient\u00edfica entre os alunos e incentivar a pesquisa cient\u00edfica entre alunos e docentes da institui\u00e7\u00e3o promotora.<\/span><br \/>\n<span style=\"font-size: large;\"><b>Realiza\u00e7\u00e3o<\/b>: o evento \u00e9 desenvolvido por uma comiss\u00e3o organizadora, pelos departamentos de Ensino, Pesquisa e Extens\u00e3o e pelos cursos de gradua\u00e7\u00e3o da Unifadra.<\/span><\/p>\n<p>Fonte: Departamento de Comunica\u00e7\u00e3o da Fundec<\/p>\n","protected":false},"excerpt":{"rendered":"<p>Realizado anualmente, o evento visa divulgar a pesquisa cient\u00edfica de alunos e docentes de Institui\u00e7\u00f5es de Ensino Superior. Nos dias 8 a 12 de novembro de 2021, a Unifadra vai realizar o 12\u00ba Encontro Cient\u00edfico da Alta Paulista (ECAP). As inscri\u00e7\u00f5es est\u00e3o abertas, s\u00e3o gratuitas e prosseguem at\u00e9 o dia 3 de novembro. Para a [&hellip;]<\/p>\n","protected":false},"author":1,"featured_media":53826,"comment_status":"closed","ping_status":"open","sticky":false,"template":"","format":"standard","meta":{"footnotes":""},"categories":[110,122],"tags":[],"class_list":["post-53825","post","type-post","status-publish","format-standard","has-post-thumbnail","hentry","category-noticiasdestaque","category-saudeeducacaoeconcurso"],"_links":{"self":[{"href":"https:\/\/jorgezanoni.com.br\/2019\/wp-json\/wp\/v2\/posts\/53825","targetHints":{"allow":["GET"]}}],"collection":[{"href":"https:\/\/jorgezanoni.com.br\/2019\/wp-json\/wp\/v2\/posts"}],"about":[{"href":"https:\/\/jorgezanoni.com.br\/2019\/wp-json\/wp\/v2\/types\/post"}],"author":[{"embeddable":true,"href":"https:\/\/jorgezanoni.com.br\/2019\/wp-json\/wp\/v2\/users\/1"}],"replies":[{"embeddable":true,"href":"https:\/\/jorgezanoni.com.br\/2019\/wp-json\/wp\/v2\/comments?post=53825"}],"version-history":[{"count":0,"href":"https:\/\/jorgezanoni.com.br\/2019\/wp-json\/wp\/v2\/posts\/53825\/revisions"}],"wp:featuredmedia":[{"embeddable":true,"href":"https:\/\/jorgezanoni.com.br\/2019\/wp-json\/wp\/v2\/media\/53826"}],"wp:attachment":[{"href":"https:\/\/jorgezanoni.com.br\/2019\/wp-json\/wp\/v2\/media?parent=53825"}],"wp:term":[{"taxonomy":"category","embeddable":true,"href":"https:\/\/jorgezanoni.com.br\/2019\/wp-json\/wp\/v2\/categories?post=53825"},{"taxonomy":"post_tag","embeddable":true,"href":"https:\/\/jorgezanoni.com.br\/2019\/wp-json\/wp\/v2\/tags?post=53825"}],"curies":[{"name":"wp","href":"https:\/\/api.w.org\/{rel}","templated":true}]}}