{"id":53807,"date":"2021-09-15T15:25:16","date_gmt":"2021-09-15T15:25:16","guid":{"rendered":"https:\/\/jorgezanoni.com.br\/2019\/?p=53807"},"modified":"2021-09-16T01:16:59","modified_gmt":"2021-09-16T01:16:59","slug":"usp-corrige-informacao-e-tira-nome-de-dracena-de-epicentro-sobre-temor-de-terra","status":"publish","type":"post","link":"https:\/\/jorgezanoni.com.br\/2019\/usp-corrige-informacao-e-tira-nome-de-dracena-de-epicentro-sobre-temor-de-terra\/","title":{"rendered":"USP corrige informa\u00e7\u00e3o e tira nome de Dracena de Epicentro sobre Tremor de Terra"},"content":{"rendered":"<p style=\"text-align: justify;\"><strong>Divulga\u00e7\u00e3o feita no Site JZ com o T\u00edtulo:\u00a0Moradores relatam tremor de terra em Guaimb\u00ea, Dracena \u00e9 citada<\/strong><\/p>\n<p style=\"text-align: justify;\">LINK: https:\/\/jorgezanoni.com.br\/2019\/2021\/09\/15\/moradores-relatam-tremor-de-terra-em-guaimbe-dracena-e-citada\/<\/p>\n<p style=\"text-align: justify;\">Como os amigos Internautas podem observar, na foto de Capa, aparece Dracena, mas a situa\u00e7\u00e3o foi resolvida.<\/p>\n<p style=\"text-align: justify;\">DRACENA al\u00e9m da foto de capa, aparece na mat\u00e9ria neste link: https:\/\/www.giromarilia.com.br\/noticia\/giro-cidades\/tremor-de-terra-assusta-moradores-em-cidades-na-regiao-de-marilia-veja-video\/<\/p>\n<p style=\"text-align: justify;\">Segundo informa\u00e7\u00f5es obtidas, a \u00e1rea que foi sentido o tremor compreende mais os munic\u00edpios de Guaimb\u00e9 e regi\u00e3o de Lins.<\/p>\n<p>Jorge Zanoni<\/p>\n<p>&nbsp;<\/p>\n","protected":false},"excerpt":{"rendered":"<p>Divulga\u00e7\u00e3o feita no Site JZ com o T\u00edtulo:\u00a0Moradores relatam tremor de terra em Guaimb\u00ea, Dracena \u00e9 citada LINK: https:\/\/jorgezanoni.com.br\/2019\/2021\/09\/15\/moradores-relatam-tremor-de-terra-em-guaimbe-dracena-e-citada\/ Como os amigos Internautas podem observar, na foto de Capa, aparece Dracena, mas a situa\u00e7\u00e3o foi resolvida. DRACENA al\u00e9m da foto de capa, aparece na mat\u00e9ria neste link: https:\/\/www.giromarilia.com.br\/noticia\/giro-cidades\/tremor-de-terra-assusta-moradores-em-cidades-na-regiao-de-marilia-veja-video\/ Segundo informa\u00e7\u00f5es obtidas, a \u00e1rea que foi [&hellip;]<\/p>\n","protected":false},"author":1,"featured_media":53808,"comment_status":"closed","ping_status":"open","sticky":false,"template":"","format":"standard","meta":{"footnotes":""},"categories":[114,110],"tags":[],"class_list":["post-53807","post","type-post","status-publish","format-standard","has-post-thumbnail","hentry","category-geralecomercio","category-noticiasdestaque"],"_links":{"self":[{"href":"https:\/\/jorgezanoni.com.br\/2019\/wp-json\/wp\/v2\/posts\/53807","targetHints":{"allow":["GET"]}}],"collection":[{"href":"https:\/\/jorgezanoni.com.br\/2019\/wp-json\/wp\/v2\/posts"}],"about":[{"href":"https:\/\/jorgezanoni.com.br\/2019\/wp-json\/wp\/v2\/types\/post"}],"author":[{"embeddable":true,"href":"https:\/\/jorgezanoni.com.br\/2019\/wp-json\/wp\/v2\/users\/1"}],"replies":[{"embeddable":true,"href":"https:\/\/jorgezanoni.com.br\/2019\/wp-json\/wp\/v2\/comments?post=53807"}],"version-history":[{"count":0,"href":"https:\/\/jorgezanoni.com.br\/2019\/wp-json\/wp\/v2\/posts\/53807\/revisions"}],"wp:featuredmedia":[{"embeddable":true,"href":"https:\/\/jorgezanoni.com.br\/2019\/wp-json\/wp\/v2\/media\/53808"}],"wp:attachment":[{"href":"https:\/\/jorgezanoni.com.br\/2019\/wp-json\/wp\/v2\/media?parent=53807"}],"wp:term":[{"taxonomy":"category","embeddable":true,"href":"https:\/\/jorgezanoni.com.br\/2019\/wp-json\/wp\/v2\/categories?post=53807"},{"taxonomy":"post_tag","embeddable":true,"href":"https:\/\/jorgezanoni.com.br\/2019\/wp-json\/wp\/v2\/tags?post=53807"}],"curies":[{"name":"wp","href":"https:\/\/api.w.org\/{rel}","templated":true}]}}