{"id":53787,"date":"2021-09-15T14:20:03","date_gmt":"2021-09-15T14:20:03","guid":{"rendered":"https:\/\/jorgezanoni.com.br\/2019\/?p=53787"},"modified":"2021-09-15T14:22:53","modified_gmt":"2021-09-15T14:22:53","slug":"moradores-relatam-tremor-de-terra-em-guaimbe-dracena-e-citada","status":"publish","type":"post","link":"https:\/\/jorgezanoni.com.br\/2019\/moradores-relatam-tremor-de-terra-em-guaimbe-dracena-e-citada\/","title":{"rendered":"Moradores relatam tremor de terra em Guaimb\u00ea, Dracena \u00e9 citada"},"content":{"rendered":"<h2 style=\"text-align: justify;\"><strong>VEJA NESTE LINK QUE DRACENA \u00c9 CITADA:<\/strong> https:\/\/www.giromarilia.com.br\/noticia\/giro-cidades\/tremor-de-terra-assusta-moradores-em-cidades-na-regiao-de-marilia-veja-video\/73729<\/h2>\n<h2 class=\"content-head__subtitle\" style=\"text-align: justify;\"><strong>Essa \u00e9 a segunda vez no ano que o abalo s\u00edsmico \u00e9 sentido por moradores na cidade. Centro de Sismologia da USP confirmou o tremor, de magnitude de 3.6.<\/strong><\/h2>\n<div class=\"row medium-uncollapsed content-media content-photo\" style=\"text-align: justify;\" data-block-type=\"backstage-photo\" data-block-id=\"4\">\n<div class=\"mc-column content-media__container\">\n<div class=\"content-media-container glb-skeleton-box\">\n<figure class=\"content-media-figure\"><img decoding=\"async\" class=\"i-amphtml-fill-content i-amphtml-replaced-content\" src=\"https:\/\/s2.glbimg.com\/c4xauKKPUSbYerKcDaxsUXzW86k=\/0x0:968x447\/984x0\/smart\/filters:strip_icc()\/i.s3.glbimg.com\/v1\/AUTH_59edd422c0c84a879bd37670ae4f538a\/internal_photos\/bs\/2021\/0\/R\/VJjODoRLmZUMU96gKwfQ\/guaimbe-tremor-setembro.jpg\" sizes=\"(max-width: 1366px) 648px, 100vw\" srcset=\"https:\/\/s2.glbimg.com\/RbmPxYl9zYjYuaDug2t9Yq-Kcuw=\/0x0:968x447\/1000x0\/smart\/filters:strip_icc()\/i.s3.glbimg.com\/v1\/AUTH_59edd422c0c84a879bd37670ae4f538a\/internal_photos\/bs\/2021\/0\/R\/VJjODoRLmZUMU96gKwfQ\/guaimbe-tremor-setembro.jpg 1000w, https:\/\/s2.glbimg.com\/c4xauKKPUSbYerKcDaxsUXzW86k=\/0x0:968x447\/984x0\/smart\/filters:strip_icc()\/i.s3.glbimg.com\/v1\/AUTH_59edd422c0c84a879bd37670ae4f538a\/internal_photos\/bs\/2021\/0\/R\/VJjODoRLmZUMU96gKwfQ\/guaimbe-tremor-setembro.jpg 984w, https:\/\/s2.glbimg.com\/0t8UvbfpOKacgKwFL_HTDSTO8Kc=\/0x0:968x447\/640x0\/smart\/filters:strip_icc()\/i.s3.glbimg.com\/v1\/AUTH_59edd422c0c84a879bd37670ae4f538a\/internal_photos\/bs\/2021\/0\/R\/VJjODoRLmZUMU96gKwfQ\/guaimbe-tremor-setembro.jpg 640w, https:\/\/s2.glbimg.com\/sxVOXC2a4TlREHlJ6yrMdsZmq6k=\/0x0:968x447\/600x0\/smart\/filters:strip_icc()\/i.s3.glbimg.com\/v1\/AUTH_59edd422c0c84a879bd37670ae4f538a\/internal_photos\/bs\/2021\/0\/R\/VJjODoRLmZUMU96gKwfQ\/guaimbe-tremor-setembro.jpg 600w\" alt=\"Tremor em Guaimb\u00ea foi registrado pelo Centro de Sismologia da USP \u2014 Foto: Centro de Sismologia da USP\/ Reprodu\u00e7\u00e3o\" \/><\/figure>\n<\/div>\n<p class=\"content-media__description \">Tremor em Guaimb\u00ea foi registrado pelo Centro de Sismologia da USP \u2014 Foto: Centro de Sismologia da USP\/ Reprodu\u00e7\u00e3o<\/p>\n<\/div>\n<\/div>\n<div class=\"row medium-uncollapsed content-media content-photo\" data-block-type=\"backstage-photo\" data-block-id=\"5\">\n<div class=\"mc-column content-media__container\">\n<div class=\"content-media-container glb-skeleton-box\" style=\"text-align: justify;\">\n<figure class=\"content-media-figure\"><img decoding=\"async\" class=\"i-amphtml-fill-content i-amphtml-replaced-content\" src=\"https:\/\/s2.glbimg.com\/-VQ7pD3hb5X-Im_6_PhvpiNbSsM=\/0x0:819x596\/984x0\/smart\/filters:strip_icc()\/i.s3.glbimg.com\/v1\/AUTH_59edd422c0c84a879bd37670ae4f538a\/internal_photos\/bs\/2021\/F\/G\/f66B5ET76Z7gWBo0dUbg\/tremor-guaimbe-setembro.jpg\" sizes=\"(max-width: 1366px) 648px, 100vw\" srcset=\"https:\/\/s2.glbimg.com\/2JJ9EnCdziY_RZRA-yJpUzXVnK0=\/0x0:819x596\/1000x0\/smart\/filters:strip_icc()\/i.s3.glbimg.com\/v1\/AUTH_59edd422c0c84a879bd37670ae4f538a\/internal_photos\/bs\/2021\/F\/G\/f66B5ET76Z7gWBo0dUbg\/tremor-guaimbe-setembro.jpg 1000w, https:\/\/s2.glbimg.com\/-VQ7pD3hb5X-Im_6_PhvpiNbSsM=\/0x0:819x596\/984x0\/smart\/filters:strip_icc()\/i.s3.glbimg.com\/v1\/AUTH_59edd422c0c84a879bd37670ae4f538a\/internal_photos\/bs\/2021\/F\/G\/f66B5ET76Z7gWBo0dUbg\/tremor-guaimbe-setembro.jpg 984w, https:\/\/s2.glbimg.com\/axxg1d10TnnddIHriaKcME6fXWc=\/0x0:819x596\/640x0\/smart\/filters:strip_icc()\/i.s3.glbimg.com\/v1\/AUTH_59edd422c0c84a879bd37670ae4f538a\/internal_photos\/bs\/2021\/F\/G\/f66B5ET76Z7gWBo0dUbg\/tremor-guaimbe-setembro.jpg 640w, https:\/\/s2.glbimg.com\/_OTJKKphd5SCNm827USBQX1xWHk=\/0x0:819x596\/600x0\/smart\/filters:strip_icc()\/i.s3.glbimg.com\/v1\/AUTH_59edd422c0c84a879bd37670ae4f538a\/internal_photos\/bs\/2021\/F\/G\/f66B5ET76Z7gWBo0dUbg\/tremor-guaimbe-setembro.jpg 600w\" alt=\"Moradora relatou tremor de terra de intensidade moderada em Guaimb\u00ea no site do Centro de Sismologia \u2014 Foto: Centro de Sismologia da USP\/ Reprodu\u00e7\u00e3o \" \/><\/figure>\n<\/div>\n<p class=\"content-media__description \" style=\"text-align: justify;\">Moradora relatou tremor de terra de intensidade moderada em Guaimb\u00ea no site do Centro de Sismologia \u2014 Foto: Centro de Sismologia da USP\/ Reprodu\u00e7\u00e3o<\/p>\n<div class=\"mc-column content-text active-extra-styles \" style=\"text-align: justify;\" data-block-type=\"unstyled\" data-block-weight=\"39\" data-block-id=\"7\">\n<p class=\"content-text__container \" data-track-category=\"Link no Texto\" data-track-links=\"\">Moradores comentaram no Facebook que sentiram o tremor. Um dos internautas escreveu \u201cPensei que a casa estava caindo aqui\u201d, outro disse que acordou com a cama mexendo e uma moradora contou que correu para rua ainda de pijama.<\/p>\n<\/div>\n<div class=\"row medium-uncollapsed content-media content-photo\" style=\"text-align: justify;\" data-block-type=\"backstage-photo\" data-block-id=\"8\">\n<div class=\"mc-column content-media__container\">\n<div class=\"content-media-container glb-skeleton-box\">\n<figure class=\"content-media-figure\"><img decoding=\"async\" class=\"i-amphtml-fill-content i-amphtml-replaced-content\" src=\"https:\/\/s2.glbimg.com\/BwHGtVNelQujJL4YDxsfSRIUAyk=\/0x0:1212x655\/984x0\/smart\/filters:strip_icc()\/i.s3.glbimg.com\/v1\/AUTH_59edd422c0c84a879bd37670ae4f538a\/internal_photos\/bs\/2021\/M\/2\/tDUK6wSq2ynkoWgsfz9A\/tremeu-2.jpg\" sizes=\"(max-width: 1366px) 648px, 100vw\" srcset=\"https:\/\/s2.glbimg.com\/DOwubxGYWgL2PWVaPoAvqySsmnE=\/0x0:1212x655\/1000x0\/smart\/filters:strip_icc()\/i.s3.glbimg.com\/v1\/AUTH_59edd422c0c84a879bd37670ae4f538a\/internal_photos\/bs\/2021\/M\/2\/tDUK6wSq2ynkoWgsfz9A\/tremeu-2.jpg 1000w, https:\/\/s2.glbimg.com\/BwHGtVNelQujJL4YDxsfSRIUAyk=\/0x0:1212x655\/984x0\/smart\/filters:strip_icc()\/i.s3.glbimg.com\/v1\/AUTH_59edd422c0c84a879bd37670ae4f538a\/internal_photos\/bs\/2021\/M\/2\/tDUK6wSq2ynkoWgsfz9A\/tremeu-2.jpg 984w, https:\/\/s2.glbimg.com\/dZQkWExn8UrwUCaAaPjijC8DP6Y=\/0x0:1212x655\/640x0\/smart\/filters:strip_icc()\/i.s3.glbimg.com\/v1\/AUTH_59edd422c0c84a879bd37670ae4f538a\/internal_photos\/bs\/2021\/M\/2\/tDUK6wSq2ynkoWgsfz9A\/tremeu-2.jpg 640w, https:\/\/s2.glbimg.com\/n3NarpUliS3-WXM9xojhqvjIsy8=\/0x0:1212x655\/600x0\/smart\/filters:strip_icc()\/i.s3.glbimg.com\/v1\/AUTH_59edd422c0c84a879bd37670ae4f538a\/internal_photos\/bs\/2021\/M\/2\/tDUK6wSq2ynkoWgsfz9A\/tremeu-2.jpg 600w\" alt=\"Moradores contaram nas redes sociais que sentiram tremor de terra em Guaimb\u00ea \u2014 Foto: Reprodu\u00e7\u00e3o\/Facebook\" \/><\/figure>\n<\/div>\n<p class=\"content-media__description \">Moradores contaram nas redes sociais que sentiram tremor de terra em Guaimb\u00ea \u2014 Foto: Reprodu\u00e7\u00e3o\/Facebook<\/p>\n<\/div>\n<\/div>\n<div class=\"mc-column content-text active-extra-styles \" style=\"text-align: justify;\" data-block-type=\"unstyled\" data-block-weight=\"30\" data-block-id=\"9\">\n<p class=\"content-text__container \" data-track-category=\"Link no Texto\" data-track-links=\"\">Essa \u00e9 a segunda vez neste ano que tremores s\u00e3o sentidos em Guaimb\u00ea. Em mar\u00e7o, o Centro de Sismologia da USP\u00a0<a href=\"https:\/\/g1.globo.com\/sp\/bauru-marilia\/noticia\/2021\/03\/17\/guaimbe-registra-tremor-de-terra-de-magnitude-30.ghtml\">registrou um tremor de terra de magnitude 3.0.<\/a><\/p>\n<\/div>\n<div class=\"mc-column content-text active-extra-styles \" style=\"text-align: justify;\" data-block-type=\"unstyled\" data-block-weight=\"33\" data-block-id=\"10\">\n<p class=\"content-text__container \" data-track-category=\"Link no Texto\" data-track-links=\"\">Segundo o professor do Centro de Sismologia da USP, Marcelo Assump\u00e7\u00e3o, o tremor \u00e9 considerado de magnitude pequena e compat\u00edvel com o fato de ter sido sentido num raio de 30 km.<\/p>\n<\/div>\n<div class=\"mc-column content-text active-extra-styles \" style=\"text-align: justify;\" data-block-type=\"unstyled\" data-block-weight=\"52\" data-block-id=\"11\">\n<p class=\"content-text__container \" data-track-category=\"Link no Texto\" data-track-links=\"\">\u201cPequenos tremores assim podem ocorrer em qualquer lugar do Brasil e se devem a press\u00f5es geol\u00f3gicas presentes da crosta terrestre. N\u00e3o sabemos exatamente por que j\u00e1 ocorreram outros tremores em Guaimb\u00ea anteriormente, mas n\u00e3o \u00e9 raro que algumas localidades no Brasil tenham tremores um pouco mais frequentes do que outras\u201d, explica.<\/p>\n<\/div>\n<div class=\"mc-column content-text active-extra-styles \" style=\"text-align: justify;\" data-block-type=\"unstyled\" data-block-weight=\"27\" data-block-id=\"12\">\n<p class=\"content-text__container \" data-track-category=\"Link no Texto\" data-track-links=\"\">Ainda de acordo com o professor, tremores de magnitude at\u00e9 4 raramente provocam algum dano, apenas susto em locais n\u00e3o acostumados com esse tipo de evento.<\/p>\n<\/div>\n<div class=\"row medium-uncollapsed content-media content-photo\" style=\"text-align: justify;\" data-block-type=\"backstage-photo\" data-block-id=\"13\">\n<div class=\"mc-column content-media__container\">\n<div class=\"content-media-container glb-skeleton-box\">\n<figure class=\"content-media-figure\"><img decoding=\"async\" class=\"i-amphtml-fill-content i-amphtml-replaced-content\" src=\"https:\/\/s2.glbimg.com\/2e7qi5XO3yhM07oDN3VUl2RlJB4=\/0x0:831x494\/984x0\/smart\/filters:strip_icc()\/i.s3.glbimg.com\/v1\/AUTH_59edd422c0c84a879bd37670ae4f538a\/internal_photos\/bs\/2021\/U\/O\/jrDouTRsOTI15H3WBf5w\/tremor-guaimbe1.jpg\" sizes=\"(max-width: 1366px) 648px, 100vw\" srcset=\"https:\/\/s2.glbimg.com\/vQ8J0ZSTico7dr4humDuC1EtncA=\/0x0:831x494\/1000x0\/smart\/filters:strip_icc()\/i.s3.glbimg.com\/v1\/AUTH_59edd422c0c84a879bd37670ae4f538a\/internal_photos\/bs\/2021\/U\/O\/jrDouTRsOTI15H3WBf5w\/tremor-guaimbe1.jpg 1000w, https:\/\/s2.glbimg.com\/2e7qi5XO3yhM07oDN3VUl2RlJB4=\/0x0:831x494\/984x0\/smart\/filters:strip_icc()\/i.s3.glbimg.com\/v1\/AUTH_59edd422c0c84a879bd37670ae4f538a\/internal_photos\/bs\/2021\/U\/O\/jrDouTRsOTI15H3WBf5w\/tremor-guaimbe1.jpg 984w, https:\/\/s2.glbimg.com\/b8AK4bP_6XoQBqmeZ9jv-GKZYps=\/0x0:831x494\/640x0\/smart\/filters:strip_icc()\/i.s3.glbimg.com\/v1\/AUTH_59edd422c0c84a879bd37670ae4f538a\/internal_photos\/bs\/2021\/U\/O\/jrDouTRsOTI15H3WBf5w\/tremor-guaimbe1.jpg 640w, https:\/\/s2.glbimg.com\/9avE-v5VKWJHvCt3Nxr0C5WmL1M=\/0x0:831x494\/600x0\/smart\/filters:strip_icc()\/i.s3.glbimg.com\/v1\/AUTH_59edd422c0c84a879bd37670ae4f538a\/internal_photos\/bs\/2021\/U\/O\/jrDouTRsOTI15H3WBf5w\/tremor-guaimbe1.jpg 600w\" alt=\"Outro tremor em Guaimb\u00ea foi registrado pelo Centro de Sismologia da USP em mar\u00e7o deste ano \u2014 Foto: Centro de Sismologia da USP\/ Reprodu\u00e7\u00e3o\/ Arquivo \" \/><\/figure>\n<\/div>\n<p class=\"content-media__description \">Outro tremor em Guaimb\u00ea foi registrado pelo Centro de Sismologia da USP em mar\u00e7o deste ano \u2014 Foto: Centro de Sismologia da USP\/ Reprodu\u00e7\u00e3o\/ Arquivo<\/p>\n<\/div>\n<\/div>\n<div class=\"content-ads content-ads--reveal\" data-block-type=\"ads\" data-block-id=\"14\">\n<div id=\"banner_materia__57993a19-0254-460a-8824-2fca9ee64393\" class=\"tag-manager-publicidade-container mc-has-reveal mc-has-ad-lazyload tag-manager-publicidade-banner_materia__57993a19-0254-460a-8824-2fca9ee64393 tag-manager-publicidade-container--carregado tag-manager-publicidade-container--visivel\" data-id=\"banner_materia__57993a19-0254-460a-8824-2fca9ee64393\" data-req=\"true\" data-google-query-id=\"CKri3aaTgfMCFZIDuQYdcOkNFw\" data-cid=\"138361186474\" data-lid=\"5774226217\">\n<div class=\"mc-column content-text active-extra-styles\" style=\"text-align: justify;\" data-block-type=\"raw\" data-block-weight=\"2\" data-block-id=\"15\">\n<div class=\"content-intertitle\">\n<h2>Outros casos<\/h2>\n<\/div>\n<\/div>\n<div class=\"mc-column content-text active-extra-styles \" style=\"text-align: justify;\" data-block-type=\"unstyled\" data-block-weight=\"42\" data-block-id=\"16\">\n<p class=\"content-text__container \" data-track-category=\"Link no Texto\" data-track-links=\"\">No ano passado, Tup\u00e3, tamb\u00e9m na regi\u00e3o de Mar\u00edlia, registrou<a href=\"https:\/\/g1.globo.com\/sp\/bauru-marilia\/noticia\/2020\/09\/25\/estacoes-de-sismologia-registram-tremor-de-magnitude-entre-24-e-25-na-regiao-de-tupa.ghtml\">\u00a0um tremor um pouco menor, de 2,4 a 2,5 de magnitude.<\/a>\u00a0O fen\u00f4meno tamb\u00e9m foi registrado pelo Centro de Sismologia da USP e pelo Observat\u00f3rio de Sismologia da Universidade de Bras\u00edlia (UNB).<\/p>\n<\/div>\n<div class=\"mc-column content-text active-extra-styles \" style=\"text-align: justify;\" data-block-type=\"unstyled\" data-block-weight=\"23\" data-block-id=\"17\">\n<p class=\"content-text__container \" data-track-category=\"Link no Texto\" data-track-links=\"\">Na \u00e9poca, o professor do Observat\u00f3rio Marcelo Peres Rocha explicou que esses tremores de baixa magnitude s\u00e3o resultados da acomoda\u00e7\u00e3o de placas tect\u00f4nicas.<\/p>\n<\/div>\n<div class=\"mc-column content-text active-extra-styles \" style=\"text-align: justify;\" data-block-type=\"unstyled\" data-block-weight=\"55\" data-block-id=\"18\">\n<p class=\"content-text__container \" data-track-category=\"Link no Texto\" data-track-links=\"\">A cidade\u00a0<a href=\"https:\/\/g1.globo.com\/sp\/bauru-marilia\/noticia\/2018\/07\/26\/moradores-relatam-tremor-de-terra-em-cidades-do-centro-oeste-paulista.ghtml\">tamb\u00e9m registrou um tremor semelhante em 2018, de magnitude 2,8<\/a>. Na \u00e9poca, um morador da cidade fez\u00a0<a href=\"https:\/\/g1.globo.com\/sp\/bauru-marilia\/noticia\/2018\/07\/26\/morador-registra-ao-vivo-tremor-de-terra-de-28-magnitude-no-interior-de-sp.ghtml\">um registro ao vivo do fen\u00f4meno<\/a>, que tamb\u00e9m foi sentido por moradores de Bastos e Hercul\u00e2ndia. O Corpo de Bombeiros de Tup\u00e3 recebeu mais de 100 liga\u00e7\u00f5es de pessoas assustadas sem saber o que tinha acontecido.<\/p>\n<\/div>\n<div class=\"row medium-uncollapsed content-media content-photo\" data-block-type=\"backstage-photo\" data-block-id=\"19\">\n<div class=\"mc-column content-media__container\">\n<div class=\"content-media-container glb-skeleton-box\" style=\"text-align: justify;\">\n<figure class=\"content-media-figure\"><img decoding=\"async\" class=\"i-amphtml-fill-content i-amphtml-replaced-content\" src=\"https:\/\/s2.glbimg.com\/87evog6uwVIB2LiwCCQBmzPXx_E=\/0x0:1202x670\/984x0\/smart\/filters:strip_icc()\/i.s3.glbimg.com\/v1\/AUTH_59edd422c0c84a879bd37670ae4f538a\/internal_photos\/bs\/2021\/x\/A\/Zu40bHRCmakPVlRAABaA\/tremeu-1.jpg\" sizes=\"(max-width: 1366px) 648px, 100vw\" srcset=\"https:\/\/s2.glbimg.com\/5LhyYsYP7g_TzPIwdRykirPvAtw=\/0x0:1202x670\/1000x0\/smart\/filters:strip_icc()\/i.s3.glbimg.com\/v1\/AUTH_59edd422c0c84a879bd37670ae4f538a\/internal_photos\/bs\/2021\/x\/A\/Zu40bHRCmakPVlRAABaA\/tremeu-1.jpg 1000w, https:\/\/s2.glbimg.com\/87evog6uwVIB2LiwCCQBmzPXx_E=\/0x0:1202x670\/984x0\/smart\/filters:strip_icc()\/i.s3.glbimg.com\/v1\/AUTH_59edd422c0c84a879bd37670ae4f538a\/internal_photos\/bs\/2021\/x\/A\/Zu40bHRCmakPVlRAABaA\/tremeu-1.jpg 984w, https:\/\/s2.glbimg.com\/3H3cgo3wkXTu01l-0ZCJ6Lp20R4=\/0x0:1202x670\/640x0\/smart\/filters:strip_icc()\/i.s3.glbimg.com\/v1\/AUTH_59edd422c0c84a879bd37670ae4f538a\/internal_photos\/bs\/2021\/x\/A\/Zu40bHRCmakPVlRAABaA\/tremeu-1.jpg 640w, https:\/\/s2.glbimg.com\/EIZ9L8XSFM_nemzq7ycw7Tx1gk0=\/0x0:1202x670\/600x0\/smart\/filters:strip_icc()\/i.s3.glbimg.com\/v1\/AUTH_59edd422c0c84a879bd37670ae4f538a\/internal_photos\/bs\/2021\/x\/A\/Zu40bHRCmakPVlRAABaA\/tremeu-1.jpg 600w\" alt=\"Moradores relatam nas redes sociais tremor de terra em Guaimb\u00ea \u2014 Foto: Reprodu\u00e7\u00e3o\/Facebook\" \/><\/figure>\n<\/div>\n<p class=\"content-media__description \" style=\"text-align: justify;\">Moradores relatam nas redes sociais tremor de terra em Guaimb\u00ea \u2014 Foto: Reprodu\u00e7\u00e3o\/Facebook<\/p>\n<p style=\"text-align: justify;\">Fonte: https:\/\/g1.globo.com\/sp\/bauru-marilia\/noticia\/2021\/09\/15\/moradores-relatam-nas-redes-sociais-tremor-de-terra-em-guaimbe.ghtml<\/p>\n<p>Foto de Capa: Giro Marilia<\/p>\n<p style=\"text-align: justify;\">\n<\/div>\n<\/div>\n<\/div>\n<\/div>\n<\/div>\n<\/div>\n","protected":false},"excerpt":{"rendered":"<p>VEJA NESTE LINK QUE DRACENA \u00c9 CITADA: https:\/\/www.giromarilia.com.br\/noticia\/giro-cidades\/tremor-de-terra-assusta-moradores-em-cidades-na-regiao-de-marilia-veja-video\/73729 Essa \u00e9 a segunda vez no ano que o abalo s\u00edsmico \u00e9 sentido por moradores na cidade. Centro de Sismologia da USP confirmou o tremor, de magnitude de 3.6. Tremor em Guaimb\u00ea foi registrado pelo Centro de Sismologia da USP \u2014 Foto: Centro de Sismologia da USP\/ [&hellip;]<\/p>\n","protected":false},"author":1,"featured_media":53788,"comment_status":"closed","ping_status":"open","sticky":false,"template":"","format":"standard","meta":{"footnotes":""},"categories":[114,110],"tags":[],"class_list":["post-53787","post","type-post","status-publish","format-standard","has-post-thumbnail","hentry","category-geralecomercio","category-noticiasdestaque"],"_links":{"self":[{"href":"https:\/\/jorgezanoni.com.br\/2019\/wp-json\/wp\/v2\/posts\/53787","targetHints":{"allow":["GET"]}}],"collection":[{"href":"https:\/\/jorgezanoni.com.br\/2019\/wp-json\/wp\/v2\/posts"}],"about":[{"href":"https:\/\/jorgezanoni.com.br\/2019\/wp-json\/wp\/v2\/types\/post"}],"author":[{"embeddable":true,"href":"https:\/\/jorgezanoni.com.br\/2019\/wp-json\/wp\/v2\/users\/1"}],"replies":[{"embeddable":true,"href":"https:\/\/jorgezanoni.com.br\/2019\/wp-json\/wp\/v2\/comments?post=53787"}],"version-history":[{"count":0,"href":"https:\/\/jorgezanoni.com.br\/2019\/wp-json\/wp\/v2\/posts\/53787\/revisions"}],"wp:featuredmedia":[{"embeddable":true,"href":"https:\/\/jorgezanoni.com.br\/2019\/wp-json\/wp\/v2\/media\/53788"}],"wp:attachment":[{"href":"https:\/\/jorgezanoni.com.br\/2019\/wp-json\/wp\/v2\/media?parent=53787"}],"wp:term":[{"taxonomy":"category","embeddable":true,"href":"https:\/\/jorgezanoni.com.br\/2019\/wp-json\/wp\/v2\/categories?post=53787"},{"taxonomy":"post_tag","embeddable":true,"href":"https:\/\/jorgezanoni.com.br\/2019\/wp-json\/wp\/v2\/tags?post=53787"}],"curies":[{"name":"wp","href":"https:\/\/api.w.org\/{rel}","templated":true}]}}