{"id":53784,"date":"2021-09-15T13:38:46","date_gmt":"2021-09-15T13:38:46","guid":{"rendered":"https:\/\/jorgezanoni.com.br\/2019\/?p=53784"},"modified":"2021-09-15T13:38:46","modified_gmt":"2021-09-15T13:38:46","slug":"apos-estouro-de-pneu-onibus-pega-fogo-na-rodovia-comandante-joao-ribeiro-de-barros","status":"publish","type":"post","link":"https:\/\/jorgezanoni.com.br\/2019\/apos-estouro-de-pneu-onibus-pega-fogo-na-rodovia-comandante-joao-ribeiro-de-barros\/","title":{"rendered":"Ap\u00f3s estouro de pneu, \u00f4nibus pega fogo na Rodovia Comandante Jo\u00e3o Ribeiro de Barros"},"content":{"rendered":"<h2 class=\"content-head__subtitle\" style=\"text-align: justify;\"><strong>Motorista e tr\u00eas passageiros estavam no ve\u00edculo no momento da ocorr\u00eancia, em Panorama. Ningu\u00e9m ficou ferido.<\/strong><\/h2>\n<div class=\"mc-column content-text active-extra-styles \" data-block-type=\"unstyled\" data-block-weight=\"31\" data-block-id=\"2\">\n<p class=\"content-text__container \" style=\"text-align: justify;\" data-track-category=\"Link no Texto\" data-track-links=\"\">Um \u00f4nibus pegou fogo na Rodovia Comandante Jo\u00e3o Ribeiro de Barros (SP-294), em\u00a0<a href=\"http:\/\/g1.globo.com\/sp\/presidente-prudente-regiao\/cidade\/panorama.html\">Panorama (SP)<\/a>. O inc\u00eandio mobilizou equipes policiais e de uma usina por volta das 23h50 desta ter\u00e7a-feira (14).<\/p>\n<\/div>\n<div class=\"wall protected-content\">\n<div class=\"mc-column content-text active-extra-styles \" style=\"text-align: justify;\" data-block-type=\"unstyled\" data-block-weight=\"36\" data-block-id=\"3\">\n<p class=\"content-text__container \" data-track-category=\"Link no Texto\" data-track-links=\"\">De acordo com a Pol\u00edcia Rodovi\u00e1ria, o ve\u00edculo fazia a linha Panorama \u2013 Dracena trafegava pela rodovia quando no km 684,900 o pneu traseiro direito estourou. O motorista desembarcou do \u00f4nibus e j\u00e1 constatou o fogo.<\/p>\n<\/div>\n<div class=\"mc-column content-text active-extra-styles \" data-block-type=\"unstyled\" data-block-weight=\"13\" data-block-id=\"4\">\n<p class=\"content-text__container \" style=\"text-align: justify;\" data-track-category=\"Link no Texto\" data-track-links=\"\">O motorista n\u00e3o conseguiu controlar as chamas e o ve\u00edculo ficou destru\u00eddo.<\/p>\n<\/div>\n<div class=\"row medium-uncollapsed content-media content-photo\" data-block-type=\"backstage-photo\" data-block-id=\"5\">\n<div class=\"mc-column content-media__container\">\n<div class=\"content-media-container glb-skeleton-box\">\n<figure class=\"content-media-figure\"><img decoding=\"async\" class=\"i-amphtml-fill-content i-amphtml-replaced-content\" src=\"https:\/\/s2.glbimg.com\/hTb7KhecA6VpKav2gH3zEDyt0As=\/0x0:1280x720\/984x0\/smart\/filters:strip_icc()\/i.s3.glbimg.com\/v1\/AUTH_59edd422c0c84a879bd37670ae4f538a\/internal_photos\/bs\/2021\/0\/o\/XT9xBdQe25YaczEie32w\/t249fl6141bf803aff9.jpeg\" sizes=\"(max-width: 1366px) 648px, 100vw\" srcset=\"https:\/\/s2.glbimg.com\/Bv8f6hFDzgrXfVmvquzLILaE820=\/0x0:1280x720\/1000x0\/smart\/filters:strip_icc()\/i.s3.glbimg.com\/v1\/AUTH_59edd422c0c84a879bd37670ae4f538a\/internal_photos\/bs\/2021\/0\/o\/XT9xBdQe25YaczEie32w\/t249fl6141bf803aff9.jpeg 1000w, https:\/\/s2.glbimg.com\/hTb7KhecA6VpKav2gH3zEDyt0As=\/0x0:1280x720\/984x0\/smart\/filters:strip_icc()\/i.s3.glbimg.com\/v1\/AUTH_59edd422c0c84a879bd37670ae4f538a\/internal_photos\/bs\/2021\/0\/o\/XT9xBdQe25YaczEie32w\/t249fl6141bf803aff9.jpeg 984w, https:\/\/s2.glbimg.com\/VwS5qArUkHXDewNiWA-3T_jCYJg=\/0x0:1280x720\/640x0\/smart\/filters:strip_icc()\/i.s3.glbimg.com\/v1\/AUTH_59edd422c0c84a879bd37670ae4f538a\/internal_photos\/bs\/2021\/0\/o\/XT9xBdQe25YaczEie32w\/t249fl6141bf803aff9.jpeg 640w, https:\/\/s2.glbimg.com\/t5_vPoW4HxwDmp3fXEMSdSK1EcM=\/0x0:1280x720\/600x0\/smart\/filters:strip_icc()\/i.s3.glbimg.com\/v1\/AUTH_59edd422c0c84a879bd37670ae4f538a\/internal_photos\/bs\/2021\/0\/o\/XT9xBdQe25YaczEie32w\/t249fl6141bf803aff9.jpeg 600w\" alt=\"\u00d4nibus ficou destru\u00eddo devido ao inc\u00eandio, em Panorama \u2014 Foto: Pol\u00edcia Rodovi\u00e1ria\" \/><\/figure>\n<\/div>\n<p class=\"content-media__description \" style=\"text-align: justify;\">\u00d4nibus ficou destru\u00eddo devido ao inc\u00eandio, em Panorama \u2014 Foto: Pol\u00edcia Rodovi\u00e1ria<\/p>\n<\/div>\n<\/div>\n<div class=\"mc-column content-text active-extra-styles \" style=\"text-align: justify;\" data-block-type=\"unstyled\" data-block-weight=\"18\" data-block-id=\"6\">\n<p class=\"content-text__container \" data-track-category=\"Link no Texto\" data-track-links=\"\">Al\u00e9m do condutor, no momento do acidente estavam mais tr\u00eas passageiros no \u00f4nibus. Ningu\u00e9m se se feriu.<\/p>\n<\/div>\n<div class=\"mc-column content-text active-extra-styles \" data-block-type=\"unstyled\" data-block-weight=\"23\" data-block-id=\"7\">\n<p class=\"content-text__container \" style=\"text-align: justify;\" data-track-category=\"Link no Texto\" data-track-links=\"\">O inc\u00eandio foi controlo por funcion\u00e1rios de uma usina. Quando o Corpo de Bombeiros de Dracena chegou o fogo j\u00e1 havia sido controlado.<\/p>\n<div class=\"row medium-uncollapsed content-media content-photo\" data-block-type=\"backstage-photo\" data-block-id=\"9\">\n<div class=\"mc-column content-media__container\">\n<div class=\"content-media-container glb-skeleton-box\">\n<figure class=\"content-media-figure\"><img decoding=\"async\" class=\"i-amphtml-fill-content i-amphtml-replaced-content\" src=\"https:\/\/s2.glbimg.com\/WiOZs5mCH57tuKncJVCvKSN-E88=\/0x0:1280x720\/984x0\/smart\/filters:strip_icc()\/i.s3.glbimg.com\/v1\/AUTH_59edd422c0c84a879bd37670ae4f538a\/internal_photos\/bs\/2021\/n\/J\/b1Mb0xSqGADpAujJvBhQ\/t249fl6141bf80482f6.jpeg\" sizes=\"(max-width: 1366px) 648px, 100vw\" srcset=\"https:\/\/s2.glbimg.com\/77jFVf4_IJHQnTq1WOrQlFkKmMk=\/0x0:1280x720\/1000x0\/smart\/filters:strip_icc()\/i.s3.glbimg.com\/v1\/AUTH_59edd422c0c84a879bd37670ae4f538a\/internal_photos\/bs\/2021\/n\/J\/b1Mb0xSqGADpAujJvBhQ\/t249fl6141bf80482f6.jpeg 1000w, https:\/\/s2.glbimg.com\/WiOZs5mCH57tuKncJVCvKSN-E88=\/0x0:1280x720\/984x0\/smart\/filters:strip_icc()\/i.s3.glbimg.com\/v1\/AUTH_59edd422c0c84a879bd37670ae4f538a\/internal_photos\/bs\/2021\/n\/J\/b1Mb0xSqGADpAujJvBhQ\/t249fl6141bf80482f6.jpeg 984w, https:\/\/s2.glbimg.com\/N2oxANbwxHdC_xUZBqmXxY6dr-4=\/0x0:1280x720\/640x0\/smart\/filters:strip_icc()\/i.s3.glbimg.com\/v1\/AUTH_59edd422c0c84a879bd37670ae4f538a\/internal_photos\/bs\/2021\/n\/J\/b1Mb0xSqGADpAujJvBhQ\/t249fl6141bf80482f6.jpeg 640w, https:\/\/s2.glbimg.com\/B_sKRAQtcskhP6Jz-n5fLZpuNPQ=\/0x0:1280x720\/600x0\/smart\/filters:strip_icc()\/i.s3.glbimg.com\/v1\/AUTH_59edd422c0c84a879bd37670ae4f538a\/internal_photos\/bs\/2021\/n\/J\/b1Mb0xSqGADpAujJvBhQ\/t249fl6141bf80482f6.jpeg 600w\" alt=\"\u00d4nibus ficou destru\u00eddo devido ao inc\u00eandio, em Panorama \u2014 Foto: Pol\u00edcia Rodovi\u00e1ria\" \/><\/figure>\n<\/div>\n<p class=\"content-media__description \">\u00d4nibus ficou destru\u00eddo devido ao inc\u00eandio, em Panorama \u2014 Foto: Pol\u00edcia Rodovi\u00e1ria<\/p>\n<\/div>\n<\/div>\n<div class=\"row medium-uncollapsed content-media content-photo\" data-block-type=\"backstage-photo\" data-block-id=\"10\">\n<div class=\"mc-column content-media__container\">\n<div class=\"content-media-container glb-skeleton-box\">\n<figure class=\"content-media-figure\"><img decoding=\"async\" class=\"i-amphtml-fill-content i-amphtml-replaced-content\" src=\"https:\/\/s2.glbimg.com\/7aaapvr11Qn0hC49eG4_od8nNqk=\/0x0:1280x720\/984x0\/smart\/filters:strip_icc()\/i.s3.glbimg.com\/v1\/AUTH_59edd422c0c84a879bd37670ae4f538a\/internal_photos\/bs\/2021\/E\/t\/OryMWSRkWOqEjsSpdP7g\/t249fl6141bf803482b.jpeg\" sizes=\"(max-width: 1366px) 648px, 100vw\" srcset=\"https:\/\/s2.glbimg.com\/tkz2mCSaRKxNYgx52dhj17PPZ6M=\/0x0:1280x720\/1000x0\/smart\/filters:strip_icc()\/i.s3.glbimg.com\/v1\/AUTH_59edd422c0c84a879bd37670ae4f538a\/internal_photos\/bs\/2021\/E\/t\/OryMWSRkWOqEjsSpdP7g\/t249fl6141bf803482b.jpeg 1000w, https:\/\/s2.glbimg.com\/7aaapvr11Qn0hC49eG4_od8nNqk=\/0x0:1280x720\/984x0\/smart\/filters:strip_icc()\/i.s3.glbimg.com\/v1\/AUTH_59edd422c0c84a879bd37670ae4f538a\/internal_photos\/bs\/2021\/E\/t\/OryMWSRkWOqEjsSpdP7g\/t249fl6141bf803482b.jpeg 984w, https:\/\/s2.glbimg.com\/3mc8FWgbDijtU3fYIIzLgQj56wc=\/0x0:1280x720\/640x0\/smart\/filters:strip_icc()\/i.s3.glbimg.com\/v1\/AUTH_59edd422c0c84a879bd37670ae4f538a\/internal_photos\/bs\/2021\/E\/t\/OryMWSRkWOqEjsSpdP7g\/t249fl6141bf803482b.jpeg 640w, https:\/\/s2.glbimg.com\/gGZn1Y2PcLKVQTold_OVUko1Wc8=\/0x0:1280x720\/600x0\/smart\/filters:strip_icc()\/i.s3.glbimg.com\/v1\/AUTH_59edd422c0c84a879bd37670ae4f538a\/internal_photos\/bs\/2021\/E\/t\/OryMWSRkWOqEjsSpdP7g\/t249fl6141bf803482b.jpeg 600w\" alt=\"\u00d4nibus ficou destru\u00eddo devido ao inc\u00eandio, em Panorama \u2014 Foto: Pol\u00edcia Rodovi\u00e1ria \" \/><\/figure>\n<\/div>\n<p class=\"content-media__description \">\u00d4nibus ficou destru\u00eddo devido ao inc\u00eandio, em Panorama \u2014 Foto: Pol\u00edcia Rodovi\u00e1ria<\/p>\n<p>Fotos Cedida\/PMR.<\/p>\n<p>Fonte: G1<\/p>\n<\/div>\n<\/div>\n<\/div>\n<\/div>\n","protected":false},"excerpt":{"rendered":"<p>Motorista e tr\u00eas passageiros estavam no ve\u00edculo no momento da ocorr\u00eancia, em Panorama. Ningu\u00e9m ficou ferido. Um \u00f4nibus pegou fogo na Rodovia Comandante Jo\u00e3o Ribeiro de Barros (SP-294), em\u00a0Panorama (SP). O inc\u00eandio mobilizou equipes policiais e de uma usina por volta das 23h50 desta ter\u00e7a-feira (14). De acordo com a Pol\u00edcia Rodovi\u00e1ria, o ve\u00edculo fazia [&hellip;]<\/p>\n","protected":false},"author":1,"featured_media":53785,"comment_status":"closed","ping_status":"open","sticky":false,"template":"","format":"standard","meta":{"footnotes":""},"categories":[170,110],"tags":[],"class_list":["post-53784","post","type-post","status-publish","format-standard","has-post-thumbnail","hentry","category-acidentes","category-noticiasdestaque"],"_links":{"self":[{"href":"https:\/\/jorgezanoni.com.br\/2019\/wp-json\/wp\/v2\/posts\/53784","targetHints":{"allow":["GET"]}}],"collection":[{"href":"https:\/\/jorgezanoni.com.br\/2019\/wp-json\/wp\/v2\/posts"}],"about":[{"href":"https:\/\/jorgezanoni.com.br\/2019\/wp-json\/wp\/v2\/types\/post"}],"author":[{"embeddable":true,"href":"https:\/\/jorgezanoni.com.br\/2019\/wp-json\/wp\/v2\/users\/1"}],"replies":[{"embeddable":true,"href":"https:\/\/jorgezanoni.com.br\/2019\/wp-json\/wp\/v2\/comments?post=53784"}],"version-history":[{"count":0,"href":"https:\/\/jorgezanoni.com.br\/2019\/wp-json\/wp\/v2\/posts\/53784\/revisions"}],"wp:featuredmedia":[{"embeddable":true,"href":"https:\/\/jorgezanoni.com.br\/2019\/wp-json\/wp\/v2\/media\/53785"}],"wp:attachment":[{"href":"https:\/\/jorgezanoni.com.br\/2019\/wp-json\/wp\/v2\/media?parent=53784"}],"wp:term":[{"taxonomy":"category","embeddable":true,"href":"https:\/\/jorgezanoni.com.br\/2019\/wp-json\/wp\/v2\/categories?post=53784"},{"taxonomy":"post_tag","embeddable":true,"href":"https:\/\/jorgezanoni.com.br\/2019\/wp-json\/wp\/v2\/tags?post=53784"}],"curies":[{"name":"wp","href":"https:\/\/api.w.org\/{rel}","templated":true}]}}