{"id":53762,"date":"2021-09-15T00:14:08","date_gmt":"2021-09-15T00:14:08","guid":{"rendered":"https:\/\/jorgezanoni.com.br\/2019\/?p=53762"},"modified":"2021-09-15T00:15:33","modified_gmt":"2021-09-15T00:15:33","slug":"prefeita-barbara-busca-parceria-na-saude-com-curso-de-medicina-da-unifadra","status":"publish","type":"post","link":"https:\/\/jorgezanoni.com.br\/2019\/prefeita-barbara-busca-parceria-na-saude-com-curso-de-medicina-da-unifadra\/","title":{"rendered":"Prefeita B\u00e1rbara busca parceria na sa\u00fade com curso de medicina da Unifadra"},"content":{"rendered":"<p style=\"text-align: justify;\"><span style=\"font-size: large;\">Na \u00faltima sexta-feira (10), a prefeita B\u00e1rbara Vilches (PV) recebeu em seu gabinete os diretores da faculdade Unifadra de Dracena, representantes da Fundec (mantenedora da Unifadra) e o deputado estadual Reinaldo Alguz (PV). Na oportunidade foi discutida uma nova parceria da prefeitura de Presidente Venceslau com o curso de medicina da Unifadra. O objetivo \u00e9 oferecer melhorias no servi\u00e7o de sa\u00fade do munic\u00edpio.<\/span><\/p>\n<p><span style=\"font-size: large;\">A prefeita B\u00e1rbara, ao lado da secret\u00e1ria municipal de sa\u00fade, Lianir Aguillar, detalhou a demanda da cidade, e mostrou preocupa\u00e7\u00e3o em oferecer servi\u00e7os relacionados \u00e0 recupera\u00e7\u00e3o de pacientes no p\u00f3s covid e sa\u00fade mental. &#8220;Sabemos das dificuldades e limita\u00e7\u00f5es que a popula\u00e7\u00e3o tem em rela\u00e7\u00e3o \u00e0 sa\u00fade, esse \u00e9 um problema geral no pa\u00eds, e por meio da faculdade Unifadra, eu acredito que podemos melhorar muito essa entrega para nossa comunidade&#8221;, disse B\u00e1rbara.<\/span><\/p>\n<p><span style=\"font-size: large;\">&#8220;Essa foi uma primeira reuni\u00e3o com a diretoria da faculdade, teremos outras. Estamos esbo\u00e7ando uma parceria para fortalecer o atendimento na sa\u00fade. Estamos sempre em busca de melhorias&#8221;, completou a prefeita.<\/span><\/p>\n<p><span style=\"font-size: large;\">J\u00e1 o diretor executivo da Fundec, Edson Kai, disse que a parceria com os munic\u00edpios da regi\u00e3o na sa\u00fade \u00e9 um dos compromissos do curso de medicina da institui\u00e7\u00e3o de ensino. &#8220;Foi muito boa essa reuni\u00e3o com a prefeita B\u00e1rbara e o deputado Reinaldo Alguz, \u00e9 uma parceria que a Fundec sempre busca. J\u00e1 atuamos em Presidente Venceslau com o programa de est\u00e1gio na Santa Casa, e junto com a prefeita buscamos novas a\u00e7\u00f5es para desenvolver em conjunto na cidade&#8221;, disse Edson.<\/span><\/p>\n<p><span style=\"font-size: large;\">O deputado estadual Reinaldo Alguz, que \u00e9 natural da cidade de Dracena, intermediou a reuni\u00e3o entre a prefeita e os diretores com o objetivo de firmar a parceria. &#8220;Nasce aqui uma expectativa de trabalhar melhor com a sa\u00fade, integrando a prefeitura, os professores e alunos da Unifadra, e ainda a Santa Casa. Estamos saindo de uma pandemia, e existem muitas sequelas na popula\u00e7\u00e3o e essas trocas de ideias far\u00e3o com que a prefeita B\u00e1rbara coloque algo inovador na cidade, podem ter certeza&#8221;, disse Reinaldo Alguz.<\/span><\/p>\n<p><span style=\"font-size: large;\">Participaram tamb\u00e9m do encontro o vice-prefeito Everton Luiz, overeador venceslauense Bruno Dassie (PV), o presidente do Partido Verde em Presidente Venceslau, Gustavo Freire, e o Chefe de Gabinete Andr\u00e9 Barbosa.<\/span><\/p>\n<p><span style=\"font-size: large;\">Al\u00e9m do diretor executivo da Fundec, Edson Kai, estiveram presentes o diretor de Comunica\u00e7\u00e3o, Fernando Nunes, a coordenadora do curso de Medicina da Unifadra, Dra. Marilda Milanez Morgado de Abreu, e o diretor acad\u00eamico da Unifadra, Prof. Dr. Enio Garbelini.<\/span><\/p>\n<p><img loading=\"lazy\" decoding=\"async\" class=\"alignnone size-full wp-image-53764\" src=\"https:\/\/jorgezanoni.com.br\/2019\/wp-content\/uploads\/2021\/09\/pv1.jpeg\" alt=\"\" width=\"1280\" height=\"719\" srcset=\"https:\/\/jorgezanoni.com.br\/2019\/wp-content\/uploads\/2021\/09\/pv1.jpeg 1280w, https:\/\/jorgezanoni.com.br\/2019\/wp-content\/uploads\/2021\/09\/pv1-300x169.jpeg 300w, https:\/\/jorgezanoni.com.br\/2019\/wp-content\/uploads\/2021\/09\/pv1-1024x575.jpeg 1024w, https:\/\/jorgezanoni.com.br\/2019\/wp-content\/uploads\/2021\/09\/pv1-768x431.jpeg 768w, https:\/\/jorgezanoni.com.br\/2019\/wp-content\/uploads\/2021\/09\/pv1-696x391.jpeg 696w, https:\/\/jorgezanoni.com.br\/2019\/wp-content\/uploads\/2021\/09\/pv1-1068x600.jpeg 1068w, https:\/\/jorgezanoni.com.br\/2019\/wp-content\/uploads\/2021\/09\/pv1-748x420.jpeg 748w\" sizes=\"auto, (max-width: 1280px) 100vw, 1280px\" \/><\/p>\n<p><span style=\"font-size: large;\">Fonte: Wagner Bueno\/Portal Bueno (13\/09\/2021)<\/span><\/p>\n","protected":false},"excerpt":{"rendered":"<p>Na \u00faltima sexta-feira (10), a prefeita B\u00e1rbara Vilches (PV) recebeu em seu gabinete os diretores da faculdade Unifadra de Dracena, representantes da Fundec (mantenedora da Unifadra) e o deputado estadual Reinaldo Alguz (PV). Na oportunidade foi discutida uma nova parceria da prefeitura de Presidente Venceslau com o curso de medicina da Unifadra. O objetivo \u00e9 [&hellip;]<\/p>\n","protected":false},"author":1,"featured_media":53763,"comment_status":"closed","ping_status":"open","sticky":false,"template":"","format":"standard","meta":{"footnotes":""},"categories":[110,122],"tags":[],"class_list":["post-53762","post","type-post","status-publish","format-standard","has-post-thumbnail","hentry","category-noticiasdestaque","category-saudeeducacaoeconcurso"],"_links":{"self":[{"href":"https:\/\/jorgezanoni.com.br\/2019\/wp-json\/wp\/v2\/posts\/53762","targetHints":{"allow":["GET"]}}],"collection":[{"href":"https:\/\/jorgezanoni.com.br\/2019\/wp-json\/wp\/v2\/posts"}],"about":[{"href":"https:\/\/jorgezanoni.com.br\/2019\/wp-json\/wp\/v2\/types\/post"}],"author":[{"embeddable":true,"href":"https:\/\/jorgezanoni.com.br\/2019\/wp-json\/wp\/v2\/users\/1"}],"replies":[{"embeddable":true,"href":"https:\/\/jorgezanoni.com.br\/2019\/wp-json\/wp\/v2\/comments?post=53762"}],"version-history":[{"count":0,"href":"https:\/\/jorgezanoni.com.br\/2019\/wp-json\/wp\/v2\/posts\/53762\/revisions"}],"wp:featuredmedia":[{"embeddable":true,"href":"https:\/\/jorgezanoni.com.br\/2019\/wp-json\/wp\/v2\/media\/53763"}],"wp:attachment":[{"href":"https:\/\/jorgezanoni.com.br\/2019\/wp-json\/wp\/v2\/media?parent=53762"}],"wp:term":[{"taxonomy":"category","embeddable":true,"href":"https:\/\/jorgezanoni.com.br\/2019\/wp-json\/wp\/v2\/categories?post=53762"},{"taxonomy":"post_tag","embeddable":true,"href":"https:\/\/jorgezanoni.com.br\/2019\/wp-json\/wp\/v2\/tags?post=53762"}],"curies":[{"name":"wp","href":"https:\/\/api.w.org\/{rel}","templated":true}]}}