{"id":53758,"date":"2021-09-14T23:38:53","date_gmt":"2021-09-14T23:38:53","guid":{"rendered":"https:\/\/jorgezanoni.com.br\/2019\/?p=53758"},"modified":"2021-09-14T23:38:53","modified_gmt":"2021-09-14T23:38:53","slug":"19a-conferencia-regional-da-advocacia-promovida-pela-oab-sp-chega-a-regiao-de-dracena","status":"publish","type":"post","link":"https:\/\/jorgezanoni.com.br\/2019\/19a-conferencia-regional-da-advocacia-promovida-pela-oab-sp-chega-a-regiao-de-dracena\/","title":{"rendered":"19\u00aa Confer\u00eancia Regional da Advocacia, promovida  pela OAB SP, chega \u00e0 regi\u00e3o de Dracena"},"content":{"rendered":"<p class=\"v1MsoNormal\" style=\"text-align: justify;\"><strong><i>Evento ocorre de modo virtual e conta com a participa\u00e7\u00e3o de advogadas e advogados de 11 subse\u00e7\u00f5es.<\/i><\/strong><\/p>\n<p class=\"v1MsoNormal\" style=\"text-align: justify;\">A secional paulista da Ordem dos Advogados do Brasil (OAB SP) promove, na pr\u00f3xima sexta-feira (17), a 19\u00aa Confer\u00eancia Regional da Advocacia na cidade de Dracena. Advogadas e advogados interessados podem participar do evento de forma virtual, por meio de inscri\u00e7\u00f5es na plataforma\u00a0<a href=\"https:\/\/www.sympla.com.br\/19-conferencia-regional-da-advocacia---dracena__1340842\" target=\"_blank\" rel=\"noopener noreferrer\">Sympla<\/a>\u00a0[<a href=\"https:\/\/bit.ly\/3C7Ck3h\" target=\"_blank\" rel=\"noopener noreferrer\">https:\/\/bit.ly\/3C7Ck3h<\/a>].<\/p>\n<p class=\"v1MsoNormal\" style=\"text-align: justify;\">Participam do encontro as 11 subse\u00e7\u00f5es que comp\u00f5em a regi\u00e3o: Dracena, Tup\u00e3, Adamantina, Tupi Paulista, Pacaembu, Junqueir\u00f3polis, Osvaldo Cruz, Pomp\u00e9ia, Luc\u00e9lia, Panorama e Bastos.<\/p>\n<p class=\"v1MsoNormal\" style=\"text-align: justify;\">A programa\u00e7\u00e3o prev\u00ea uma s\u00e9rie de semin\u00e1rios abordando temas como \u00c9tica e Disciplina, Direitos e Prerrogativas, Assist\u00eancia Judici\u00e1ria, Mulher Advogada, Jovem Advocacia, entre outros, com o objetivo de proporcionar a troca de ideias, experi\u00eancias e o di\u00e1logo sobre temas de interesse dos profissionais do Direito, al\u00e9m de apresentar as a\u00e7\u00f5es realizadas pelo Sistema OAB SP\/Caixa de Assist\u00eancia dos Advogados de S\u00e3o Paulo (Caasp) durante os anos de 2020 e 2021.<\/p>\n<p class=\"v1MsoNormal\" style=\"text-align: justify;\">O evento conta com o apoio institucional da OABPrev-SP, da Escola Superior de Advocacia (ESA) da secional, al\u00e9m de patroc\u00ednios da Escola Brasileira de Direito (Ebradi) e Gocil.<\/p>\n<p class=\"v1MsoNormal\" style=\"text-align: justify;\"><b>Programa\u00e7\u00e3o<\/b><\/p>\n<p class=\"v1MsoNormal\" style=\"text-align: justify;\">9h30 \u2013 Credenciamento;<\/p>\n<p class=\"v1MsoNormal\" style=\"text-align: justify;\">10h \u2013 Abertura;<\/p>\n<p class=\"v1MsoNormal\" style=\"text-align: justify;\">10h30 \u2013 Palavra da presidente da subse\u00e7\u00e3o anfitri\u00e3;<\/p>\n<p class=\"v1MsoNormal\" style=\"text-align: justify;\">10h45 \u2013 Palavra do secret\u00e1rio-geral da OAB SP;<\/p>\n<p class=\"v1MsoNormal\" style=\"text-align: justify;\">11h \u2013 Palavra do presidente da Caasp;<\/p>\n<p class=\"v1MsoNormal\" style=\"text-align: justify;\">11h15 \u2013 Palavra do presidente da OAB SP;<\/p>\n<p class=\"v1MsoNormal\" style=\"text-align: justify;\">11h30 \u2013 Semin\u00e1rio sobre a Col\u00f4nia de F\u00e9rias;<\/p>\n<p class=\"v1MsoNormal\" style=\"text-align: justify;\">11h45 \u2013 Semin\u00e1rio de \u00c9tica e Disciplina;<\/p>\n<p class=\"v1MsoNormal\" style=\"text-align: justify;\">12h \u2013 Semin\u00e1rio de Direitos e Prerrogativas;<\/p>\n<p class=\"v1MsoNormal\" style=\"text-align: justify;\">12h15 \u2013 Semin\u00e1rio de Cultura e Eventos;<\/p>\n<p class=\"v1MsoNormal\" style=\"text-align: justify;\">12h30 \u2013 Semin\u00e1rio da Mulher Advogada;<\/p>\n<p class=\"v1MsoNormal\" style=\"text-align: justify;\">12h45 \u2013 Semin\u00e1rio de Assist\u00eancia Judici\u00e1ria;<\/p>\n<p class=\"v1MsoNormal\" style=\"text-align: justify;\">13h \u2013 Semin\u00e1rio da Jovem Advocacia;<\/p>\n<p class=\"v1MsoNormal\" style=\"text-align: justify;\">13h15 \u2013 Semin\u00e1rio da OAB Vai \u00e0 Escola;<\/p>\n<p class=\"v1MsoNormal\" style=\"text-align: justify;\">13h30 \u2013 Semin\u00e1rio da OAB Concilia;<\/p>\n<p class=\"v1MsoNormal\" style=\"text-align: justify;\">13h45 \u2013 Semin\u00e1rio da ESA;<\/p>\n<p class=\"v1MsoNormal\" style=\"text-align: justify;\">14h \u2013 Semin\u00e1rio da OABPrev-SP;<\/p>\n<p class=\"v1MsoNormal\" style=\"text-align: justify;\">14h15 \u2013 Encerramento.<\/p>\n<p><img loading=\"lazy\" decoding=\"async\" class=\"alignnone size-full wp-image-53760\" src=\"https:\/\/jorgezanoni.com.br\/2019\/wp-content\/uploads\/2021\/09\/oab1.jpg\" alt=\"\" width=\"1280\" height=\"853\" srcset=\"https:\/\/jorgezanoni.com.br\/2019\/wp-content\/uploads\/2021\/09\/oab1.jpg 1280w, https:\/\/jorgezanoni.com.br\/2019\/wp-content\/uploads\/2021\/09\/oab1-300x200.jpg 300w, https:\/\/jorgezanoni.com.br\/2019\/wp-content\/uploads\/2021\/09\/oab1-1024x682.jpg 1024w, https:\/\/jorgezanoni.com.br\/2019\/wp-content\/uploads\/2021\/09\/oab1-768x512.jpg 768w, https:\/\/jorgezanoni.com.br\/2019\/wp-content\/uploads\/2021\/09\/oab1-696x464.jpg 696w, https:\/\/jorgezanoni.com.br\/2019\/wp-content\/uploads\/2021\/09\/oab1-1068x712.jpg 1068w, https:\/\/jorgezanoni.com.br\/2019\/wp-content\/uploads\/2021\/09\/oab1-630x420.jpg 630w\" sizes=\"auto, (max-width: 1280px) 100vw, 1280px\" \/><\/p>\n<p style=\"text-align: justify;\">Fonte: Assessoria de Imprensa OAB\/SP.<\/p>\n<p class=\"v1MsoNormal\">\n","protected":false},"excerpt":{"rendered":"<p>Evento ocorre de modo virtual e conta com a participa\u00e7\u00e3o de advogadas e advogados de 11 subse\u00e7\u00f5es. A secional paulista da Ordem dos Advogados do Brasil (OAB SP) promove, na pr\u00f3xima sexta-feira (17), a 19\u00aa Confer\u00eancia Regional da Advocacia na cidade de Dracena. Advogadas e advogados interessados podem participar do evento de forma virtual, por [&hellip;]<\/p>\n","protected":false},"author":1,"featured_media":53759,"comment_status":"closed","ping_status":"open","sticky":false,"template":"","format":"standard","meta":{"footnotes":""},"categories":[120,110],"tags":[],"class_list":["post-53758","post","type-post","status-publish","format-standard","has-post-thumbnail","hentry","category-justicahabitacaotecnologia","category-noticiasdestaque"],"_links":{"self":[{"href":"https:\/\/jorgezanoni.com.br\/2019\/wp-json\/wp\/v2\/posts\/53758","targetHints":{"allow":["GET"]}}],"collection":[{"href":"https:\/\/jorgezanoni.com.br\/2019\/wp-json\/wp\/v2\/posts"}],"about":[{"href":"https:\/\/jorgezanoni.com.br\/2019\/wp-json\/wp\/v2\/types\/post"}],"author":[{"embeddable":true,"href":"https:\/\/jorgezanoni.com.br\/2019\/wp-json\/wp\/v2\/users\/1"}],"replies":[{"embeddable":true,"href":"https:\/\/jorgezanoni.com.br\/2019\/wp-json\/wp\/v2\/comments?post=53758"}],"version-history":[{"count":0,"href":"https:\/\/jorgezanoni.com.br\/2019\/wp-json\/wp\/v2\/posts\/53758\/revisions"}],"wp:featuredmedia":[{"embeddable":true,"href":"https:\/\/jorgezanoni.com.br\/2019\/wp-json\/wp\/v2\/media\/53759"}],"wp:attachment":[{"href":"https:\/\/jorgezanoni.com.br\/2019\/wp-json\/wp\/v2\/media?parent=53758"}],"wp:term":[{"taxonomy":"category","embeddable":true,"href":"https:\/\/jorgezanoni.com.br\/2019\/wp-json\/wp\/v2\/categories?post=53758"},{"taxonomy":"post_tag","embeddable":true,"href":"https:\/\/jorgezanoni.com.br\/2019\/wp-json\/wp\/v2\/tags?post=53758"}],"curies":[{"name":"wp","href":"https:\/\/api.w.org\/{rel}","templated":true}]}}