{"id":53755,"date":"2021-09-14T16:07:46","date_gmt":"2021-09-14T16:07:46","guid":{"rendered":"https:\/\/jorgezanoni.com.br\/2019\/?p=53755"},"modified":"2021-09-14T16:07:46","modified_gmt":"2021-09-14T16:07:46","slug":"policia-militar-prende-autor-de-roubo-em-5-minutos-apos-o-crime-e-recupera-produto-em-dracena","status":"publish","type":"post","link":"https:\/\/jorgezanoni.com.br\/2019\/policia-militar-prende-autor-de-roubo-em-5-minutos-apos-o-crime-e-recupera-produto-em-dracena\/","title":{"rendered":"Policia Militar prende autor de roubo em 5 minutos ap\u00f3s o crime e recupera produto, em Dracena"},"content":{"rendered":"<p style=\"text-align: justify;\">A\u00c7\u00c3O R\u00c1PIDA: POL\u00cdCIA MILITAR EM DRACENA PRENDE AUTOR DE ROUBO EM 5 MINUTOS AP\u00d3S O CRIME, RECUPERANDO OBJETO ROUBADO.<\/p>\n<p style=\"text-align: justify;\">Na data de ontem (13) por volta das 16h30min ap\u00f3s irradiado via COPOM ocorr\u00eancia inicial de pessoa em atitude duspeita pela Rua Mal Deodoro da Fonseca, Dracena\/SP; ao chegar no local foi confirmado um roubo que acabara de ocorrer.<br \/>\nNo local uma v\u00edtima ( transeunte feminino de 16 anos) sendo subtraido o seu celular IPhone, que fazia uso no momento do ato. O autor 30 anos, natural de Dracena , aproveitando da distra\u00e7\u00e3o da v\u00edtima, empurrou a contra um muro e mediante for\u00e7a tomou lhe o celular, correndo sentido a Av. Pres. Vargas.<br \/>\nRapidamente deu inicio as buscas no intento de localizar o indiciado e em patrulhamento pelas imedia\u00e7\u00f5es com o aux\u00edlio de populares que apontavam por onde o indiciado havia passado, informando suas caracter\u00edsticas. Sendo logrado \u00eaxito em det\u00ea lo homiziado no quintal de uma resid\u00eancia a aproximadante 500 metros a frente.<br \/>\nDurante a fuga o autor jogou o celular, que foi entregue a equipe policial por populares.<br \/>\nO indiciado possu\u00eda v\u00e1rios antecedentes criminais art 155 e 157 do CP.<br \/>\nFoi dado voz de pris\u00e3o em flagrante por roubo, permanecendo preso \u00e0 disposi\u00e7\u00e3o da Justi\u00e7a.<\/p>\n<p style=\"text-align: justify;\">Fonte: Com. Social Pol\u00edcia Militar\n<\/p>\n<p>&nbsp;<\/p>\n","protected":false},"excerpt":{"rendered":"<p>A\u00c7\u00c3O R\u00c1PIDA: POL\u00cdCIA MILITAR EM DRACENA PRENDE AUTOR DE ROUBO EM 5 MINUTOS AP\u00d3S O CRIME, RECUPERANDO OBJETO ROUBADO. Na data de ontem (13) por volta das 16h30min ap\u00f3s irradiado via COPOM ocorr\u00eancia inicial de pessoa em atitude duspeita pela Rua Mal Deodoro da Fonseca, Dracena\/SP; ao chegar no local foi confirmado um roubo que [&hellip;]<\/p>\n","protected":false},"author":1,"featured_media":53756,"comment_status":"closed","ping_status":"open","sticky":false,"template":"","format":"standard","meta":{"footnotes":""},"categories":[110,2],"tags":[],"class_list":["post-53755","post","type-post","status-publish","format-standard","has-post-thumbnail","hentry","category-noticiasdestaque","category-policial"],"_links":{"self":[{"href":"https:\/\/jorgezanoni.com.br\/2019\/wp-json\/wp\/v2\/posts\/53755","targetHints":{"allow":["GET"]}}],"collection":[{"href":"https:\/\/jorgezanoni.com.br\/2019\/wp-json\/wp\/v2\/posts"}],"about":[{"href":"https:\/\/jorgezanoni.com.br\/2019\/wp-json\/wp\/v2\/types\/post"}],"author":[{"embeddable":true,"href":"https:\/\/jorgezanoni.com.br\/2019\/wp-json\/wp\/v2\/users\/1"}],"replies":[{"embeddable":true,"href":"https:\/\/jorgezanoni.com.br\/2019\/wp-json\/wp\/v2\/comments?post=53755"}],"version-history":[{"count":0,"href":"https:\/\/jorgezanoni.com.br\/2019\/wp-json\/wp\/v2\/posts\/53755\/revisions"}],"wp:featuredmedia":[{"embeddable":true,"href":"https:\/\/jorgezanoni.com.br\/2019\/wp-json\/wp\/v2\/media\/53756"}],"wp:attachment":[{"href":"https:\/\/jorgezanoni.com.br\/2019\/wp-json\/wp\/v2\/media?parent=53755"}],"wp:term":[{"taxonomy":"category","embeddable":true,"href":"https:\/\/jorgezanoni.com.br\/2019\/wp-json\/wp\/v2\/categories?post=53755"},{"taxonomy":"post_tag","embeddable":true,"href":"https:\/\/jorgezanoni.com.br\/2019\/wp-json\/wp\/v2\/tags?post=53755"}],"curies":[{"name":"wp","href":"https:\/\/api.w.org\/{rel}","templated":true}]}}