{"id":53752,"date":"2021-09-14T13:24:00","date_gmt":"2021-09-14T13:24:00","guid":{"rendered":"https:\/\/jorgezanoni.com.br\/2019\/?p=53752"},"modified":"2021-09-14T13:24:00","modified_gmt":"2021-09-14T13:24:00","slug":"aviao-cai-em-area-de-mata-e-quatro-pessoas-morrem-em-piracicaba","status":"publish","type":"post","link":"https:\/\/jorgezanoni.com.br\/2019\/aviao-cai-em-area-de-mata-e-quatro-pessoas-morrem-em-piracicaba\/","title":{"rendered":"Avi\u00e3o cai em \u00e1rea de mata e quatro pessoas morrem em Piracicaba"},"content":{"rendered":"<h2 class=\"content-head__subtitle\" style=\"text-align: justify;\"><strong>Queda foi em uma \u00e1rea verde pr\u00f3ximo \u00e0 Faculdade de Tecnologia do Estado de S\u00e3o Paulo (Fatec), no bairro Santa Rosa.<\/strong><\/h2>\n<div class=\"mc-column content-text active-extra-styles \" style=\"text-align: justify;\" data-block-type=\"unstyled\" data-block-weight=\"29\" data-block-id=\"2\">\n<p class=\"content-text__container \" data-track-category=\"Link no Texto\" data-track-links=\"\">Um avi\u00e3o caiu em Piracicaba (SP) na manh\u00e3 desta ter\u00e7a-feira (14). Segundo as primeiras informa\u00e7\u00f5es da Pol\u00edcia Militar, ao menos quatro pessoas estavam na aeronave e morreram no local.<\/p>\n<\/div>\n<div class=\"wall protected-content\">\n<div class=\"mc-column content-text active-extra-styles \" data-block-type=\"unstyled\" data-block-weight=\"43\" data-block-id=\"3\">\n<p class=\"content-text__container \" style=\"text-align: justify;\" data-track-category=\"Link no Texto\" data-track-links=\"\">Segundo o Corpo de Bombeiros, o avi\u00e3o caiu em uma \u00e1rea verde por volta de 9h pr\u00f3ximo \u00e0 Faculdade de Tecnologia do Estado de S\u00e3o Paulo (Fatec), no bairro Santa Rosa. A aeronave atingiu alguns eucaliptos durante a queda e explodiu em seguida.<\/p>\n<p style=\"text-align: justify;\" data-track-category=\"Link no Texto\" data-track-links=\"\">Com a queda da aeronave, teve in\u00edcio um inc\u00eandio na mata ao lado da Fatec e os bombeiros tentam controlar as chamas. Equipes policiais e o Corpo de Bombeiros est\u00e3o no local e a \u00e1rea foi isolada.<\/p>\n<p style=\"text-align: justify;\" data-track-category=\"Link no Texto\" data-track-links=\"\">Fonte: https:\/\/g1.globo.com\/sp\/piracicaba-regiao\/noticia\/2021\/09\/14\/aviao-cai-em-area-de-mata-em-piracicaba.ghtml<\/p>\n<\/div>\n<\/div>\n","protected":false},"excerpt":{"rendered":"<p>Queda foi em uma \u00e1rea verde pr\u00f3ximo \u00e0 Faculdade de Tecnologia do Estado de S\u00e3o Paulo (Fatec), no bairro Santa Rosa. Um avi\u00e3o caiu em Piracicaba (SP) na manh\u00e3 desta ter\u00e7a-feira (14). Segundo as primeiras informa\u00e7\u00f5es da Pol\u00edcia Militar, ao menos quatro pessoas estavam na aeronave e morreram no local. Segundo o Corpo de Bombeiros, [&hellip;]<\/p>\n","protected":false},"author":1,"featured_media":53753,"comment_status":"closed","ping_status":"open","sticky":false,"template":"","format":"standard","meta":{"footnotes":""},"categories":[170,110],"tags":[],"class_list":["post-53752","post","type-post","status-publish","format-standard","has-post-thumbnail","hentry","category-acidentes","category-noticiasdestaque"],"_links":{"self":[{"href":"https:\/\/jorgezanoni.com.br\/2019\/wp-json\/wp\/v2\/posts\/53752","targetHints":{"allow":["GET"]}}],"collection":[{"href":"https:\/\/jorgezanoni.com.br\/2019\/wp-json\/wp\/v2\/posts"}],"about":[{"href":"https:\/\/jorgezanoni.com.br\/2019\/wp-json\/wp\/v2\/types\/post"}],"author":[{"embeddable":true,"href":"https:\/\/jorgezanoni.com.br\/2019\/wp-json\/wp\/v2\/users\/1"}],"replies":[{"embeddable":true,"href":"https:\/\/jorgezanoni.com.br\/2019\/wp-json\/wp\/v2\/comments?post=53752"}],"version-history":[{"count":0,"href":"https:\/\/jorgezanoni.com.br\/2019\/wp-json\/wp\/v2\/posts\/53752\/revisions"}],"wp:featuredmedia":[{"embeddable":true,"href":"https:\/\/jorgezanoni.com.br\/2019\/wp-json\/wp\/v2\/media\/53753"}],"wp:attachment":[{"href":"https:\/\/jorgezanoni.com.br\/2019\/wp-json\/wp\/v2\/media?parent=53752"}],"wp:term":[{"taxonomy":"category","embeddable":true,"href":"https:\/\/jorgezanoni.com.br\/2019\/wp-json\/wp\/v2\/categories?post=53752"},{"taxonomy":"post_tag","embeddable":true,"href":"https:\/\/jorgezanoni.com.br\/2019\/wp-json\/wp\/v2\/tags?post=53752"}],"curies":[{"name":"wp","href":"https:\/\/api.w.org\/{rel}","templated":true}]}}